{"id":11436,"date":"2025-01-06T15:13:30","date_gmt":"2025-01-06T14:13:30","guid":{"rendered":"https:\/\/gadmuisne.gob.ec\/web\/?p=11436"},"modified":"2025-01-06T18:57:53","modified_gmt":"2025-01-06T17:57:53","slug":"en-este-dia-de-reyes-tomemos-un-momento-para-elevar-en-oracion-y-agradecer-por-lo-que-tenemos","status":"publish","type":"post","link":"https:\/\/gadmuisne.gob.ec\/web\/en-este-dia-de-reyes-tomemos-un-momento-para-elevar-en-oracion-y-agradecer-por-lo-que-tenemos\/","title":{"rendered":"En este D\u00eda de Reyes, tomemos un momento para elevar en oraci\u00f3n y agradecer por lo que tenemos"},"content":{"rendered":"<p style=\"text-align: justify;\">En este D\u00eda de Reyes, tomemos un momento para elevar en oraci\u00f3n y agradecer por lo que tenemos, por permitirnos compartir con quienes amamos y que la uni\u00f3n familiar nos recuerde lo importante de celebrar juntos. \u00a1Feliz D\u00eda de Reyes!<\/p>\n<p><img loading=\"lazy\" decoding=\"async\" class=\"alignnone size-medium wp-image-11437\" src=\"https:\/\/gadmuisne.gob.ec\/web\/wp-content\/uploads\/2025\/01\/472456544_17923639974008906_1757941368820226116_n-300x300.jpg\" alt=\"\" width=\"300\" height=\"300\" srcset=\"https:\/\/gadmuisne.gob.ec\/web\/wp-content\/uploads\/2025\/01\/472456544_17923639974008906_1757941368820226116_n-300x300.jpg 300w, https:\/\/gadmuisne.gob.ec\/web\/wp-content\/uploads\/2025\/01\/472456544_17923639974008906_1757941368820226116_n-1024x1024.jpg 1024w, https:\/\/gadmuisne.gob.ec\/web\/wp-content\/uploads\/2025\/01\/472456544_17923639974008906_1757941368820226116_n-150x150.jpg 150w, https:\/\/gadmuisne.gob.ec\/web\/wp-content\/uploads\/2025\/01\/472456544_17923639974008906_1757941368820226116_n-768x768.jpg 768w, https:\/\/gadmuisne.gob.ec\/web\/wp-content\/uploads\/2025\/01\/472456544_17923639974008906_1757941368820226116_n-70x70.jpg 70w, https:\/\/gadmuisne.gob.ec\/web\/wp-content\/uploads\/2025\/01\/472456544_17923639974008906_1757941368820226116_n-270x270.jpg 270w, https:\/\/gadmuisne.gob.ec\/web\/wp-content\/uploads\/2025\/01\/472456544_17923639974008906_1757941368820226116_n-370x370.jpg 370w, https:\/\/gadmuisne.gob.ec\/web\/wp-content\/uploads\/2025\/01\/472456544_17923639974008906_1757941368820226116_n-570x570.jpg 570w, https:\/\/gadmuisne.gob.ec\/web\/wp-content\/uploads\/2025\/01\/472456544_17923639974008906_1757941368820226116_n-770x770.jpg 770w, https:\/\/gadmuisne.gob.ec\/web\/wp-content\/uploads\/2025\/01\/472456544_17923639974008906_1757941368820226116_n-870x870.jpg 870w, https:\/\/gadmuisne.gob.ec\/web\/wp-content\/uploads\/2025\/01\/472456544_17923639974008906_1757941368820226116_n-1170x1170.jpg 1170w, https:\/\/gadmuisne.gob.ec\/web\/wp-content\/uploads\/2025\/01\/472456544_17923639974008906_1757941368820226116_n.jpg 1440w\" sizes=\"auto, (max-width: 300px) 100vw, 300px\" \/><\/p>\n","protected":false},"excerpt":{"rendered":"<p>En este D\u00eda de Reyes, tomemos un momento para elevar en oraci\u00f3n y agradecer por lo que tenemos, por permitirnos compartir con quienes amamos y que la uni\u00f3n familiar nos recuerde lo importante de celebrar juntos. \u00a1Feliz D\u00eda de Reyes!<\/p>\n","protected":false},"author":4,"featured_media":11437,"comment_status":"closed","ping_status":"open","sticky":false,"template":"","format":"standard","meta":{"footnotes":""},"categories":[35],"tags":[],"class_list":["post-11436","post","type-post","status-publish","format-standard","has-post-thumbnail","hentry","category-actividades"],"_links":{"self":[{"href":"https:\/\/gadmuisne.gob.ec\/web\/wp-json\/wp\/v2\/posts\/11436","targetHints":{"allow":["GET"]}}],"collection":[{"href":"https:\/\/gadmuisne.gob.ec\/web\/wp-json\/wp\/v2\/posts"}],"about":[{"href":"https:\/\/gadmuisne.gob.ec\/web\/wp-json\/wp\/v2\/types\/post"}],"author":[{"embeddable":true,"href":"https:\/\/gadmuisne.gob.ec\/web\/wp-json\/wp\/v2\/users\/4"}],"replies":[{"embeddable":true,"href":"https:\/\/gadmuisne.gob.ec\/web\/wp-json\/wp\/v2\/comments?post=11436"}],"version-history":[{"count":1,"href":"https:\/\/gadmuisne.gob.ec\/web\/wp-json\/wp\/v2\/posts\/11436\/revisions"}],"predecessor-version":[{"id":11438,"href":"https:\/\/gadmuisne.gob.ec\/web\/wp-json\/wp\/v2\/posts\/11436\/revisions\/11438"}],"wp:featuredmedia":[{"embeddable":true,"href":"https:\/\/gadmuisne.gob.ec\/web\/wp-json\/wp\/v2\/media\/11437"}],"wp:attachment":[{"href":"https:\/\/gadmuisne.gob.ec\/web\/wp-json\/wp\/v2\/media?parent=11436"}],"wp:term":[{"taxonomy":"category","embeddable":true,"href":"https:\/\/gadmuisne.gob.ec\/web\/wp-json\/wp\/v2\/categories?post=11436"},{"taxonomy":"post_tag","embeddable":true,"href":"https:\/\/gadmuisne.gob.ec\/web\/wp-json\/wp\/v2\/tags?post=11436"}],"curies":[{"name":"wp","href":"https:\/\/api.w.org\/{rel}","templated":true}]}}