{"id":11535,"date":"2025-01-08T14:39:58","date_gmt":"2025-01-08T13:39:58","guid":{"rendered":"https:\/\/gadmuisne.gob.ec\/web\/?p=11535"},"modified":"2025-01-08T14:39:58","modified_gmt":"2025-01-08T13:39:58","slug":"alcaldesa-se-reune-con-el-gerente-de-cnel-ep-esmeraldas","status":"publish","type":"post","link":"https:\/\/gadmuisne.gob.ec\/web\/alcaldesa-se-reune-con-el-gerente-de-cnel-ep-esmeraldas\/","title":{"rendered":"Alcaldesa se re\u00fane con el gerente de CNEL EP Esmeraldas."},"content":{"rendered":"<div class=\"xdj266r x11i5rnm xat24cr x1mh8g0r x1vvkbs x126k92a\">\n<div dir=\"auto\" style=\"text-align: justify;\">Alcaldesa se re\u00fane con el gerente de CNEL EP Esmeraldas.<\/div>\n<\/div>\n<div class=\"x11i5rnm xat24cr x1mh8g0r x1vvkbs xtlvy1s x126k92a\" style=\"text-align: justify;\">\n<div dir=\"auto\">Yuri Colorado M\u00e1rquez, alcaldesa del cant\u00f3n Muisne y presidenta de la Regional 1 de AME, junto a la prefecta de Esmeraldas Roberta Zambrano y los Alcaldes de los cantones Atacames y Eloy Alfaro, se reuni\u00f3 con los representantes de CNEL EP en la provincia de Esmeraldas.<img loading=\"lazy\" decoding=\"async\" class=\"alignnone size-medium wp-image-11536\" src=\"https:\/\/gadmuisne.gob.ec\/web\/wp-content\/uploads\/2025\/01\/472835370_17923800630008906_2507239133197303574_n-300x201.jpg\" alt=\"\" width=\"300\" height=\"201\" srcset=\"https:\/\/gadmuisne.gob.ec\/web\/wp-content\/uploads\/2025\/01\/472835370_17923800630008906_2507239133197303574_n-300x201.jpg 300w, https:\/\/gadmuisne.gob.ec\/web\/wp-content\/uploads\/2025\/01\/472835370_17923800630008906_2507239133197303574_n-1024x686.jpg 1024w, https:\/\/gadmuisne.gob.ec\/web\/wp-content\/uploads\/2025\/01\/472835370_17923800630008906_2507239133197303574_n-768x514.jpg 768w, https:\/\/gadmuisne.gob.ec\/web\/wp-content\/uploads\/2025\/01\/472835370_17923800630008906_2507239133197303574_n-270x181.jpg 270w, https:\/\/gadmuisne.gob.ec\/web\/wp-content\/uploads\/2025\/01\/472835370_17923800630008906_2507239133197303574_n-370x248.jpg 370w, https:\/\/gadmuisne.gob.ec\/web\/wp-content\/uploads\/2025\/01\/472835370_17923800630008906_2507239133197303574_n-570x382.jpg 570w, https:\/\/gadmuisne.gob.ec\/web\/wp-content\/uploads\/2025\/01\/472835370_17923800630008906_2507239133197303574_n-770x516.jpg 770w, https:\/\/gadmuisne.gob.ec\/web\/wp-content\/uploads\/2025\/01\/472835370_17923800630008906_2507239133197303574_n-870x582.jpg 870w, https:\/\/gadmuisne.gob.ec\/web\/wp-content\/uploads\/2025\/01\/472835370_17923800630008906_2507239133197303574_n-1170x783.jpg 1170w, https:\/\/gadmuisne.gob.ec\/web\/wp-content\/uploads\/2025\/01\/472835370_17923800630008906_2507239133197303574_n.jpg 1280w\" sizes=\"auto, (max-width: 300px) 100vw, 300px\" \/><\/div>\n<div dir=\"auto\"><\/div>\n<\/div>\n<div class=\"x11i5rnm xat24cr x1mh8g0r x1vvkbs xtlvy1s x126k92a\" style=\"text-align: justify;\">\n<div dir=\"auto\">La reuni\u00f3n de las autoridades ten\u00eda por objetivo coordinar trabajos relacionados al sistema de electrificaci\u00f3n en los territorios de cada cant\u00f3n.<\/div>\n<\/div>\n<div class=\"x11i5rnm xat24cr x1mh8g0r x1vvkbs xtlvy1s x126k92a\" style=\"text-align: justify;\">\n<div dir=\"auto\">Lo que se busca, es atender a las parroquias que han solicitado el servicio de alumbrado pueblo. Dicho servicio, a pesar de no ser una competencia directa de los municipios, se coordina con las instituciones del gobierno central y as\u00ed poder atender a la mayor\u00eda del territorio.<\/div>\n<\/div>\n<div class=\"x11i5rnm xat24cr x1mh8g0r x1vvkbs xtlvy1s x126k92a\" style=\"text-align: justify;\">\n<div dir=\"auto\"><span class=\"html-span xdj266r x11i5rnm xat24cr x1mh8g0r xexx8yu x4uap5 x18d9i69 xkhd6sd x1hl2dhg x16tdsg8 x1vvkbs\"><a class=\"x1i10hfl xjbqb8w x1ejq31n xd10rxx x1sy0etr x17r0tee x972fbf xcfux6l x1qhh985 xm0m39n x9f619 x1ypdohk xt0psk2 xe8uvvx xdj266r x11i5rnm xat24cr x1mh8g0r xexx8yu x4uap5 x18d9i69 xkhd6sd x16tdsg8 x1hl2dhg xggy1nq x1a2a7pz x1sur9pj xkrqix3 x1fey0fg x1s688f\" tabindex=\"0\" role=\"link\" href=\"https:\/\/www.facebook.com\/hashtag\/alcaldiademuisne?__eep__=6&amp;__cft__[0]=AZVM252s0OYUaNn7ZUW7Q3U58ijCX57uwvuMFdOrmwtumzE4UPzFDO4f0DZrmWG2bUnR9R3eXRsmZ16Hih8dCDvKHP_pKTmvyA-CvaXEGIE5vdNJqsTbKmYQh7axOD7BJTDlOUnf8Dxz-oGKPqJciIQ4TU51Jzby_8gxZ4yZBMuyKc5m6HpYCp4x7wFHGXotq8c&amp;__tn__=*NK-R\">#alcaldiademuisne<\/a><\/span><\/div>\n<div dir=\"auto\"><span class=\"html-span xdj266r x11i5rnm xat24cr x1mh8g0r xexx8yu x4uap5 x18d9i69 xkhd6sd x1hl2dhg x16tdsg8 x1vvkbs\"><a class=\"x1i10hfl xjbqb8w x1ejq31n xd10rxx x1sy0etr x17r0tee x972fbf xcfux6l x1qhh985 xm0m39n x9f619 x1ypdohk xt0psk2 xe8uvvx xdj266r x11i5rnm xat24cr x1mh8g0r xexx8yu x4uap5 x18d9i69 xkhd6sd x16tdsg8 x1hl2dhg xggy1nq x1a2a7pz x1sur9pj xkrqix3 x1fey0fg x1s688f\" tabindex=\"0\" role=\"link\" href=\"https:\/\/www.facebook.com\/hashtag\/juntosestamoslevantandomuisne?__eep__=6&amp;__cft__[0]=AZVM252s0OYUaNn7ZUW7Q3U58ijCX57uwvuMFdOrmwtumzE4UPzFDO4f0DZrmWG2bUnR9R3eXRsmZ16Hih8dCDvKHP_pKTmvyA-CvaXEGIE5vdNJqsTbKmYQh7axOD7BJTDlOUnf8Dxz-oGKPqJciIQ4TU51Jzby_8gxZ4yZBMuyKc5m6HpYCp4x7wFHGXotq8c&amp;__tn__=*NK-R\">#juntosestamoslevantandomuisne<\/a><\/span><\/div>\n<\/div>\n<div class=\"x11i5rnm xat24cr x1mh8g0r x1vvkbs xtlvy1s x126k92a\">\n<div dir=\"auto\" style=\"text-align: justify;\"><span class=\"html-span xdj266r x11i5rnm xat24cr x1mh8g0r xexx8yu x4uap5 x18d9i69 xkhd6sd x1hl2dhg x16tdsg8 x1vvkbs\"><a class=\"x1i10hfl xjbqb8w x1ejq31n xd10rxx x1sy0etr x17r0tee x972fbf xcfux6l x1qhh985 xm0m39n x9f619 x1ypdohk xt0psk2 xe8uvvx xdj266r x11i5rnm xat24cr x1mh8g0r xexx8yu x4uap5 x18d9i69 xkhd6sd x16tdsg8 x1hl2dhg xggy1nq x1a2a7pz x1sur9pj xkrqix3 x1fey0fg x1s688f\" tabindex=\"0\" role=\"link\" href=\"https:\/\/www.facebook.com\/hashtag\/alcaldiademuisne?__eep__=6&amp;__cft__[0]=AZVM252s0OYUaNn7ZUW7Q3U58ijCX57uwvuMFdOrmwtumzE4UPzFDO4f0DZrmWG2bUnR9R3eXRsmZ16Hih8dCDvKHP_pKTmvyA-CvaXEGIE5vdNJqsTbKmYQh7axOD7BJTDlOUnf8Dxz-oGKPqJciIQ4TU51Jzby_8gxZ4yZBMuyKc5m6HpYCp4x7wFHGXotq8c&amp;__tn__=*NK-R\">#alcaldiademuisne<\/a><\/span><\/div>\n<div dir=\"auto\" style=\"text-align: justify;\"><span class=\"html-span xdj266r x11i5rnm xat24cr x1mh8g0r xexx8yu x4uap5 x18d9i69 xkhd6sd x1hl2dhg x16tdsg8 x1vvkbs\"><a class=\"x1i10hfl xjbqb8w x1ejq31n xd10rxx x1sy0etr x17r0tee x972fbf xcfux6l x1qhh985 xm0m39n x9f619 x1ypdohk xt0psk2 xe8uvvx xdj266r x11i5rnm xat24cr x1mh8g0r xexx8yu x4uap5 x18d9i69 xkhd6sd x16tdsg8 x1hl2dhg xggy1nq x1a2a7pz x1sur9pj xkrqix3 x1fey0fg x1s688f\" tabindex=\"0\" role=\"link\" href=\"https:\/\/www.facebook.com\/hashtag\/juntosestamoslevantandomuisne?__eep__=6&amp;__cft__[0]=AZVM252s0OYUaNn7ZUW7Q3U58ijCX57uwvuMFdOrmwtumzE4UPzFDO4f0DZrmWG2bUnR9R3eXRsmZ16Hih8dCDvKHP_pKTmvyA-CvaXEGIE5vdNJqsTbKmYQh7axOD7BJTDlOUnf8Dxz-oGKPqJciIQ4TU51Jzby_8gxZ4yZBMuyKc5m6HpYCp4x7wFHGXotq8c&amp;__tn__=*NK-R\">#juntosestamoslevantandomuisne<\/a><\/span><\/div>\n<\/div>\n","protected":false},"excerpt":{"rendered":"<p>Alcaldesa se re\u00fane con el gerente de CNEL EP Esmeraldas. Yuri Colorado M\u00e1rquez, alcaldesa del cant\u00f3n Muisne y presidenta de la Regional 1 de AME, junto a la prefecta de Esmeraldas Roberta Zambrano y los Alcaldes de los cantones Atacames y Eloy Alfaro, se reuni\u00f3 con los representantes de CNEL&#8230;<\/p>\n","protected":false},"author":4,"featured_media":11536,"comment_status":"closed","ping_status":"open","sticky":false,"template":"","format":"standard","meta":{"footnotes":""},"categories":[35],"tags":[],"class_list":["post-11535","post","type-post","status-publish","format-standard","has-post-thumbnail","hentry","category-actividades"],"_links":{"self":[{"href":"https:\/\/gadmuisne.gob.ec\/web\/wp-json\/wp\/v2\/posts\/11535","targetHints":{"allow":["GET"]}}],"collection":[{"href":"https:\/\/gadmuisne.gob.ec\/web\/wp-json\/wp\/v2\/posts"}],"about":[{"href":"https:\/\/gadmuisne.gob.ec\/web\/wp-json\/wp\/v2\/types\/post"}],"author":[{"embeddable":true,"href":"https:\/\/gadmuisne.gob.ec\/web\/wp-json\/wp\/v2\/users\/4"}],"replies":[{"embeddable":true,"href":"https:\/\/gadmuisne.gob.ec\/web\/wp-json\/wp\/v2\/comments?post=11535"}],"version-history":[{"count":1,"href":"https:\/\/gadmuisne.gob.ec\/web\/wp-json\/wp\/v2\/posts\/11535\/revisions"}],"predecessor-version":[{"id":11537,"href":"https:\/\/gadmuisne.gob.ec\/web\/wp-json\/wp\/v2\/posts\/11535\/revisions\/11537"}],"wp:featuredmedia":[{"embeddable":true,"href":"https:\/\/gadmuisne.gob.ec\/web\/wp-json\/wp\/v2\/media\/11536"}],"wp:attachment":[{"href":"https:\/\/gadmuisne.gob.ec\/web\/wp-json\/wp\/v2\/media?parent=11535"}],"wp:term":[{"taxonomy":"category","embeddable":true,"href":"https:\/\/gadmuisne.gob.ec\/web\/wp-json\/wp\/v2\/categories?post=11535"},{"taxonomy":"post_tag","embeddable":true,"href":"https:\/\/gadmuisne.gob.ec\/web\/wp-json\/wp\/v2\/tags?post=11535"}],"curies":[{"name":"wp","href":"https:\/\/api.w.org\/{rel}","templated":true}]}}