{"id":11653,"date":"2025-01-16T21:21:12","date_gmt":"2025-01-16T20:21:12","guid":{"rendered":"https:\/\/gadmuisne.gob.ec\/web\/?p=11653"},"modified":"2025-01-16T21:21:12","modified_gmt":"2025-01-16T20:21:12","slug":"yuri-colorado-alcaldesa-de-muisne-mantiene-una-agenda-en-diferentes-instituciones-del-estado-para-dar-seguimiento-a-los-proyectos-presentados-para-el-progreso-del-canton","status":"publish","type":"post","link":"https:\/\/gadmuisne.gob.ec\/web\/yuri-colorado-alcaldesa-de-muisne-mantiene-una-agenda-en-diferentes-instituciones-del-estado-para-dar-seguimiento-a-los-proyectos-presentados-para-el-progreso-del-canton\/","title":{"rendered":"Yuri Colorado, alcaldesa de Muisne, mantiene una agenda en diferentes instituciones del estado, para dar seguimiento a los proyectos presentados para el progreso del cant\u00f3n."},"content":{"rendered":"<div class=\"xdj266r x11i5rnm xat24cr x1mh8g0r x1vvkbs x126k92a\">\n<div dir=\"auto\" style=\"text-align: justify;\">\u00a1Sin descanso!<\/div>\n<\/div>\n<div class=\"x11i5rnm xat24cr x1mh8g0r x1vvkbs xtlvy1s x126k92a\" style=\"text-align: justify;\">\n<div dir=\"auto\">Yuri Colorado, alcaldesa de Muisne, mantiene una agenda en diferentes instituciones del estado, para dar seguimiento a los proyectos presentados para el progreso del cant\u00f3n.<\/div>\n<div dir=\"auto\"><\/div>\n<\/div>\n<div class=\"x11i5rnm xat24cr x1mh8g0r x1vvkbs xtlvy1s x126k92a\" style=\"text-align: justify;\">\n<div dir=\"auto\">Dentro de la agenda, mantuvo reuni\u00f3n con Juan Carlos Vega Malo, Ministro de Econom\u00eda y Finanzas, quien mostr\u00f3 su apoyo incondicional al cant\u00f3n.<\/div>\n<\/div>\n<div class=\"x11i5rnm xat24cr x1mh8g0r x1vvkbs xtlvy1s x126k92a\">\n<div dir=\"auto\" style=\"text-align: justify;\"><span class=\"html-span xdj266r x11i5rnm xat24cr x1mh8g0r xexx8yu x4uap5 x18d9i69 xkhd6sd x1hl2dhg x16tdsg8 x1vvkbs\"><a class=\"x1i10hfl xjbqb8w x1ejq31n xd10rxx x1sy0etr x17r0tee x972fbf xcfux6l x1qhh985 xm0m39n x9f619 x1ypdohk xt0psk2 xe8uvvx xdj266r x11i5rnm xat24cr x1mh8g0r xexx8yu x4uap5 x18d9i69 xkhd6sd x16tdsg8 x1hl2dhg xggy1nq x1a2a7pz x1sur9pj xkrqix3 x1fey0fg x1s688f\" tabindex=\"0\" role=\"link\" href=\"https:\/\/www.facebook.com\/hashtag\/alcaldiademuisne?__eep__=6&amp;__cft__[0]=AZX_25qNGKky75PYTYmkOz5cf0YcozqwSE06GGUlq8tOTZhNt3bbUSlefacP1h7XxoiGZBEb1syCXWJWBjFT28PweA4Nr4Zq9vLEHoCGm7bvEkm97_-F4MJjnT44rip-C8C0_pWr1pM-lZetps4EOwGLNzVD0O1frnK7PCeKS75XnT9VmhbF7XdBKuI4VFH9Quw&amp;__tn__=*NK-R\">#AlcaldiaDeMuisne<\/a><\/span><\/div>\n<div dir=\"auto\" style=\"text-align: justify;\"><span class=\"html-span xdj266r x11i5rnm xat24cr x1mh8g0r xexx8yu x4uap5 x18d9i69 xkhd6sd x1hl2dhg x16tdsg8 x1vvkbs\"><a class=\"x1i10hfl xjbqb8w x1ejq31n xd10rxx x1sy0etr x17r0tee x972fbf xcfux6l x1qhh985 xm0m39n x9f619 x1ypdohk xt0psk2 xe8uvvx xdj266r x11i5rnm xat24cr x1mh8g0r xexx8yu x4uap5 x18d9i69 xkhd6sd x16tdsg8 x1hl2dhg xggy1nq x1a2a7pz x1sur9pj xkrqix3 x1fey0fg x1s688f\" tabindex=\"0\" role=\"link\" href=\"https:\/\/www.facebook.com\/hashtag\/juntosestamoslevantandomuisne?__eep__=6&amp;__cft__[0]=AZX_25qNGKky75PYTYmkOz5cf0YcozqwSE06GGUlq8tOTZhNt3bbUSlefacP1h7XxoiGZBEb1syCXWJWBjFT28PweA4Nr4Zq9vLEHoCGm7bvEkm97_-F4MJjnT44rip-C8C0_pWr1pM-lZetps4EOwGLNzVD0O1frnK7PCeKS75XnT9VmhbF7XdBKuI4VFH9Quw&amp;__tn__=*NK-R\">#JuntosEstamosLevantandoMuisne<\/a><\/span><\/div>\n<div dir=\"auto\"><img loading=\"lazy\" decoding=\"async\" class=\"alignnone size-medium wp-image-11654\" src=\"https:\/\/gadmuisne.gob.ec\/web\/wp-content\/uploads\/2025\/01\/473808237_17924880576008906_5470133070111089259_n-240x300.jpg\" alt=\"\" width=\"240\" height=\"300\" srcset=\"https:\/\/gadmuisne.gob.ec\/web\/wp-content\/uploads\/2025\/01\/473808237_17924880576008906_5470133070111089259_n-240x300.jpg 240w, https:\/\/gadmuisne.gob.ec\/web\/wp-content\/uploads\/2025\/01\/473808237_17924880576008906_5470133070111089259_n-819x1024.jpg 819w, https:\/\/gadmuisne.gob.ec\/web\/wp-content\/uploads\/2025\/01\/473808237_17924880576008906_5470133070111089259_n-768x960.jpg 768w, https:\/\/gadmuisne.gob.ec\/web\/wp-content\/uploads\/2025\/01\/473808237_17924880576008906_5470133070111089259_n-1229x1536.jpg 1229w, https:\/\/gadmuisne.gob.ec\/web\/wp-content\/uploads\/2025\/01\/473808237_17924880576008906_5470133070111089259_n-270x338.jpg 270w, https:\/\/gadmuisne.gob.ec\/web\/wp-content\/uploads\/2025\/01\/473808237_17924880576008906_5470133070111089259_n-370x463.jpg 370w, https:\/\/gadmuisne.gob.ec\/web\/wp-content\/uploads\/2025\/01\/473808237_17924880576008906_5470133070111089259_n-570x713.jpg 570w, https:\/\/gadmuisne.gob.ec\/web\/wp-content\/uploads\/2025\/01\/473808237_17924880576008906_5470133070111089259_n-770x963.jpg 770w, https:\/\/gadmuisne.gob.ec\/web\/wp-content\/uploads\/2025\/01\/473808237_17924880576008906_5470133070111089259_n-870x1088.jpg 870w, https:\/\/gadmuisne.gob.ec\/web\/wp-content\/uploads\/2025\/01\/473808237_17924880576008906_5470133070111089259_n-1170x1463.jpg 1170w, https:\/\/gadmuisne.gob.ec\/web\/wp-content\/uploads\/2025\/01\/473808237_17924880576008906_5470133070111089259_n.jpg 1440w\" sizes=\"auto, (max-width: 240px) 100vw, 240px\" \/><\/div>\n<\/div>\n","protected":false},"excerpt":{"rendered":"<p>\u00a1Sin descanso! Yuri Colorado, alcaldesa de Muisne, mantiene una agenda en diferentes instituciones del estado, para dar seguimiento a los proyectos presentados para el progreso del cant\u00f3n. Dentro de la agenda, mantuvo reuni\u00f3n con Juan Carlos Vega Malo, Ministro de Econom\u00eda y Finanzas, quien mostr\u00f3 su apoyo incondicional al cant\u00f3n&#8230;.<\/p>\n","protected":false},"author":4,"featured_media":11654,"comment_status":"closed","ping_status":"open","sticky":false,"template":"","format":"standard","meta":{"footnotes":""},"categories":[35],"tags":[],"class_list":["post-11653","post","type-post","status-publish","format-standard","has-post-thumbnail","hentry","category-actividades"],"_links":{"self":[{"href":"https:\/\/gadmuisne.gob.ec\/web\/wp-json\/wp\/v2\/posts\/11653","targetHints":{"allow":["GET"]}}],"collection":[{"href":"https:\/\/gadmuisne.gob.ec\/web\/wp-json\/wp\/v2\/posts"}],"about":[{"href":"https:\/\/gadmuisne.gob.ec\/web\/wp-json\/wp\/v2\/types\/post"}],"author":[{"embeddable":true,"href":"https:\/\/gadmuisne.gob.ec\/web\/wp-json\/wp\/v2\/users\/4"}],"replies":[{"embeddable":true,"href":"https:\/\/gadmuisne.gob.ec\/web\/wp-json\/wp\/v2\/comments?post=11653"}],"version-history":[{"count":1,"href":"https:\/\/gadmuisne.gob.ec\/web\/wp-json\/wp\/v2\/posts\/11653\/revisions"}],"predecessor-version":[{"id":11655,"href":"https:\/\/gadmuisne.gob.ec\/web\/wp-json\/wp\/v2\/posts\/11653\/revisions\/11655"}],"wp:featuredmedia":[{"embeddable":true,"href":"https:\/\/gadmuisne.gob.ec\/web\/wp-json\/wp\/v2\/media\/11654"}],"wp:attachment":[{"href":"https:\/\/gadmuisne.gob.ec\/web\/wp-json\/wp\/v2\/media?parent=11653"}],"wp:term":[{"taxonomy":"category","embeddable":true,"href":"https:\/\/gadmuisne.gob.ec\/web\/wp-json\/wp\/v2\/categories?post=11653"},{"taxonomy":"post_tag","embeddable":true,"href":"https:\/\/gadmuisne.gob.ec\/web\/wp-json\/wp\/v2\/tags?post=11653"}],"curies":[{"name":"wp","href":"https:\/\/api.w.org\/{rel}","templated":true}]}}