{"id":11656,"date":"2025-01-17T14:23:57","date_gmt":"2025-01-17T13:23:57","guid":{"rendered":"https:\/\/gadmuisne.gob.ec\/web\/?p=11656"},"modified":"2025-01-17T14:23:57","modified_gmt":"2025-01-17T13:23:57","slug":"yuri-colorado-alcaldesa-de-muisne-convoco-a-la-mesa-de-seguridad-para-articular-acciones-en-miras-del-feriado-de-carnaval","status":"publish","type":"post","link":"https:\/\/gadmuisne.gob.ec\/web\/yuri-colorado-alcaldesa-de-muisne-convoco-a-la-mesa-de-seguridad-para-articular-acciones-en-miras-del-feriado-de-carnaval\/","title":{"rendered":"Yuri Colorado, alcaldesa de Muisne, convoc\u00f3 a la mesa de seguridad para articular acciones en miras del feriado de carnaval."},"content":{"rendered":"<div class=\"xdj266r x11i5rnm xat24cr x1mh8g0r x1vvkbs x126k92a\">\n<div dir=\"auto\" style=\"text-align: justify;\">\u00a1Su seguridad es nuestra prioridad!<\/div>\n<\/div>\n<div class=\"x11i5rnm xat24cr x1mh8g0r x1vvkbs xtlvy1s x126k92a\" style=\"text-align: justify;\">\n<div dir=\"auto\">Un trabajo articulado y comprometido, es lo que se realiza desde esta alcald\u00eda.<\/div>\n<\/div>\n<div class=\"x11i5rnm xat24cr x1mh8g0r x1vvkbs xtlvy1s x126k92a\" style=\"text-align: justify;\">\n<div dir=\"auto\">Yuri Colorado, alcaldesa de Muisne, convoc\u00f3 a la mesa de seguridad para articular acciones en miras del feriado de carnaval.<\/div>\n<div dir=\"auto\"><\/div>\n<\/div>\n<div class=\"x11i5rnm xat24cr x1mh8g0r x1vvkbs xtlvy1s x126k92a\" style=\"text-align: justify;\">\n<div dir=\"auto\">Juan Carlos Avil\u00e9s, jefe del distrito Atacames &#8211; Muisne de la Polic\u00eda Nacional, brind\u00f3 todo el apoyo y afirm\u00f3 que trabajar\u00e1n para mantener el orden y la seguiridad en en cant\u00f3n.<\/div>\n<\/div>\n<div class=\"x11i5rnm xat24cr x1mh8g0r x1vvkbs xtlvy1s x126k92a\" style=\"text-align: justify;\">\n<div dir=\"auto\">Adem\u00e1s se\u00f1al\u00f3 que, Muisne, es uno de los cantones m\u00e1s seguro de la provincia.<\/div>\n<\/div>\n<div class=\"x11i5rnm xat24cr x1mh8g0r x1vvkbs xtlvy1s x126k92a\">\n<div dir=\"auto\" style=\"text-align: justify;\">David Carrera, jefe infanter\u00eda de la Marina, se\u00f1al\u00f3 que brindar\u00e1 personal para Muisne, para que el trabajo sea en coordinaci\u00f3n con la Polic\u00eda Nacional.<\/div>\n<div dir=\"auto\"><img loading=\"lazy\" decoding=\"async\" class=\"alignnone size-medium wp-image-11657\" src=\"https:\/\/gadmuisne.gob.ec\/web\/wp-content\/uploads\/2025\/01\/473367566_17924894235008906_160493830392480038_n-300x200.jpg\" alt=\"\" width=\"300\" height=\"200\" srcset=\"https:\/\/gadmuisne.gob.ec\/web\/wp-content\/uploads\/2025\/01\/473367566_17924894235008906_160493830392480038_n-300x200.jpg 300w, https:\/\/gadmuisne.gob.ec\/web\/wp-content\/uploads\/2025\/01\/473367566_17924894235008906_160493830392480038_n-1024x682.jpg 1024w, https:\/\/gadmuisne.gob.ec\/web\/wp-content\/uploads\/2025\/01\/473367566_17924894235008906_160493830392480038_n-768x511.jpg 768w, https:\/\/gadmuisne.gob.ec\/web\/wp-content\/uploads\/2025\/01\/473367566_17924894235008906_160493830392480038_n-270x180.jpg 270w, https:\/\/gadmuisne.gob.ec\/web\/wp-content\/uploads\/2025\/01\/473367566_17924894235008906_160493830392480038_n-370x246.jpg 370w, https:\/\/gadmuisne.gob.ec\/web\/wp-content\/uploads\/2025\/01\/473367566_17924894235008906_160493830392480038_n-570x380.jpg 570w, https:\/\/gadmuisne.gob.ec\/web\/wp-content\/uploads\/2025\/01\/473367566_17924894235008906_160493830392480038_n-770x513.jpg 770w, https:\/\/gadmuisne.gob.ec\/web\/wp-content\/uploads\/2025\/01\/473367566_17924894235008906_160493830392480038_n-870x579.jpg 870w, https:\/\/gadmuisne.gob.ec\/web\/wp-content\/uploads\/2025\/01\/473367566_17924894235008906_160493830392480038_n-1170x779.jpg 1170w, https:\/\/gadmuisne.gob.ec\/web\/wp-content\/uploads\/2025\/01\/473367566_17924894235008906_160493830392480038_n.jpg 1440w\" sizes=\"auto, (max-width: 300px) 100vw, 300px\" \/><img loading=\"lazy\" decoding=\"async\" class=\"alignnone size-medium wp-image-11658\" src=\"https:\/\/gadmuisne.gob.ec\/web\/wp-content\/uploads\/2025\/01\/473779699_17924894226008906_3157452540946902136_n-300x200.jpg\" alt=\"\" width=\"300\" height=\"200\" srcset=\"https:\/\/gadmuisne.gob.ec\/web\/wp-content\/uploads\/2025\/01\/473779699_17924894226008906_3157452540946902136_n-300x200.jpg 300w, https:\/\/gadmuisne.gob.ec\/web\/wp-content\/uploads\/2025\/01\/473779699_17924894226008906_3157452540946902136_n-1024x683.jpg 1024w, https:\/\/gadmuisne.gob.ec\/web\/wp-content\/uploads\/2025\/01\/473779699_17924894226008906_3157452540946902136_n-768x512.jpg 768w, https:\/\/gadmuisne.gob.ec\/web\/wp-content\/uploads\/2025\/01\/473779699_17924894226008906_3157452540946902136_n-270x180.jpg 270w, https:\/\/gadmuisne.gob.ec\/web\/wp-content\/uploads\/2025\/01\/473779699_17924894226008906_3157452540946902136_n-370x247.jpg 370w, https:\/\/gadmuisne.gob.ec\/web\/wp-content\/uploads\/2025\/01\/473779699_17924894226008906_3157452540946902136_n-570x380.jpg 570w, https:\/\/gadmuisne.gob.ec\/web\/wp-content\/uploads\/2025\/01\/473779699_17924894226008906_3157452540946902136_n-770x513.jpg 770w, https:\/\/gadmuisne.gob.ec\/web\/wp-content\/uploads\/2025\/01\/473779699_17924894226008906_3157452540946902136_n-870x580.jpg 870w, https:\/\/gadmuisne.gob.ec\/web\/wp-content\/uploads\/2025\/01\/473779699_17924894226008906_3157452540946902136_n.jpg 1065w\" sizes=\"auto, (max-width: 300px) 100vw, 300px\" \/><img loading=\"lazy\" decoding=\"async\" class=\"alignnone size-medium wp-image-11659\" src=\"https:\/\/gadmuisne.gob.ec\/web\/wp-content\/uploads\/2025\/01\/473817314_17924894199008906_2826985655396649763_n-1-300x200.jpg\" alt=\"\" width=\"300\" height=\"200\" srcset=\"https:\/\/gadmuisne.gob.ec\/web\/wp-content\/uploads\/2025\/01\/473817314_17924894199008906_2826985655396649763_n-1-300x200.jpg 300w, https:\/\/gadmuisne.gob.ec\/web\/wp-content\/uploads\/2025\/01\/473817314_17924894199008906_2826985655396649763_n-1-1024x683.jpg 1024w, https:\/\/gadmuisne.gob.ec\/web\/wp-content\/uploads\/2025\/01\/473817314_17924894199008906_2826985655396649763_n-1-768x512.jpg 768w, https:\/\/gadmuisne.gob.ec\/web\/wp-content\/uploads\/2025\/01\/473817314_17924894199008906_2826985655396649763_n-1-270x180.jpg 270w, https:\/\/gadmuisne.gob.ec\/web\/wp-content\/uploads\/2025\/01\/473817314_17924894199008906_2826985655396649763_n-1-370x247.jpg 370w, https:\/\/gadmuisne.gob.ec\/web\/wp-content\/uploads\/2025\/01\/473817314_17924894199008906_2826985655396649763_n-1-570x380.jpg 570w, https:\/\/gadmuisne.gob.ec\/web\/wp-content\/uploads\/2025\/01\/473817314_17924894199008906_2826985655396649763_n-1-770x513.jpg 770w, https:\/\/gadmuisne.gob.ec\/web\/wp-content\/uploads\/2025\/01\/473817314_17924894199008906_2826985655396649763_n-1-870x580.jpg 870w, https:\/\/gadmuisne.gob.ec\/web\/wp-content\/uploads\/2025\/01\/473817314_17924894199008906_2826985655396649763_n-1.jpg 1065w\" sizes=\"auto, (max-width: 300px) 100vw, 300px\" \/><img loading=\"lazy\" decoding=\"async\" class=\"alignnone size-medium wp-image-11661\" src=\"https:\/\/gadmuisne.gob.ec\/web\/wp-content\/uploads\/2025\/01\/474016069_17924894217008906_3784540429480844410_n-1-300x200.jpg\" alt=\"\" width=\"300\" height=\"200\" srcset=\"https:\/\/gadmuisne.gob.ec\/web\/wp-content\/uploads\/2025\/01\/474016069_17924894217008906_3784540429480844410_n-1-300x200.jpg 300w, https:\/\/gadmuisne.gob.ec\/web\/wp-content\/uploads\/2025\/01\/474016069_17924894217008906_3784540429480844410_n-1-1024x683.jpg 1024w, https:\/\/gadmuisne.gob.ec\/web\/wp-content\/uploads\/2025\/01\/474016069_17924894217008906_3784540429480844410_n-1-768x512.jpg 768w, https:\/\/gadmuisne.gob.ec\/web\/wp-content\/uploads\/2025\/01\/474016069_17924894217008906_3784540429480844410_n-1-270x180.jpg 270w, https:\/\/gadmuisne.gob.ec\/web\/wp-content\/uploads\/2025\/01\/474016069_17924894217008906_3784540429480844410_n-1-370x247.jpg 370w, https:\/\/gadmuisne.gob.ec\/web\/wp-content\/uploads\/2025\/01\/474016069_17924894217008906_3784540429480844410_n-1-570x380.jpg 570w, https:\/\/gadmuisne.gob.ec\/web\/wp-content\/uploads\/2025\/01\/474016069_17924894217008906_3784540429480844410_n-1-770x513.jpg 770w, https:\/\/gadmuisne.gob.ec\/web\/wp-content\/uploads\/2025\/01\/474016069_17924894217008906_3784540429480844410_n-1-870x580.jpg 870w, https:\/\/gadmuisne.gob.ec\/web\/wp-content\/uploads\/2025\/01\/474016069_17924894217008906_3784540429480844410_n-1.jpg 1065w\" sizes=\"auto, (max-width: 300px) 100vw, 300px\" \/><img loading=\"lazy\" decoding=\"async\" class=\"alignnone size-medium wp-image-11662\" src=\"https:\/\/gadmuisne.gob.ec\/web\/wp-content\/uploads\/2025\/01\/474016069_17924894217008906_3784540429480844410_n-300x200.jpg\" alt=\"\" width=\"300\" height=\"200\" srcset=\"https:\/\/gadmuisne.gob.ec\/web\/wp-content\/uploads\/2025\/01\/474016069_17924894217008906_3784540429480844410_n-300x200.jpg 300w, https:\/\/gadmuisne.gob.ec\/web\/wp-content\/uploads\/2025\/01\/474016069_17924894217008906_3784540429480844410_n-1024x683.jpg 1024w, https:\/\/gadmuisne.gob.ec\/web\/wp-content\/uploads\/2025\/01\/474016069_17924894217008906_3784540429480844410_n-768x512.jpg 768w, https:\/\/gadmuisne.gob.ec\/web\/wp-content\/uploads\/2025\/01\/474016069_17924894217008906_3784540429480844410_n-270x180.jpg 270w, https:\/\/gadmuisne.gob.ec\/web\/wp-content\/uploads\/2025\/01\/474016069_17924894217008906_3784540429480844410_n-370x247.jpg 370w, https:\/\/gadmuisne.gob.ec\/web\/wp-content\/uploads\/2025\/01\/474016069_17924894217008906_3784540429480844410_n-570x380.jpg 570w, https:\/\/gadmuisne.gob.ec\/web\/wp-content\/uploads\/2025\/01\/474016069_17924894217008906_3784540429480844410_n-770x513.jpg 770w, https:\/\/gadmuisne.gob.ec\/web\/wp-content\/uploads\/2025\/01\/474016069_17924894217008906_3784540429480844410_n-870x580.jpg 870w, https:\/\/gadmuisne.gob.ec\/web\/wp-content\/uploads\/2025\/01\/474016069_17924894217008906_3784540429480844410_n.jpg 1065w\" sizes=\"auto, (max-width: 300px) 100vw, 300px\" \/><img loading=\"lazy\" decoding=\"async\" class=\"alignnone size-medium wp-image-11664\" src=\"https:\/\/gadmuisne.gob.ec\/web\/wp-content\/uploads\/2025\/01\/474019749_17924894208008906_939613737735759177_n-300x200.jpg\" alt=\"\" width=\"300\" height=\"200\" srcset=\"https:\/\/gadmuisne.gob.ec\/web\/wp-content\/uploads\/2025\/01\/474019749_17924894208008906_939613737735759177_n-300x200.jpg 300w, https:\/\/gadmuisne.gob.ec\/web\/wp-content\/uploads\/2025\/01\/474019749_17924894208008906_939613737735759177_n-1024x683.jpg 1024w, https:\/\/gadmuisne.gob.ec\/web\/wp-content\/uploads\/2025\/01\/474019749_17924894208008906_939613737735759177_n-768x512.jpg 768w, https:\/\/gadmuisne.gob.ec\/web\/wp-content\/uploads\/2025\/01\/474019749_17924894208008906_939613737735759177_n-270x180.jpg 270w, https:\/\/gadmuisne.gob.ec\/web\/wp-content\/uploads\/2025\/01\/474019749_17924894208008906_939613737735759177_n-370x247.jpg 370w, https:\/\/gadmuisne.gob.ec\/web\/wp-content\/uploads\/2025\/01\/474019749_17924894208008906_939613737735759177_n-570x380.jpg 570w, https:\/\/gadmuisne.gob.ec\/web\/wp-content\/uploads\/2025\/01\/474019749_17924894208008906_939613737735759177_n-770x513.jpg 770w, https:\/\/gadmuisne.gob.ec\/web\/wp-content\/uploads\/2025\/01\/474019749_17924894208008906_939613737735759177_n-870x580.jpg 870w, https:\/\/gadmuisne.gob.ec\/web\/wp-content\/uploads\/2025\/01\/474019749_17924894208008906_939613737735759177_n.jpg 1065w\" sizes=\"auto, (max-width: 300px) 100vw, 300px\" \/><\/div>\n<\/div>\n","protected":false},"excerpt":{"rendered":"<p>\u00a1Su seguridad es nuestra prioridad! Un trabajo articulado y comprometido, es lo que se realiza desde esta alcald\u00eda. Yuri Colorado, alcaldesa de Muisne, convoc\u00f3 a la mesa de seguridad para articular acciones en miras del feriado de carnaval. Juan Carlos Avil\u00e9s, jefe del distrito Atacames &#8211; Muisne de la Polic\u00eda&#8230;<\/p>\n","protected":false},"author":4,"featured_media":11662,"comment_status":"closed","ping_status":"open","sticky":false,"template":"","format":"standard","meta":{"footnotes":""},"categories":[35],"tags":[],"class_list":["post-11656","post","type-post","status-publish","format-standard","has-post-thumbnail","hentry","category-actividades"],"_links":{"self":[{"href":"https:\/\/gadmuisne.gob.ec\/web\/wp-json\/wp\/v2\/posts\/11656","targetHints":{"allow":["GET"]}}],"collection":[{"href":"https:\/\/gadmuisne.gob.ec\/web\/wp-json\/wp\/v2\/posts"}],"about":[{"href":"https:\/\/gadmuisne.gob.ec\/web\/wp-json\/wp\/v2\/types\/post"}],"author":[{"embeddable":true,"href":"https:\/\/gadmuisne.gob.ec\/web\/wp-json\/wp\/v2\/users\/4"}],"replies":[{"embeddable":true,"href":"https:\/\/gadmuisne.gob.ec\/web\/wp-json\/wp\/v2\/comments?post=11656"}],"version-history":[{"count":1,"href":"https:\/\/gadmuisne.gob.ec\/web\/wp-json\/wp\/v2\/posts\/11656\/revisions"}],"predecessor-version":[{"id":11665,"href":"https:\/\/gadmuisne.gob.ec\/web\/wp-json\/wp\/v2\/posts\/11656\/revisions\/11665"}],"wp:featuredmedia":[{"embeddable":true,"href":"https:\/\/gadmuisne.gob.ec\/web\/wp-json\/wp\/v2\/media\/11662"}],"wp:attachment":[{"href":"https:\/\/gadmuisne.gob.ec\/web\/wp-json\/wp\/v2\/media?parent=11656"}],"wp:term":[{"taxonomy":"category","embeddable":true,"href":"https:\/\/gadmuisne.gob.ec\/web\/wp-json\/wp\/v2\/categories?post=11656"},{"taxonomy":"post_tag","embeddable":true,"href":"https:\/\/gadmuisne.gob.ec\/web\/wp-json\/wp\/v2\/tags?post=11656"}],"curies":[{"name":"wp","href":"https:\/\/api.w.org\/{rel}","templated":true}]}}