{"id":11751,"date":"2025-01-27T18:23:50","date_gmt":"2025-01-27T17:23:50","guid":{"rendered":"https:\/\/gadmuisne.gob.ec\/web\/?p=11751"},"modified":"2025-01-27T18:23:50","modified_gmt":"2025-01-27T17:23:50","slug":"nos-preparamos-para-el-simulacro-nacional-el-comite-de-operaciones-de-emergencia-coe-prepara-todo-para-el-simulacro-nacional-que-se-realizara-este-viernes-31-de-enero","status":"publish","type":"post","link":"https:\/\/gadmuisne.gob.ec\/web\/nos-preparamos-para-el-simulacro-nacional-el-comite-de-operaciones-de-emergencia-coe-prepara-todo-para-el-simulacro-nacional-que-se-realizara-este-viernes-31-de-enero\/","title":{"rendered":"Nos preparamos para el simulacro nacional. El Comit\u00e9 de Operaciones de Emergencia (COE) prepara todo para el simulacro nacional que se realizar\u00e1 este viernes, 31 de enero."},"content":{"rendered":"<div class=\"xdj266r x11i5rnm xat24cr x1mh8g0r x1vvkbs x126k92a\">\n<div dir=\"auto\" style=\"text-align: justify;\">Nos preparamos para el simulacro nacional.<\/div>\n<\/div>\n<div class=\"x11i5rnm xat24cr x1mh8g0r x1vvkbs xtlvy1s x126k92a\" style=\"text-align: justify;\">\n<div dir=\"auto\">El Comit\u00e9 de Operaciones de Emergencia (COE) prepara todo para el simulacro nacional que se realizar\u00e1 este viernes, 31 de enero.<\/div>\n<div dir=\"auto\"><\/div>\n<\/div>\n<div class=\"x11i5rnm xat24cr x1mh8g0r x1vvkbs xtlvy1s x126k92a\" style=\"text-align: justify;\">\n<div dir=\"auto\">Yuri Colorado, alcaldesa de Muisne, reconoci\u00f3 el trabajo articulado que realiza la Secretar\u00eda de Gesti\u00f3n de Riesgos con la Alcald\u00eda y dem\u00e1s instituciones del Estado para preparar a la ciudadan\u00eda ante eventuales desastres naturales.<\/div>\n<div dir=\"auto\"><\/div>\n<\/div>\n<div class=\"x11i5rnm xat24cr x1mh8g0r x1vvkbs xtlvy1s x126k92a\" style=\"text-align: justify;\">\n<div dir=\"auto\">Adem\u00e1s, reconoci\u00f3 la importancia de que Muisne sea considerado para estos eventos.<\/div>\n<\/div>\n<div class=\"x11i5rnm xat24cr x1mh8g0r x1vvkbs xtlvy1s x126k92a\" style=\"text-align: justify;\">\n<div dir=\"auto\">\u201cEstamos rodeados de mar y r\u00edo, por eso es importante que nuestra poblaci\u00f3n sepa qu\u00e9 hacer en casos de desastres naturales\u201d, refiri\u00f3 la alcaldesa.<\/div>\n<\/div>\n<div class=\"x11i5rnm xat24cr x1mh8g0r x1vvkbs xtlvy1s x126k92a\">\n<div dir=\"auto\" style=\"text-align: justify;\">Se pide a la ciudadan\u00eda mantenerse informada por los canales oficiales.<\/div>\n<div dir=\"auto\"><img loading=\"lazy\" decoding=\"async\" class=\"alignnone size-medium wp-image-11752\" src=\"https:\/\/gadmuisne.gob.ec\/web\/wp-content\/uploads\/2025\/01\/474876139_17925777501008906_3481622516095466092_n-1-300x169.jpg\" alt=\"\" width=\"300\" height=\"169\" srcset=\"https:\/\/gadmuisne.gob.ec\/web\/wp-content\/uploads\/2025\/01\/474876139_17925777501008906_3481622516095466092_n-1-300x169.jpg 300w, https:\/\/gadmuisne.gob.ec\/web\/wp-content\/uploads\/2025\/01\/474876139_17925777501008906_3481622516095466092_n-1-1024x577.jpg 1024w, https:\/\/gadmuisne.gob.ec\/web\/wp-content\/uploads\/2025\/01\/474876139_17925777501008906_3481622516095466092_n-1-768x433.jpg 768w, https:\/\/gadmuisne.gob.ec\/web\/wp-content\/uploads\/2025\/01\/474876139_17925777501008906_3481622516095466092_n-1-270x152.jpg 270w, https:\/\/gadmuisne.gob.ec\/web\/wp-content\/uploads\/2025\/01\/474876139_17925777501008906_3481622516095466092_n-1-370x208.jpg 370w, https:\/\/gadmuisne.gob.ec\/web\/wp-content\/uploads\/2025\/01\/474876139_17925777501008906_3481622516095466092_n-1-570x321.jpg 570w, https:\/\/gadmuisne.gob.ec\/web\/wp-content\/uploads\/2025\/01\/474876139_17925777501008906_3481622516095466092_n-1-770x434.jpg 770w, https:\/\/gadmuisne.gob.ec\/web\/wp-content\/uploads\/2025\/01\/474876139_17925777501008906_3481622516095466092_n-1-870x490.jpg 870w, https:\/\/gadmuisne.gob.ec\/web\/wp-content\/uploads\/2025\/01\/474876139_17925777501008906_3481622516095466092_n-1-1170x659.jpg 1170w, https:\/\/gadmuisne.gob.ec\/web\/wp-content\/uploads\/2025\/01\/474876139_17925777501008906_3481622516095466092_n-1.jpg 1440w\" sizes=\"auto, (max-width: 300px) 100vw, 300px\" \/><img loading=\"lazy\" decoding=\"async\" class=\"alignnone size-medium wp-image-11754\" src=\"https:\/\/gadmuisne.gob.ec\/web\/wp-content\/uploads\/2025\/01\/474913358_17925564210008906_8441417662317026896_n-1-300x200.jpg\" alt=\"\" width=\"300\" height=\"200\" srcset=\"https:\/\/gadmuisne.gob.ec\/web\/wp-content\/uploads\/2025\/01\/474913358_17925564210008906_8441417662317026896_n-1-300x200.jpg 300w, https:\/\/gadmuisne.gob.ec\/web\/wp-content\/uploads\/2025\/01\/474913358_17925564210008906_8441417662317026896_n-1-1024x683.jpg 1024w, https:\/\/gadmuisne.gob.ec\/web\/wp-content\/uploads\/2025\/01\/474913358_17925564210008906_8441417662317026896_n-1-768x512.jpg 768w, https:\/\/gadmuisne.gob.ec\/web\/wp-content\/uploads\/2025\/01\/474913358_17925564210008906_8441417662317026896_n-1-270x180.jpg 270w, https:\/\/gadmuisne.gob.ec\/web\/wp-content\/uploads\/2025\/01\/474913358_17925564210008906_8441417662317026896_n-1-370x247.jpg 370w, https:\/\/gadmuisne.gob.ec\/web\/wp-content\/uploads\/2025\/01\/474913358_17925564210008906_8441417662317026896_n-1-570x380.jpg 570w, https:\/\/gadmuisne.gob.ec\/web\/wp-content\/uploads\/2025\/01\/474913358_17925564210008906_8441417662317026896_n-1-770x513.jpg 770w, https:\/\/gadmuisne.gob.ec\/web\/wp-content\/uploads\/2025\/01\/474913358_17925564210008906_8441417662317026896_n-1-870x580.jpg 870w, https:\/\/gadmuisne.gob.ec\/web\/wp-content\/uploads\/2025\/01\/474913358_17925564210008906_8441417662317026896_n-1.jpg 1065w\" sizes=\"auto, (max-width: 300px) 100vw, 300px\" \/><img loading=\"lazy\" decoding=\"async\" class=\"alignnone size-medium wp-image-11756\" src=\"https:\/\/gadmuisne.gob.ec\/web\/wp-content\/uploads\/2025\/01\/474975610_17925777492008906_6828244564149225557_n-300x169.jpg\" alt=\"\" width=\"300\" height=\"169\" srcset=\"https:\/\/gadmuisne.gob.ec\/web\/wp-content\/uploads\/2025\/01\/474975610_17925777492008906_6828244564149225557_n-300x169.jpg 300w, https:\/\/gadmuisne.gob.ec\/web\/wp-content\/uploads\/2025\/01\/474975610_17925777492008906_6828244564149225557_n-1024x577.jpg 1024w, https:\/\/gadmuisne.gob.ec\/web\/wp-content\/uploads\/2025\/01\/474975610_17925777492008906_6828244564149225557_n-768x433.jpg 768w, https:\/\/gadmuisne.gob.ec\/web\/wp-content\/uploads\/2025\/01\/474975610_17925777492008906_6828244564149225557_n-270x152.jpg 270w, https:\/\/gadmuisne.gob.ec\/web\/wp-content\/uploads\/2025\/01\/474975610_17925777492008906_6828244564149225557_n-370x208.jpg 370w, https:\/\/gadmuisne.gob.ec\/web\/wp-content\/uploads\/2025\/01\/474975610_17925777492008906_6828244564149225557_n-570x321.jpg 570w, https:\/\/gadmuisne.gob.ec\/web\/wp-content\/uploads\/2025\/01\/474975610_17925777492008906_6828244564149225557_n-770x434.jpg 770w, https:\/\/gadmuisne.gob.ec\/web\/wp-content\/uploads\/2025\/01\/474975610_17925777492008906_6828244564149225557_n-870x490.jpg 870w, https:\/\/gadmuisne.gob.ec\/web\/wp-content\/uploads\/2025\/01\/474975610_17925777492008906_6828244564149225557_n-1170x659.jpg 1170w, https:\/\/gadmuisne.gob.ec\/web\/wp-content\/uploads\/2025\/01\/474975610_17925777492008906_6828244564149225557_n.jpg 1440w\" sizes=\"auto, (max-width: 300px) 100vw, 300px\" \/><img loading=\"lazy\" decoding=\"async\" class=\"alignnone size-medium wp-image-11757\" src=\"https:\/\/gadmuisne.gob.ec\/web\/wp-content\/uploads\/2025\/01\/475217747_17925777483008906_2660494630520125291_n-1-300x169.jpg\" alt=\"\" width=\"300\" height=\"169\" srcset=\"https:\/\/gadmuisne.gob.ec\/web\/wp-content\/uploads\/2025\/01\/475217747_17925777483008906_2660494630520125291_n-1-300x169.jpg 300w, https:\/\/gadmuisne.gob.ec\/web\/wp-content\/uploads\/2025\/01\/475217747_17925777483008906_2660494630520125291_n-1-1024x576.jpg 1024w, https:\/\/gadmuisne.gob.ec\/web\/wp-content\/uploads\/2025\/01\/475217747_17925777483008906_2660494630520125291_n-1-768x432.jpg 768w, https:\/\/gadmuisne.gob.ec\/web\/wp-content\/uploads\/2025\/01\/475217747_17925777483008906_2660494630520125291_n-1-270x152.jpg 270w, https:\/\/gadmuisne.gob.ec\/web\/wp-content\/uploads\/2025\/01\/475217747_17925777483008906_2660494630520125291_n-1-370x208.jpg 370w, https:\/\/gadmuisne.gob.ec\/web\/wp-content\/uploads\/2025\/01\/475217747_17925777483008906_2660494630520125291_n-1-570x321.jpg 570w, https:\/\/gadmuisne.gob.ec\/web\/wp-content\/uploads\/2025\/01\/475217747_17925777483008906_2660494630520125291_n-1-770x433.jpg 770w, https:\/\/gadmuisne.gob.ec\/web\/wp-content\/uploads\/2025\/01\/475217747_17925777483008906_2660494630520125291_n-1-870x489.jpg 870w, https:\/\/gadmuisne.gob.ec\/web\/wp-content\/uploads\/2025\/01\/475217747_17925777483008906_2660494630520125291_n-1-1170x658.jpg 1170w, https:\/\/gadmuisne.gob.ec\/web\/wp-content\/uploads\/2025\/01\/475217747_17925777483008906_2660494630520125291_n-1.jpg 1440w\" sizes=\"auto, (max-width: 300px) 100vw, 300px\" \/><\/div>\n<\/div>\n","protected":false},"excerpt":{"rendered":"<p>Nos preparamos para el simulacro nacional. El Comit\u00e9 de Operaciones de Emergencia (COE) prepara todo para el simulacro nacional que se realizar\u00e1 este viernes, 31 de enero. Yuri Colorado, alcaldesa de Muisne, reconoci\u00f3 el trabajo articulado que realiza la Secretar\u00eda de Gesti\u00f3n de Riesgos con la Alcald\u00eda y dem\u00e1s instituciones&#8230;<\/p>\n","protected":false},"author":4,"featured_media":11758,"comment_status":"closed","ping_status":"open","sticky":false,"template":"","format":"standard","meta":{"footnotes":""},"categories":[35],"tags":[],"class_list":["post-11751","post","type-post","status-publish","format-standard","has-post-thumbnail","hentry","category-actividades"],"_links":{"self":[{"href":"https:\/\/gadmuisne.gob.ec\/web\/wp-json\/wp\/v2\/posts\/11751","targetHints":{"allow":["GET"]}}],"collection":[{"href":"https:\/\/gadmuisne.gob.ec\/web\/wp-json\/wp\/v2\/posts"}],"about":[{"href":"https:\/\/gadmuisne.gob.ec\/web\/wp-json\/wp\/v2\/types\/post"}],"author":[{"embeddable":true,"href":"https:\/\/gadmuisne.gob.ec\/web\/wp-json\/wp\/v2\/users\/4"}],"replies":[{"embeddable":true,"href":"https:\/\/gadmuisne.gob.ec\/web\/wp-json\/wp\/v2\/comments?post=11751"}],"version-history":[{"count":1,"href":"https:\/\/gadmuisne.gob.ec\/web\/wp-json\/wp\/v2\/posts\/11751\/revisions"}],"predecessor-version":[{"id":11759,"href":"https:\/\/gadmuisne.gob.ec\/web\/wp-json\/wp\/v2\/posts\/11751\/revisions\/11759"}],"wp:featuredmedia":[{"embeddable":true,"href":"https:\/\/gadmuisne.gob.ec\/web\/wp-json\/wp\/v2\/media\/11758"}],"wp:attachment":[{"href":"https:\/\/gadmuisne.gob.ec\/web\/wp-json\/wp\/v2\/media?parent=11751"}],"wp:term":[{"taxonomy":"category","embeddable":true,"href":"https:\/\/gadmuisne.gob.ec\/web\/wp-json\/wp\/v2\/categories?post=11751"},{"taxonomy":"post_tag","embeddable":true,"href":"https:\/\/gadmuisne.gob.ec\/web\/wp-json\/wp\/v2\/tags?post=11751"}],"curies":[{"name":"wp","href":"https:\/\/api.w.org\/{rel}","templated":true}]}}