{"id":11782,"date":"2025-01-27T21:49:08","date_gmt":"2025-01-27T20:49:08","guid":{"rendered":"https:\/\/gadmuisne.gob.ec\/web\/?p=11782"},"modified":"2025-01-27T21:49:08","modified_gmt":"2025-01-27T20:49:08","slug":"trabajamos-en-prevencion-la-alcaldesa-yuri-colorado-mantiene-una-agenda-de-trabajo-en-guayaquil","status":"publish","type":"post","link":"https:\/\/gadmuisne.gob.ec\/web\/trabajamos-en-prevencion-la-alcaldesa-yuri-colorado-mantiene-una-agenda-de-trabajo-en-guayaquil\/","title":{"rendered":"\u00a1Trabajamos en prevenci\u00f3n! La Alcaldesa Yuri Colorado mantiene una agenda de trabajo en Guayaquil ."},"content":{"rendered":"<div class=\"xdj266r x11i5rnm xat24cr x1mh8g0r x1vvkbs x126k92a\">\n<div dir=\"auto\" style=\"text-align: justify;\">\u00a1Trabajamos en prevenci\u00f3n!<\/div>\n<\/div>\n<div class=\"x11i5rnm xat24cr x1mh8g0r x1vvkbs xtlvy1s x126k92a\" style=\"text-align: justify;\">\n<div dir=\"auto\">La Alcaldesa Yuri Colorado mantiene una agenda de trabajo en Guayaquil .<\/div>\n<\/div>\n<div class=\"x11i5rnm xat24cr x1mh8g0r x1vvkbs xtlvy1s x126k92a\" style=\"text-align: justify;\">\n<div dir=\"auto\">Dentro de su agenda, se reuni\u00f3 con el ministro de Gesti\u00f3n de Riesgos, Jorge Carrillo, para coordinar todo lo relacionado al Simulacro de Tsunami qu\u00e9 se realizar\u00e1 este 31 de Enero.<\/div>\n<\/div>\n<div class=\"x11i5rnm xat24cr x1mh8g0r x1vvkbs xtlvy1s x126k92a\">\n<div dir=\"auto\" style=\"text-align: justify;\">El encuentro busca fortalecer la preparaci\u00f3n y protecci\u00f3n de Muisne frente a desastres naturales.<\/div>\n<div dir=\"auto\"><img loading=\"lazy\" decoding=\"async\" class=\"alignnone size-medium wp-image-11783\" src=\"https:\/\/gadmuisne.gob.ec\/web\/wp-content\/uploads\/2025\/01\/475426534_17926125216008906_1502076650419789808_n-240x300.jpg\" alt=\"\" width=\"240\" height=\"300\" srcset=\"https:\/\/gadmuisne.gob.ec\/web\/wp-content\/uploads\/2025\/01\/475426534_17926125216008906_1502076650419789808_n-240x300.jpg 240w, https:\/\/gadmuisne.gob.ec\/web\/wp-content\/uploads\/2025\/01\/475426534_17926125216008906_1502076650419789808_n-819x1024.jpg 819w, https:\/\/gadmuisne.gob.ec\/web\/wp-content\/uploads\/2025\/01\/475426534_17926125216008906_1502076650419789808_n-768x960.jpg 768w, https:\/\/gadmuisne.gob.ec\/web\/wp-content\/uploads\/2025\/01\/475426534_17926125216008906_1502076650419789808_n-270x338.jpg 270w, https:\/\/gadmuisne.gob.ec\/web\/wp-content\/uploads\/2025\/01\/475426534_17926125216008906_1502076650419789808_n-370x463.jpg 370w, https:\/\/gadmuisne.gob.ec\/web\/wp-content\/uploads\/2025\/01\/475426534_17926125216008906_1502076650419789808_n-570x713.jpg 570w, https:\/\/gadmuisne.gob.ec\/web\/wp-content\/uploads\/2025\/01\/475426534_17926125216008906_1502076650419789808_n-770x963.jpg 770w, https:\/\/gadmuisne.gob.ec\/web\/wp-content\/uploads\/2025\/01\/475426534_17926125216008906_1502076650419789808_n-870x1088.jpg 870w, https:\/\/gadmuisne.gob.ec\/web\/wp-content\/uploads\/2025\/01\/475426534_17926125216008906_1502076650419789808_n.jpg 900w\" sizes=\"auto, (max-width: 240px) 100vw, 240px\" \/><\/div>\n<\/div>\n","protected":false},"excerpt":{"rendered":"<p>\u00a1Trabajamos en prevenci\u00f3n! La Alcaldesa Yuri Colorado mantiene una agenda de trabajo en Guayaquil . Dentro de su agenda, se reuni\u00f3 con el ministro de Gesti\u00f3n de Riesgos, Jorge Carrillo, para coordinar todo lo relacionado al Simulacro de Tsunami qu\u00e9 se realizar\u00e1 este 31 de Enero. El encuentro busca fortalecer&#8230;<\/p>\n","protected":false},"author":4,"featured_media":11783,"comment_status":"closed","ping_status":"open","sticky":false,"template":"","format":"standard","meta":{"footnotes":""},"categories":[35],"tags":[],"class_list":["post-11782","post","type-post","status-publish","format-standard","has-post-thumbnail","hentry","category-actividades"],"_links":{"self":[{"href":"https:\/\/gadmuisne.gob.ec\/web\/wp-json\/wp\/v2\/posts\/11782","targetHints":{"allow":["GET"]}}],"collection":[{"href":"https:\/\/gadmuisne.gob.ec\/web\/wp-json\/wp\/v2\/posts"}],"about":[{"href":"https:\/\/gadmuisne.gob.ec\/web\/wp-json\/wp\/v2\/types\/post"}],"author":[{"embeddable":true,"href":"https:\/\/gadmuisne.gob.ec\/web\/wp-json\/wp\/v2\/users\/4"}],"replies":[{"embeddable":true,"href":"https:\/\/gadmuisne.gob.ec\/web\/wp-json\/wp\/v2\/comments?post=11782"}],"version-history":[{"count":1,"href":"https:\/\/gadmuisne.gob.ec\/web\/wp-json\/wp\/v2\/posts\/11782\/revisions"}],"predecessor-version":[{"id":11784,"href":"https:\/\/gadmuisne.gob.ec\/web\/wp-json\/wp\/v2\/posts\/11782\/revisions\/11784"}],"wp:featuredmedia":[{"embeddable":true,"href":"https:\/\/gadmuisne.gob.ec\/web\/wp-json\/wp\/v2\/media\/11783"}],"wp:attachment":[{"href":"https:\/\/gadmuisne.gob.ec\/web\/wp-json\/wp\/v2\/media?parent=11782"}],"wp:term":[{"taxonomy":"category","embeddable":true,"href":"https:\/\/gadmuisne.gob.ec\/web\/wp-json\/wp\/v2\/categories?post=11782"},{"taxonomy":"post_tag","embeddable":true,"href":"https:\/\/gadmuisne.gob.ec\/web\/wp-json\/wp\/v2\/tags?post=11782"}],"curies":[{"name":"wp","href":"https:\/\/api.w.org\/{rel}","templated":true}]}}