{"id":11800,"date":"2025-01-29T14:30:07","date_gmt":"2025-01-29T13:30:07","guid":{"rendered":"https:\/\/gadmuisne.gob.ec\/web\/?p=11800"},"modified":"2025-01-29T15:51:17","modified_gmt":"2025-01-29T14:51:17","slug":"ultimos-dias-para-matricular-y-realizar-la-revision-tecnica-de-tu-vehiculo-recuerda-que-se-pueden-matricular-todos-los-digitos","status":"publish","type":"post","link":"https:\/\/gadmuisne.gob.ec\/web\/ultimos-dias-para-matricular-y-realizar-la-revision-tecnica-de-tu-vehiculo-recuerda-que-se-pueden-matricular-todos-los-digitos\/","title":{"rendered":"\u00a1\u00daltimos d\u00edas para matricular y realizar la revisi\u00f3n t\u00e9cnica de tu veh\u00edculo! Recuerda que se pueden matricular todos los d\u00edgitos."},"content":{"rendered":"<div class=\"xdj266r x11i5rnm xat24cr x1mh8g0r x1vvkbs x126k92a\">\n<div dir=\"auto\" style=\"text-align: justify;\">\u00a1\u00daltimos d\u00edas para matricular y realizar la revisi\u00f3n t\u00e9cnica de tu veh\u00edculo!<\/div>\n<\/div>\n<div class=\"x11i5rnm xat24cr x1mh8g0r x1vvkbs xtlvy1s x126k92a\" style=\"text-align: justify;\">\n<div dir=\"auto\">Recuerda que se pueden matricular todos los d\u00edgitos.<\/div>\n<div dir=\"auto\"><\/div>\n<\/div>\n<div class=\"x11i5rnm xat24cr x1mh8g0r x1vvkbs xtlvy1s x126k92a\">\n<div dir=\"auto\" style=\"text-align: justify;\">Evita multas, conduce seguro y cumple con las normativas.<\/div>\n<div dir=\"auto\"><img loading=\"lazy\" decoding=\"async\" class=\"alignnone size-medium wp-image-11811\" src=\"https:\/\/gadmuisne.gob.ec\/web\/wp-content\/uploads\/2025\/01\/WhatsApp-Image-2025-01-29-at-09.48.26-300x300.jpeg\" alt=\"\" width=\"300\" height=\"300\" srcset=\"https:\/\/gadmuisne.gob.ec\/web\/wp-content\/uploads\/2025\/01\/WhatsApp-Image-2025-01-29-at-09.48.26-300x300.jpeg 300w, https:\/\/gadmuisne.gob.ec\/web\/wp-content\/uploads\/2025\/01\/WhatsApp-Image-2025-01-29-at-09.48.26-1024x1024.jpeg 1024w, https:\/\/gadmuisne.gob.ec\/web\/wp-content\/uploads\/2025\/01\/WhatsApp-Image-2025-01-29-at-09.48.26-150x150.jpeg 150w, https:\/\/gadmuisne.gob.ec\/web\/wp-content\/uploads\/2025\/01\/WhatsApp-Image-2025-01-29-at-09.48.26-768x768.jpeg 768w, https:\/\/gadmuisne.gob.ec\/web\/wp-content\/uploads\/2025\/01\/WhatsApp-Image-2025-01-29-at-09.48.26-70x70.jpeg 70w, https:\/\/gadmuisne.gob.ec\/web\/wp-content\/uploads\/2025\/01\/WhatsApp-Image-2025-01-29-at-09.48.26-270x270.jpeg 270w, https:\/\/gadmuisne.gob.ec\/web\/wp-content\/uploads\/2025\/01\/WhatsApp-Image-2025-01-29-at-09.48.26-370x370.jpeg 370w, https:\/\/gadmuisne.gob.ec\/web\/wp-content\/uploads\/2025\/01\/WhatsApp-Image-2025-01-29-at-09.48.26-570x570.jpeg 570w, https:\/\/gadmuisne.gob.ec\/web\/wp-content\/uploads\/2025\/01\/WhatsApp-Image-2025-01-29-at-09.48.26-770x770.jpeg 770w, https:\/\/gadmuisne.gob.ec\/web\/wp-content\/uploads\/2025\/01\/WhatsApp-Image-2025-01-29-at-09.48.26-870x870.jpeg 870w, https:\/\/gadmuisne.gob.ec\/web\/wp-content\/uploads\/2025\/01\/WhatsApp-Image-2025-01-29-at-09.48.26.jpeg 1080w\" sizes=\"auto, (max-width: 300px) 100vw, 300px\" \/><\/div>\n<div dir=\"auto\"><\/div>\n<\/div>\n","protected":false},"excerpt":{"rendered":"<p>\u00a1\u00daltimos d\u00edas para matricular y realizar la revisi\u00f3n t\u00e9cnica de tu veh\u00edculo! Recuerda que se pueden matricular todos los d\u00edgitos. Evita multas, conduce seguro y cumple con las normativas.<\/p>\n","protected":false},"author":4,"featured_media":11811,"comment_status":"closed","ping_status":"open","sticky":false,"template":"","format":"standard","meta":{"footnotes":""},"categories":[35],"tags":[],"class_list":["post-11800","post","type-post","status-publish","format-standard","has-post-thumbnail","hentry","category-actividades"],"_links":{"self":[{"href":"https:\/\/gadmuisne.gob.ec\/web\/wp-json\/wp\/v2\/posts\/11800","targetHints":{"allow":["GET"]}}],"collection":[{"href":"https:\/\/gadmuisne.gob.ec\/web\/wp-json\/wp\/v2\/posts"}],"about":[{"href":"https:\/\/gadmuisne.gob.ec\/web\/wp-json\/wp\/v2\/types\/post"}],"author":[{"embeddable":true,"href":"https:\/\/gadmuisne.gob.ec\/web\/wp-json\/wp\/v2\/users\/4"}],"replies":[{"embeddable":true,"href":"https:\/\/gadmuisne.gob.ec\/web\/wp-json\/wp\/v2\/comments?post=11800"}],"version-history":[{"count":3,"href":"https:\/\/gadmuisne.gob.ec\/web\/wp-json\/wp\/v2\/posts\/11800\/revisions"}],"predecessor-version":[{"id":11813,"href":"https:\/\/gadmuisne.gob.ec\/web\/wp-json\/wp\/v2\/posts\/11800\/revisions\/11813"}],"wp:featuredmedia":[{"embeddable":true,"href":"https:\/\/gadmuisne.gob.ec\/web\/wp-json\/wp\/v2\/media\/11811"}],"wp:attachment":[{"href":"https:\/\/gadmuisne.gob.ec\/web\/wp-json\/wp\/v2\/media?parent=11800"}],"wp:term":[{"taxonomy":"category","embeddable":true,"href":"https:\/\/gadmuisne.gob.ec\/web\/wp-json\/wp\/v2\/categories?post=11800"},{"taxonomy":"post_tag","embeddable":true,"href":"https:\/\/gadmuisne.gob.ec\/web\/wp-json\/wp\/v2\/tags?post=11800"}],"curies":[{"name":"wp","href":"https:\/\/api.w.org\/{rel}","templated":true}]}}