{"id":11817,"date":"2025-01-30T17:29:11","date_gmt":"2025-01-30T16:29:11","guid":{"rendered":"https:\/\/gadmuisne.gob.ec\/web\/?p=11817"},"modified":"2025-01-30T17:29:11","modified_gmt":"2025-01-30T16:29:11","slug":"alcaldia-de-muisne-se-solidariza-con-los-familiares-del-profesor-victor-espinoza-por-su-fallecimiento","status":"publish","type":"post","link":"https:\/\/gadmuisne.gob.ec\/web\/alcaldia-de-muisne-se-solidariza-con-los-familiares-del-profesor-victor-espinoza-por-su-fallecimiento\/","title":{"rendered":"Alcald\u00eda de Muisne se solidariza con los familiares del profesor V\u00edctor Espinoza, por su fallecimiento"},"content":{"rendered":"<div class=\"xdj266r x11i5rnm xat24cr x1mh8g0r x1vvkbs x126k92a\">\n<div dir=\"auto\" style=\"text-align: justify;\">En el transcurso este mi\u00e9rcoles en la ciudad de Muisne, dej\u00f3 de existir el distinguido profesor.<\/div>\n<div dir=\"auto\"><\/div>\n<\/div>\n<div class=\"x11i5rnm xat24cr x1mh8g0r x1vvkbs xtlvy1s x126k92a\" style=\"text-align: justify;\">\n<div dir=\"auto\">V\u00edctor Espinosa Olgu\u00edn, quien adem\u00e1s fue parte de los primeros docentes del legendario colegio Alfredo P\u00e9rez Gurrero de esta ciudad.<\/div>\n<\/div>\n<div class=\"x11i5rnm xat24cr x1mh8g0r x1vvkbs xtlvy1s x126k92a\">\n<div dir=\"auto\" style=\"text-align: justify;\">Que su muerte enluta a distinguidas familia de la localidad Muisne.<\/div>\n<div dir=\"auto\"><img loading=\"lazy\" decoding=\"async\" class=\"alignnone size-medium wp-image-11818\" src=\"https:\/\/gadmuisne.gob.ec\/web\/wp-content\/uploads\/2025\/01\/475730367_17926396032008906_3411707378019205681_n-300x300.jpg\" alt=\"\" width=\"300\" height=\"300\" srcset=\"https:\/\/gadmuisne.gob.ec\/web\/wp-content\/uploads\/2025\/01\/475730367_17926396032008906_3411707378019205681_n-300x300.jpg 300w, https:\/\/gadmuisne.gob.ec\/web\/wp-content\/uploads\/2025\/01\/475730367_17926396032008906_3411707378019205681_n-1024x1024.jpg 1024w, https:\/\/gadmuisne.gob.ec\/web\/wp-content\/uploads\/2025\/01\/475730367_17926396032008906_3411707378019205681_n-150x150.jpg 150w, https:\/\/gadmuisne.gob.ec\/web\/wp-content\/uploads\/2025\/01\/475730367_17926396032008906_3411707378019205681_n-768x767.jpg 768w, https:\/\/gadmuisne.gob.ec\/web\/wp-content\/uploads\/2025\/01\/475730367_17926396032008906_3411707378019205681_n-70x70.jpg 70w, https:\/\/gadmuisne.gob.ec\/web\/wp-content\/uploads\/2025\/01\/475730367_17926396032008906_3411707378019205681_n-270x270.jpg 270w, https:\/\/gadmuisne.gob.ec\/web\/wp-content\/uploads\/2025\/01\/475730367_17926396032008906_3411707378019205681_n-370x369.jpg 370w, https:\/\/gadmuisne.gob.ec\/web\/wp-content\/uploads\/2025\/01\/475730367_17926396032008906_3411707378019205681_n-570x569.jpg 570w, https:\/\/gadmuisne.gob.ec\/web\/wp-content\/uploads\/2025\/01\/475730367_17926396032008906_3411707378019205681_n-770x769.jpg 770w, https:\/\/gadmuisne.gob.ec\/web\/wp-content\/uploads\/2025\/01\/475730367_17926396032008906_3411707378019205681_n-870x869.jpg 870w, https:\/\/gadmuisne.gob.ec\/web\/wp-content\/uploads\/2025\/01\/475730367_17926396032008906_3411707378019205681_n-1170x1168.jpg 1170w, https:\/\/gadmuisne.gob.ec\/web\/wp-content\/uploads\/2025\/01\/475730367_17926396032008906_3411707378019205681_n.jpg 1440w\" sizes=\"auto, (max-width: 300px) 100vw, 300px\" \/><\/div>\n<\/div>\n","protected":false},"excerpt":{"rendered":"<p>En el transcurso este mi\u00e9rcoles en la ciudad de Muisne, dej\u00f3 de existir el distinguido profesor. V\u00edctor Espinosa Olgu\u00edn, quien adem\u00e1s fue parte de los primeros docentes del legendario colegio Alfredo P\u00e9rez Gurrero de esta ciudad. Que su muerte enluta a distinguidas familia de la localidad Muisne.<\/p>\n","protected":false},"author":4,"featured_media":11818,"comment_status":"closed","ping_status":"open","sticky":false,"template":"","format":"standard","meta":{"footnotes":""},"categories":[35],"tags":[],"class_list":["post-11817","post","type-post","status-publish","format-standard","has-post-thumbnail","hentry","category-actividades"],"_links":{"self":[{"href":"https:\/\/gadmuisne.gob.ec\/web\/wp-json\/wp\/v2\/posts\/11817","targetHints":{"allow":["GET"]}}],"collection":[{"href":"https:\/\/gadmuisne.gob.ec\/web\/wp-json\/wp\/v2\/posts"}],"about":[{"href":"https:\/\/gadmuisne.gob.ec\/web\/wp-json\/wp\/v2\/types\/post"}],"author":[{"embeddable":true,"href":"https:\/\/gadmuisne.gob.ec\/web\/wp-json\/wp\/v2\/users\/4"}],"replies":[{"embeddable":true,"href":"https:\/\/gadmuisne.gob.ec\/web\/wp-json\/wp\/v2\/comments?post=11817"}],"version-history":[{"count":1,"href":"https:\/\/gadmuisne.gob.ec\/web\/wp-json\/wp\/v2\/posts\/11817\/revisions"}],"predecessor-version":[{"id":11819,"href":"https:\/\/gadmuisne.gob.ec\/web\/wp-json\/wp\/v2\/posts\/11817\/revisions\/11819"}],"wp:featuredmedia":[{"embeddable":true,"href":"https:\/\/gadmuisne.gob.ec\/web\/wp-json\/wp\/v2\/media\/11818"}],"wp:attachment":[{"href":"https:\/\/gadmuisne.gob.ec\/web\/wp-json\/wp\/v2\/media?parent=11817"}],"wp:term":[{"taxonomy":"category","embeddable":true,"href":"https:\/\/gadmuisne.gob.ec\/web\/wp-json\/wp\/v2\/categories?post=11817"},{"taxonomy":"post_tag","embeddable":true,"href":"https:\/\/gadmuisne.gob.ec\/web\/wp-json\/wp\/v2\/tags?post=11817"}],"curies":[{"name":"wp","href":"https:\/\/api.w.org\/{rel}","templated":true}]}}