{"id":11841,"date":"2025-02-03T14:34:01","date_gmt":"2025-02-03T13:34:01","guid":{"rendered":"https:\/\/gadmuisne.gob.ec\/web\/?p=11841"},"modified":"2025-02-03T14:34:01","modified_gmt":"2025-02-03T13:34:01","slug":"militares-llegan-a-muisne-gracias-a-la-gestion-de-la-alcaldesa-yuri-colorado-las-fuerzas-armadas-del-ecuador-llegan-a-muisne","status":"publish","type":"post","link":"https:\/\/gadmuisne.gob.ec\/web\/militares-llegan-a-muisne-gracias-a-la-gestion-de-la-alcaldesa-yuri-colorado-las-fuerzas-armadas-del-ecuador-llegan-a-muisne\/","title":{"rendered":"\u00a1Militares llegan a Muisne! Gracias a la gesti\u00f3n de la alcaldesa Yuri Colorado, las Fuerzas Armadas del Ecuador llegan a Muisne."},"content":{"rendered":"<div class=\"xdj266r x11i5rnm xat24cr x1mh8g0r x1vvkbs x126k92a\">\n<div dir=\"auto\" style=\"text-align: justify;\">\u00a1Militares llegan a Muisne!<\/div>\n<\/div>\n<div class=\"x11i5rnm xat24cr x1mh8g0r x1vvkbs xtlvy1s x126k92a\" style=\"text-align: justify;\">\n<div dir=\"auto\">Gracias a la gesti\u00f3n de la alcaldesa Yuri Colorado, las Fuerzas Armadas del Ecuador llegan a Muisne.<\/div>\n<div dir=\"auto\"><\/div>\n<\/div>\n<div class=\"x11i5rnm xat24cr x1mh8g0r x1vvkbs xtlvy1s x126k92a\" style=\"text-align: justify;\">\n<div dir=\"auto\">La presencia militar se da despu\u00e9s de los compromisos se que realizaron en la Mesa de Seguridad, que preside la alcaldesa.<\/div>\n<\/div>\n<div class=\"x11i5rnm xat24cr x1mh8g0r x1vvkbs xtlvy1s x126k92a\" style=\"text-align: justify;\">\n<div dir=\"auto\">Desde esta Alcald\u00eda, trabajamos para que Muisne siga siendo un cant\u00f3n de paz y tranquilidad.<\/div>\n<div dir=\"auto\"><\/div>\n<\/div>\n<div class=\"x11i5rnm xat24cr x1mh8g0r x1vvkbs xtlvy1s x126k92a\">\n<div dir=\"auto\" style=\"text-align: justify;\">\u00a1Gracias a las fuerzas armadas por construir juntos un Muisne diferente y seguro!<\/div>\n<div dir=\"auto\"><img loading=\"lazy\" decoding=\"async\" class=\"alignnone size-medium wp-image-11842\" src=\"https:\/\/gadmuisne.gob.ec\/web\/wp-content\/uploads\/2025\/02\/475869387_17926541619008906_5592042037348806735_n-300x225.jpg\" alt=\"\" width=\"300\" height=\"225\" srcset=\"https:\/\/gadmuisne.gob.ec\/web\/wp-content\/uploads\/2025\/02\/475869387_17926541619008906_5592042037348806735_n-300x225.jpg 300w, https:\/\/gadmuisne.gob.ec\/web\/wp-content\/uploads\/2025\/02\/475869387_17926541619008906_5592042037348806735_n-1024x768.jpg 1024w, https:\/\/gadmuisne.gob.ec\/web\/wp-content\/uploads\/2025\/02\/475869387_17926541619008906_5592042037348806735_n-768x576.jpg 768w, https:\/\/gadmuisne.gob.ec\/web\/wp-content\/uploads\/2025\/02\/475869387_17926541619008906_5592042037348806735_n-270x203.jpg 270w, https:\/\/gadmuisne.gob.ec\/web\/wp-content\/uploads\/2025\/02\/475869387_17926541619008906_5592042037348806735_n-370x278.jpg 370w, https:\/\/gadmuisne.gob.ec\/web\/wp-content\/uploads\/2025\/02\/475869387_17926541619008906_5592042037348806735_n-570x428.jpg 570w, https:\/\/gadmuisne.gob.ec\/web\/wp-content\/uploads\/2025\/02\/475869387_17926541619008906_5592042037348806735_n-770x578.jpg 770w, https:\/\/gadmuisne.gob.ec\/web\/wp-content\/uploads\/2025\/02\/475869387_17926541619008906_5592042037348806735_n-870x653.jpg 870w, https:\/\/gadmuisne.gob.ec\/web\/wp-content\/uploads\/2025\/02\/475869387_17926541619008906_5592042037348806735_n-1170x878.jpg 1170w, https:\/\/gadmuisne.gob.ec\/web\/wp-content\/uploads\/2025\/02\/475869387_17926541619008906_5592042037348806735_n.jpg 1440w\" sizes=\"auto, (max-width: 300px) 100vw, 300px\" \/><\/div>\n<\/div>\n","protected":false},"excerpt":{"rendered":"<p>\u00a1Militares llegan a Muisne! Gracias a la gesti\u00f3n de la alcaldesa Yuri Colorado, las Fuerzas Armadas del Ecuador llegan a Muisne. La presencia militar se da despu\u00e9s de los compromisos se que realizaron en la Mesa de Seguridad, que preside la alcaldesa. Desde esta Alcald\u00eda, trabajamos para que Muisne siga&#8230;<\/p>\n","protected":false},"author":4,"featured_media":11842,"comment_status":"closed","ping_status":"open","sticky":false,"template":"","format":"standard","meta":{"footnotes":""},"categories":[35],"tags":[],"class_list":["post-11841","post","type-post","status-publish","format-standard","has-post-thumbnail","hentry","category-actividades"],"_links":{"self":[{"href":"https:\/\/gadmuisne.gob.ec\/web\/wp-json\/wp\/v2\/posts\/11841","targetHints":{"allow":["GET"]}}],"collection":[{"href":"https:\/\/gadmuisne.gob.ec\/web\/wp-json\/wp\/v2\/posts"}],"about":[{"href":"https:\/\/gadmuisne.gob.ec\/web\/wp-json\/wp\/v2\/types\/post"}],"author":[{"embeddable":true,"href":"https:\/\/gadmuisne.gob.ec\/web\/wp-json\/wp\/v2\/users\/4"}],"replies":[{"embeddable":true,"href":"https:\/\/gadmuisne.gob.ec\/web\/wp-json\/wp\/v2\/comments?post=11841"}],"version-history":[{"count":1,"href":"https:\/\/gadmuisne.gob.ec\/web\/wp-json\/wp\/v2\/posts\/11841\/revisions"}],"predecessor-version":[{"id":11843,"href":"https:\/\/gadmuisne.gob.ec\/web\/wp-json\/wp\/v2\/posts\/11841\/revisions\/11843"}],"wp:featuredmedia":[{"embeddable":true,"href":"https:\/\/gadmuisne.gob.ec\/web\/wp-json\/wp\/v2\/media\/11842"}],"wp:attachment":[{"href":"https:\/\/gadmuisne.gob.ec\/web\/wp-json\/wp\/v2\/media?parent=11841"}],"wp:term":[{"taxonomy":"category","embeddable":true,"href":"https:\/\/gadmuisne.gob.ec\/web\/wp-json\/wp\/v2\/categories?post=11841"},{"taxonomy":"post_tag","embeddable":true,"href":"https:\/\/gadmuisne.gob.ec\/web\/wp-json\/wp\/v2\/tags?post=11841"}],"curies":[{"name":"wp","href":"https:\/\/api.w.org\/{rel}","templated":true}]}}