{"id":11864,"date":"2025-02-04T22:52:51","date_gmt":"2025-02-04T21:52:51","guid":{"rendered":"https:\/\/gadmuisne.gob.ec\/web\/?p=11864"},"modified":"2025-02-04T22:52:51","modified_gmt":"2025-02-04T21:52:51","slug":"alcaldesa-se-reunio-con-el-ministro-de-salud-en-quito-la-alcaldesa-yuri-colorado-cumple-una-importante-agenda-de-trabajo-en-la-ciudad-de-quito-el-objetivo-es-dar-seguimiento-a-varios-proyectos-para-e","status":"publish","type":"post","link":"https:\/\/gadmuisne.gob.ec\/web\/alcaldesa-se-reunio-con-el-ministro-de-salud-en-quito-la-alcaldesa-yuri-colorado-cumple-una-importante-agenda-de-trabajo-en-la-ciudad-de-quito-el-objetivo-es-dar-seguimiento-a-varios-proyectos-para-e\/","title":{"rendered":"Alcaldesa se reuni\u00f3 con el Ministro de Salud en Quito La alcaldesa Yuri Colorado cumple una importante agenda de trabajo en la ciudad de Quito. El objetivo es dar seguimiento a varios proyectos para el cant\u00f3n."},"content":{"rendered":"<div class=\"xdj266r x11i5rnm xat24cr x1mh8g0r x1vvkbs x126k92a\">\n<div dir=\"auto\" style=\"text-align: justify;\">Alcaldesa se reuni\u00f3 con el Ministro de Salud en Quito<\/div>\n<\/div>\n<div class=\"x11i5rnm xat24cr x1mh8g0r x1vvkbs xtlvy1s x126k92a\" style=\"text-align: justify;\">\n<div dir=\"auto\">La alcaldesa Yuri Colorado cumple una importante agenda de trabajo en la ciudad de Quito.<\/div>\n<\/div>\n<div class=\"x11i5rnm xat24cr x1mh8g0r x1vvkbs xtlvy1s x126k92a\" style=\"text-align: justify;\">\n<div dir=\"auto\">El objetivo es dar seguimiento a varios proyectos para el cant\u00f3n.<\/div>\n<div dir=\"auto\"><\/div>\n<\/div>\n<div class=\"x11i5rnm xat24cr x1mh8g0r x1vvkbs xtlvy1s x126k92a\" style=\"text-align: justify;\">\n<div dir=\"auto\">La ma\u00f1ana de este martes se reuni\u00f3 con el Ministro de Salud, Dr. Antonio Naranjo Paz y Mi\u00f1o, para tratar temas de suma importancia para Muisne, como:<\/div>\n<div dir=\"auto\">1. Ayuda social que requiere una menor de Muisne para someterse de urgencia a una operaci\u00f3n, pero que, por la falta de recursos de sus padres, complica su tratamiento en general.<\/div>\n<div dir=\"auto\"><\/div>\n<div dir=\"auto\">2. Intervenci\u00f3n en la infraestructura del hospital y unidades operativas en todo el territorio muisne\u00f1o.<\/div>\n<div dir=\"auto\">3. Brecha de profesionales.<\/div>\n<div dir=\"auto\"><\/div>\n<\/div>\n<div class=\"x11i5rnm xat24cr x1mh8g0r x1vvkbs xtlvy1s x126k92a\" style=\"text-align: justify;\">\n<div dir=\"auto\">Finalmente, la alcaldesa expres\u00f3 su agradecimiento a cada uno de los directivos y funcionarios de las dependencias.<\/div>\n<\/div>\n<div class=\"x11i5rnm xat24cr x1mh8g0r x1vvkbs xtlvy1s x126k92a\">\n<div dir=\"auto\" style=\"text-align: justify;\"><span class=\"html-span xdj266r x11i5rnm xat24cr x1mh8g0r xexx8yu x4uap5 x18d9i69 xkhd6sd x1hl2dhg x16tdsg8 x1vvkbs\"><a class=\"x1i10hfl xjbqb8w x1ejq31n xd10rxx x1sy0etr x17r0tee x972fbf xcfux6l x1qhh985 xm0m39n x9f619 x1ypdohk xt0psk2 xe8uvvx xdj266r x11i5rnm xat24cr x1mh8g0r xexx8yu x4uap5 x18d9i69 xkhd6sd x16tdsg8 x1hl2dhg xggy1nq x1a2a7pz x1sur9pj xkrqix3 x1fey0fg x1s688f\" tabindex=\"0\" role=\"link\" href=\"https:\/\/www.facebook.com\/hashtag\/alcald%C3%ADademuisne?__eep__=6&amp;__cft__[0]=AZV80DFZk2E277lP36-qEffnU7itZaLG9CFTxDa0B9yo60wrNbB8Ay5lMBb9doatgedBOJrJBcGorCqf38mbDvfHkRvhMH-R734gQtr88AzSCc1wtId5-Vv2Dhb0zrmouuTAXkkzYlyZ5VWv-xbqgv5hNOtSdcs7lZkiG2P8FExIMLS18Jf-7RdCpNoWn2-uan8&amp;__tn__=*NK-R\">#Alcald\u00edaDeMuisne<\/a><\/span> <span class=\"html-span xdj266r x11i5rnm xat24cr x1mh8g0r xexx8yu x4uap5 x18d9i69 xkhd6sd x1hl2dhg x16tdsg8 x1vvkbs\"><a class=\"x1i10hfl xjbqb8w x1ejq31n xd10rxx x1sy0etr x17r0tee x972fbf xcfux6l x1qhh985 xm0m39n x9f619 x1ypdohk xt0psk2 xe8uvvx xdj266r x11i5rnm xat24cr x1mh8g0r xexx8yu x4uap5 x18d9i69 xkhd6sd x16tdsg8 x1hl2dhg xggy1nq x1a2a7pz x1sur9pj xkrqix3 x1fey0fg x1s688f\" tabindex=\"0\" role=\"link\" href=\"https:\/\/www.facebook.com\/hashtag\/juntosestamoslevantandomuisne?__eep__=6&amp;__cft__[0]=AZV80DFZk2E277lP36-qEffnU7itZaLG9CFTxDa0B9yo60wrNbB8Ay5lMBb9doatgedBOJrJBcGorCqf38mbDvfHkRvhMH-R734gQtr88AzSCc1wtId5-Vv2Dhb0zrmouuTAXkkzYlyZ5VWv-xbqgv5hNOtSdcs7lZkiG2P8FExIMLS18Jf-7RdCpNoWn2-uan8&amp;__tn__=*NK-R\">#JuntosEstamosLevantandoMuisne<\/a><\/span><\/div>\n<div dir=\"auto\"><img loading=\"lazy\" decoding=\"async\" class=\"alignnone size-medium wp-image-11865\" src=\"https:\/\/gadmuisne.gob.ec\/web\/wp-content\/uploads\/2025\/02\/476017988_17926962615008906_4704184134742091547_n-240x300.jpg\" alt=\"\" width=\"240\" height=\"300\" srcset=\"https:\/\/gadmuisne.gob.ec\/web\/wp-content\/uploads\/2025\/02\/476017988_17926962615008906_4704184134742091547_n-240x300.jpg 240w, https:\/\/gadmuisne.gob.ec\/web\/wp-content\/uploads\/2025\/02\/476017988_17926962615008906_4704184134742091547_n-819x1024.jpg 819w, https:\/\/gadmuisne.gob.ec\/web\/wp-content\/uploads\/2025\/02\/476017988_17926962615008906_4704184134742091547_n-768x960.jpg 768w, https:\/\/gadmuisne.gob.ec\/web\/wp-content\/uploads\/2025\/02\/476017988_17926962615008906_4704184134742091547_n-1229x1536.jpg 1229w, https:\/\/gadmuisne.gob.ec\/web\/wp-content\/uploads\/2025\/02\/476017988_17926962615008906_4704184134742091547_n-270x338.jpg 270w, https:\/\/gadmuisne.gob.ec\/web\/wp-content\/uploads\/2025\/02\/476017988_17926962615008906_4704184134742091547_n-370x463.jpg 370w, https:\/\/gadmuisne.gob.ec\/web\/wp-content\/uploads\/2025\/02\/476017988_17926962615008906_4704184134742091547_n-570x713.jpg 570w, https:\/\/gadmuisne.gob.ec\/web\/wp-content\/uploads\/2025\/02\/476017988_17926962615008906_4704184134742091547_n-770x963.jpg 770w, https:\/\/gadmuisne.gob.ec\/web\/wp-content\/uploads\/2025\/02\/476017988_17926962615008906_4704184134742091547_n-870x1088.jpg 870w, https:\/\/gadmuisne.gob.ec\/web\/wp-content\/uploads\/2025\/02\/476017988_17926962615008906_4704184134742091547_n-1170x1463.jpg 1170w, https:\/\/gadmuisne.gob.ec\/web\/wp-content\/uploads\/2025\/02\/476017988_17926962615008906_4704184134742091547_n.jpg 1440w\" sizes=\"auto, (max-width: 240px) 100vw, 240px\" \/><\/div>\n<\/div>\n","protected":false},"excerpt":{"rendered":"<p>Alcaldesa se reuni\u00f3 con el Ministro de Salud en Quito La alcaldesa Yuri Colorado cumple una importante agenda de trabajo en la ciudad de Quito. El objetivo es dar seguimiento a varios proyectos para el cant\u00f3n. La ma\u00f1ana de este martes se reuni\u00f3 con el Ministro de Salud, Dr. Antonio&#8230;<\/p>\n","protected":false},"author":4,"featured_media":11865,"comment_status":"closed","ping_status":"open","sticky":false,"template":"","format":"standard","meta":{"footnotes":""},"categories":[35],"tags":[],"class_list":["post-11864","post","type-post","status-publish","format-standard","has-post-thumbnail","hentry","category-actividades"],"_links":{"self":[{"href":"https:\/\/gadmuisne.gob.ec\/web\/wp-json\/wp\/v2\/posts\/11864","targetHints":{"allow":["GET"]}}],"collection":[{"href":"https:\/\/gadmuisne.gob.ec\/web\/wp-json\/wp\/v2\/posts"}],"about":[{"href":"https:\/\/gadmuisne.gob.ec\/web\/wp-json\/wp\/v2\/types\/post"}],"author":[{"embeddable":true,"href":"https:\/\/gadmuisne.gob.ec\/web\/wp-json\/wp\/v2\/users\/4"}],"replies":[{"embeddable":true,"href":"https:\/\/gadmuisne.gob.ec\/web\/wp-json\/wp\/v2\/comments?post=11864"}],"version-history":[{"count":1,"href":"https:\/\/gadmuisne.gob.ec\/web\/wp-json\/wp\/v2\/posts\/11864\/revisions"}],"predecessor-version":[{"id":11866,"href":"https:\/\/gadmuisne.gob.ec\/web\/wp-json\/wp\/v2\/posts\/11864\/revisions\/11866"}],"wp:featuredmedia":[{"embeddable":true,"href":"https:\/\/gadmuisne.gob.ec\/web\/wp-json\/wp\/v2\/media\/11865"}],"wp:attachment":[{"href":"https:\/\/gadmuisne.gob.ec\/web\/wp-json\/wp\/v2\/media?parent=11864"}],"wp:term":[{"taxonomy":"category","embeddable":true,"href":"https:\/\/gadmuisne.gob.ec\/web\/wp-json\/wp\/v2\/categories?post=11864"},{"taxonomy":"post_tag","embeddable":true,"href":"https:\/\/gadmuisne.gob.ec\/web\/wp-json\/wp\/v2\/tags?post=11864"}],"curies":[{"name":"wp","href":"https:\/\/api.w.org\/{rel}","templated":true}]}}