{"id":11871,"date":"2025-02-04T22:57:09","date_gmt":"2025-02-04T21:57:09","guid":{"rendered":"https:\/\/gadmuisne.gob.ec\/web\/?p=11871"},"modified":"2025-02-04T22:57:36","modified_gmt":"2025-02-04T21:57:36","slug":"la-alcaldesa-del-canton-muisne-yuri-colorado-marquez-se-reunio-con-el-viceministro-de-infraestructura-s-eduardo-bonilla-para-tratar-sobre-los-proyectos-de-reconstruccion-del-canton","status":"publish","type":"post","link":"https:\/\/gadmuisne.gob.ec\/web\/la-alcaldesa-del-canton-muisne-yuri-colorado-marquez-se-reunio-con-el-viceministro-de-infraestructura-s-eduardo-bonilla-para-tratar-sobre-los-proyectos-de-reconstruccion-del-canton\/","title":{"rendered":"La alcaldesa del cant\u00f3n Muisne, Yuri Colorado M\u00e1rquez, se reuni\u00f3 con el viceministro de Infraestructura (s), Eduardo Bonilla, para tratar sobre los proyectos de reconstrucci\u00f3n del cant\u00f3n."},"content":{"rendered":"<p style=\"text-align: justify;\">La alcaldesa del cant\u00f3n Muisne, Yuri Colorado M\u00e1rquez, se reuni\u00f3 con el viceministro de Infraestructura (s), Eduardo Bonilla, para tratar sobre los proyectos de reconstrucci\u00f3n del cant\u00f3n.<\/p>\n<p><img loading=\"lazy\" decoding=\"async\" class=\"alignnone size-medium wp-image-11870\" src=\"https:\/\/gadmuisne.gob.ec\/web\/wp-content\/uploads\/2025\/02\/476103922_17926900701008906_976106790761804880_n-1-1-300x185.jpg\" alt=\"\" width=\"300\" height=\"185\" srcset=\"https:\/\/gadmuisne.gob.ec\/web\/wp-content\/uploads\/2025\/02\/476103922_17926900701008906_976106790761804880_n-1-1-300x185.jpg 300w, https:\/\/gadmuisne.gob.ec\/web\/wp-content\/uploads\/2025\/02\/476103922_17926900701008906_976106790761804880_n-1-1-1024x633.jpg 1024w, https:\/\/gadmuisne.gob.ec\/web\/wp-content\/uploads\/2025\/02\/476103922_17926900701008906_976106790761804880_n-1-1-768x475.jpg 768w, https:\/\/gadmuisne.gob.ec\/web\/wp-content\/uploads\/2025\/02\/476103922_17926900701008906_976106790761804880_n-1-1-270x167.jpg 270w, https:\/\/gadmuisne.gob.ec\/web\/wp-content\/uploads\/2025\/02\/476103922_17926900701008906_976106790761804880_n-1-1-370x229.jpg 370w, https:\/\/gadmuisne.gob.ec\/web\/wp-content\/uploads\/2025\/02\/476103922_17926900701008906_976106790761804880_n-1-1-570x352.jpg 570w, https:\/\/gadmuisne.gob.ec\/web\/wp-content\/uploads\/2025\/02\/476103922_17926900701008906_976106790761804880_n-1-1-770x476.jpg 770w, https:\/\/gadmuisne.gob.ec\/web\/wp-content\/uploads\/2025\/02\/476103922_17926900701008906_976106790761804880_n-1-1-870x538.jpg 870w, https:\/\/gadmuisne.gob.ec\/web\/wp-content\/uploads\/2025\/02\/476103922_17926900701008906_976106790761804880_n-1-1-1170x723.jpg 1170w, https:\/\/gadmuisne.gob.ec\/web\/wp-content\/uploads\/2025\/02\/476103922_17926900701008906_976106790761804880_n-1-1.jpg 1440w\" sizes=\"auto, (max-width: 300px) 100vw, 300px\" \/><img loading=\"lazy\" decoding=\"async\" class=\"alignnone size-medium wp-image-11872\" src=\"https:\/\/gadmuisne.gob.ec\/web\/wp-content\/uploads\/2025\/02\/475909363_536399499457607_698981840076405171_n-1-300x199.jpg\" alt=\"\" width=\"300\" height=\"199\" srcset=\"https:\/\/gadmuisne.gob.ec\/web\/wp-content\/uploads\/2025\/02\/475909363_536399499457607_698981840076405171_n-1-300x199.jpg 300w, https:\/\/gadmuisne.gob.ec\/web\/wp-content\/uploads\/2025\/02\/475909363_536399499457607_698981840076405171_n-1-1024x678.jpg 1024w, https:\/\/gadmuisne.gob.ec\/web\/wp-content\/uploads\/2025\/02\/475909363_536399499457607_698981840076405171_n-1-768x509.jpg 768w, https:\/\/gadmuisne.gob.ec\/web\/wp-content\/uploads\/2025\/02\/475909363_536399499457607_698981840076405171_n-1-1536x1017.jpg 1536w, https:\/\/gadmuisne.gob.ec\/web\/wp-content\/uploads\/2025\/02\/475909363_536399499457607_698981840076405171_n-1-270x179.jpg 270w, https:\/\/gadmuisne.gob.ec\/web\/wp-content\/uploads\/2025\/02\/475909363_536399499457607_698981840076405171_n-1-370x245.jpg 370w, https:\/\/gadmuisne.gob.ec\/web\/wp-content\/uploads\/2025\/02\/475909363_536399499457607_698981840076405171_n-1-570x377.jpg 570w, https:\/\/gadmuisne.gob.ec\/web\/wp-content\/uploads\/2025\/02\/475909363_536399499457607_698981840076405171_n-1-770x510.jpg 770w, https:\/\/gadmuisne.gob.ec\/web\/wp-content\/uploads\/2025\/02\/475909363_536399499457607_698981840076405171_n-1-870x576.jpg 870w, https:\/\/gadmuisne.gob.ec\/web\/wp-content\/uploads\/2025\/02\/475909363_536399499457607_698981840076405171_n-1-1170x775.jpg 1170w, https:\/\/gadmuisne.gob.ec\/web\/wp-content\/uploads\/2025\/02\/475909363_536399499457607_698981840076405171_n-1-1570x1040.jpg 1570w, https:\/\/gadmuisne.gob.ec\/web\/wp-content\/uploads\/2025\/02\/475909363_536399499457607_698981840076405171_n-1.jpg 2048w\" sizes=\"auto, (max-width: 300px) 100vw, 300px\" \/><\/p>\n","protected":false},"excerpt":{"rendered":"<p>La alcaldesa del cant\u00f3n Muisne, Yuri Colorado M\u00e1rquez, se reuni\u00f3 con el viceministro de Infraestructura (s), Eduardo Bonilla, para tratar sobre los proyectos de reconstrucci\u00f3n del cant\u00f3n.<\/p>\n","protected":false},"author":4,"featured_media":11870,"comment_status":"closed","ping_status":"open","sticky":false,"template":"","format":"standard","meta":{"footnotes":""},"categories":[35],"tags":[],"class_list":["post-11871","post","type-post","status-publish","format-standard","has-post-thumbnail","hentry","category-actividades"],"_links":{"self":[{"href":"https:\/\/gadmuisne.gob.ec\/web\/wp-json\/wp\/v2\/posts\/11871","targetHints":{"allow":["GET"]}}],"collection":[{"href":"https:\/\/gadmuisne.gob.ec\/web\/wp-json\/wp\/v2\/posts"}],"about":[{"href":"https:\/\/gadmuisne.gob.ec\/web\/wp-json\/wp\/v2\/types\/post"}],"author":[{"embeddable":true,"href":"https:\/\/gadmuisne.gob.ec\/web\/wp-json\/wp\/v2\/users\/4"}],"replies":[{"embeddable":true,"href":"https:\/\/gadmuisne.gob.ec\/web\/wp-json\/wp\/v2\/comments?post=11871"}],"version-history":[{"count":1,"href":"https:\/\/gadmuisne.gob.ec\/web\/wp-json\/wp\/v2\/posts\/11871\/revisions"}],"predecessor-version":[{"id":11873,"href":"https:\/\/gadmuisne.gob.ec\/web\/wp-json\/wp\/v2\/posts\/11871\/revisions\/11873"}],"wp:featuredmedia":[{"embeddable":true,"href":"https:\/\/gadmuisne.gob.ec\/web\/wp-json\/wp\/v2\/media\/11870"}],"wp:attachment":[{"href":"https:\/\/gadmuisne.gob.ec\/web\/wp-json\/wp\/v2\/media?parent=11871"}],"wp:term":[{"taxonomy":"category","embeddable":true,"href":"https:\/\/gadmuisne.gob.ec\/web\/wp-json\/wp\/v2\/categories?post=11871"},{"taxonomy":"post_tag","embeddable":true,"href":"https:\/\/gadmuisne.gob.ec\/web\/wp-json\/wp\/v2\/tags?post=11871"}],"curies":[{"name":"wp","href":"https:\/\/api.w.org\/{rel}","templated":true}]}}