{"id":11890,"date":"2025-02-05T14:45:31","date_gmt":"2025-02-05T13:45:31","guid":{"rendered":"https:\/\/gadmuisne.gob.ec\/web\/?p=11890"},"modified":"2025-02-05T14:45:31","modified_gmt":"2025-02-05T13:45:31","slug":"por-musine-nadie-se-cansa-la-gestion-de-la-alcaldesa-yuri-colorado-es-incansable-en-su-visita-a-quito-se-reunio-con-la-ministra-de-educacion-alegria-crespo-para-continuar-con-el-trabajo-art","status":"publish","type":"post","link":"https:\/\/gadmuisne.gob.ec\/web\/por-musine-nadie-se-cansa-la-gestion-de-la-alcaldesa-yuri-colorado-es-incansable-en-su-visita-a-quito-se-reunio-con-la-ministra-de-educacion-alegria-crespo-para-continuar-con-el-trabajo-art\/","title":{"rendered":"\u00a1Por Musine nadie se cansa! La gesti\u00f3n de la alcaldesa Yuri Colorado es incansable. En su visita a Quito, se reuni\u00f3 con la ministra de educaci\u00f3n, Alegr\u00eda Crespo, para continuar con el trabajo articulado en las unidades educativas del Cant\u00f3n."},"content":{"rendered":"<div class=\"xdj266r x11i5rnm xat24cr x1mh8g0r x1vvkbs x126k92a\">\n<div dir=\"auto\" style=\"text-align: justify;\">\u00a1Por Musine nadie se cansa!<\/div>\n<\/div>\n<div class=\"x11i5rnm xat24cr x1mh8g0r x1vvkbs xtlvy1s x126k92a\" style=\"text-align: justify;\">\n<div dir=\"auto\">La gesti\u00f3n de la alcaldesa Yuri Colorado es incansable. En su visita a Quito, se reuni\u00f3 con la ministra de educaci\u00f3n, Alegr\u00eda Crespo, para continuar con el trabajo articulado en las unidades educativas del Cant\u00f3n.<\/div>\n<div dir=\"auto\"><\/div>\n<\/div>\n<div class=\"x11i5rnm xat24cr x1mh8g0r x1vvkbs xtlvy1s x126k92a\" style=\"text-align: justify;\">\n<div dir=\"auto\">La alcaldesa agradeci\u00f3 a esta Cartera de Estado por el recibimiento, la apertura y el apoyo que se le brinda a Muisne.<\/div>\n<\/div>\n<div class=\"x11i5rnm xat24cr x1mh8g0r x1vvkbs xtlvy1s x126k92a\" style=\"text-align: justify;\">\n<div dir=\"auto\">\u00a1Juntos estamos levantando a Muisne!<\/div>\n<\/div>\n<div class=\"x11i5rnm xat24cr x1mh8g0r x1vvkbs xtlvy1s x126k92a\">\n<div dir=\"auto\" style=\"text-align: justify;\"><span class=\"html-span xdj266r x11i5rnm xat24cr x1mh8g0r xexx8yu x4uap5 x18d9i69 xkhd6sd x1hl2dhg x16tdsg8 x1vvkbs\"><a class=\"x1i10hfl xjbqb8w x1ejq31n xd10rxx x1sy0etr x17r0tee x972fbf xcfux6l x1qhh985 xm0m39n x9f619 x1ypdohk xt0psk2 xe8uvvx xdj266r x11i5rnm xat24cr x1mh8g0r xexx8yu x4uap5 x18d9i69 xkhd6sd x16tdsg8 x1hl2dhg xggy1nq x1a2a7pz x1sur9pj xkrqix3 x1fey0fg x1s688f\" tabindex=\"0\" role=\"link\" href=\"https:\/\/www.facebook.com\/hashtag\/alcald%C3%ADademuisne?__eep__=6&amp;__cft__[0]=AZVsx_UfYDPEVIzcFQAcH_XZRYgDn3KoJX-u1S-h7KDhC8clFacnbHkMA87oO_vQbgi4VHw8XftdgU3Bud4UeEYsaArPK2Vul7bIfMTscSYc76r5R-TKtNWNodXa2aUBPVsLeIdRWhjFZn8jweGqgrnYtaGvcRFxpXzDJuDQnQ4fFSwbtM4vHTTwadh0rBKId8I&amp;__tn__=*NK-R\">#Alcald\u00edaDeMuisne<\/a><\/span> <span class=\"html-span xdj266r x11i5rnm xat24cr x1mh8g0r xexx8yu x4uap5 x18d9i69 xkhd6sd x1hl2dhg x16tdsg8 x1vvkbs\"><a class=\"x1i10hfl xjbqb8w x1ejq31n xd10rxx x1sy0etr x17r0tee x972fbf xcfux6l x1qhh985 xm0m39n x9f619 x1ypdohk xt0psk2 xe8uvvx xdj266r x11i5rnm xat24cr x1mh8g0r xexx8yu x4uap5 x18d9i69 xkhd6sd x16tdsg8 x1hl2dhg xggy1nq x1a2a7pz x1sur9pj xkrqix3 x1fey0fg x1s688f\" tabindex=\"0\" role=\"link\" href=\"https:\/\/www.facebook.com\/hashtag\/juntosestamoslevantandomuisne?__eep__=6&amp;__cft__[0]=AZVsx_UfYDPEVIzcFQAcH_XZRYgDn3KoJX-u1S-h7KDhC8clFacnbHkMA87oO_vQbgi4VHw8XftdgU3Bud4UeEYsaArPK2Vul7bIfMTscSYc76r5R-TKtNWNodXa2aUBPVsLeIdRWhjFZn8jweGqgrnYtaGvcRFxpXzDJuDQnQ4fFSwbtM4vHTTwadh0rBKId8I&amp;__tn__=*NK-R\">#JuntosEstamosLevantandoMuisne<\/a><\/span><\/div>\n<div dir=\"auto\"><img loading=\"lazy\" decoding=\"async\" class=\"alignnone size-medium wp-image-11891\" src=\"https:\/\/gadmuisne.gob.ec\/web\/wp-content\/uploads\/2025\/02\/475534701_537022306061993_1985597259256028354_n-300x169.jpg\" alt=\"\" width=\"300\" height=\"169\" srcset=\"https:\/\/gadmuisne.gob.ec\/web\/wp-content\/uploads\/2025\/02\/475534701_537022306061993_1985597259256028354_n-300x169.jpg 300w, https:\/\/gadmuisne.gob.ec\/web\/wp-content\/uploads\/2025\/02\/475534701_537022306061993_1985597259256028354_n-1024x576.jpg 1024w, https:\/\/gadmuisne.gob.ec\/web\/wp-content\/uploads\/2025\/02\/475534701_537022306061993_1985597259256028354_n-768x432.jpg 768w, https:\/\/gadmuisne.gob.ec\/web\/wp-content\/uploads\/2025\/02\/475534701_537022306061993_1985597259256028354_n-1536x864.jpg 1536w, https:\/\/gadmuisne.gob.ec\/web\/wp-content\/uploads\/2025\/02\/475534701_537022306061993_1985597259256028354_n-270x152.jpg 270w, https:\/\/gadmuisne.gob.ec\/web\/wp-content\/uploads\/2025\/02\/475534701_537022306061993_1985597259256028354_n-370x208.jpg 370w, https:\/\/gadmuisne.gob.ec\/web\/wp-content\/uploads\/2025\/02\/475534701_537022306061993_1985597259256028354_n-570x321.jpg 570w, https:\/\/gadmuisne.gob.ec\/web\/wp-content\/uploads\/2025\/02\/475534701_537022306061993_1985597259256028354_n-770x433.jpg 770w, https:\/\/gadmuisne.gob.ec\/web\/wp-content\/uploads\/2025\/02\/475534701_537022306061993_1985597259256028354_n-870x489.jpg 870w, https:\/\/gadmuisne.gob.ec\/web\/wp-content\/uploads\/2025\/02\/475534701_537022306061993_1985597259256028354_n-1170x658.jpg 1170w, https:\/\/gadmuisne.gob.ec\/web\/wp-content\/uploads\/2025\/02\/475534701_537022306061993_1985597259256028354_n-1570x883.jpg 1570w, https:\/\/gadmuisne.gob.ec\/web\/wp-content\/uploads\/2025\/02\/475534701_537022306061993_1985597259256028354_n.jpg 1600w\" sizes=\"auto, (max-width: 300px) 100vw, 300px\" \/><img loading=\"lazy\" decoding=\"async\" class=\"alignnone size-medium wp-image-11892\" src=\"https:\/\/gadmuisne.gob.ec\/web\/wp-content\/uploads\/2025\/02\/476321015_17927002119008906_1907470372324194646_n-240x300.jpg\" alt=\"\" width=\"240\" height=\"300\" srcset=\"https:\/\/gadmuisne.gob.ec\/web\/wp-content\/uploads\/2025\/02\/476321015_17927002119008906_1907470372324194646_n-240x300.jpg 240w, https:\/\/gadmuisne.gob.ec\/web\/wp-content\/uploads\/2025\/02\/476321015_17927002119008906_1907470372324194646_n-820x1024.jpg 820w, https:\/\/gadmuisne.gob.ec\/web\/wp-content\/uploads\/2025\/02\/476321015_17927002119008906_1907470372324194646_n-768x960.jpg 768w, https:\/\/gadmuisne.gob.ec\/web\/wp-content\/uploads\/2025\/02\/476321015_17927002119008906_1907470372324194646_n-270x337.jpg 270w, https:\/\/gadmuisne.gob.ec\/web\/wp-content\/uploads\/2025\/02\/476321015_17927002119008906_1907470372324194646_n-370x462.jpg 370w, https:\/\/gadmuisne.gob.ec\/web\/wp-content\/uploads\/2025\/02\/476321015_17927002119008906_1907470372324194646_n-570x712.jpg 570w, https:\/\/gadmuisne.gob.ec\/web\/wp-content\/uploads\/2025\/02\/476321015_17927002119008906_1907470372324194646_n-770x962.jpg 770w, https:\/\/gadmuisne.gob.ec\/web\/wp-content\/uploads\/2025\/02\/476321015_17927002119008906_1907470372324194646_n-870x1087.jpg 870w, https:\/\/gadmuisne.gob.ec\/web\/wp-content\/uploads\/2025\/02\/476321015_17927002119008906_1907470372324194646_n.jpg 1018w\" sizes=\"auto, (max-width: 240px) 100vw, 240px\" \/><\/div>\n<\/div>\n","protected":false},"excerpt":{"rendered":"<p>\u00a1Por Musine nadie se cansa! La gesti\u00f3n de la alcaldesa Yuri Colorado es incansable. En su visita a Quito, se reuni\u00f3 con la ministra de educaci\u00f3n, Alegr\u00eda Crespo, para continuar con el trabajo articulado en las unidades educativas del Cant\u00f3n. La alcaldesa agradeci\u00f3 a esta Cartera de Estado por el&#8230;<\/p>\n","protected":false},"author":4,"featured_media":11892,"comment_status":"closed","ping_status":"open","sticky":false,"template":"","format":"standard","meta":{"footnotes":""},"categories":[1],"tags":[],"class_list":["post-11890","post","type-post","status-publish","format-standard","has-post-thumbnail","hentry","category-sin-categoria"],"_links":{"self":[{"href":"https:\/\/gadmuisne.gob.ec\/web\/wp-json\/wp\/v2\/posts\/11890","targetHints":{"allow":["GET"]}}],"collection":[{"href":"https:\/\/gadmuisne.gob.ec\/web\/wp-json\/wp\/v2\/posts"}],"about":[{"href":"https:\/\/gadmuisne.gob.ec\/web\/wp-json\/wp\/v2\/types\/post"}],"author":[{"embeddable":true,"href":"https:\/\/gadmuisne.gob.ec\/web\/wp-json\/wp\/v2\/users\/4"}],"replies":[{"embeddable":true,"href":"https:\/\/gadmuisne.gob.ec\/web\/wp-json\/wp\/v2\/comments?post=11890"}],"version-history":[{"count":1,"href":"https:\/\/gadmuisne.gob.ec\/web\/wp-json\/wp\/v2\/posts\/11890\/revisions"}],"predecessor-version":[{"id":11893,"href":"https:\/\/gadmuisne.gob.ec\/web\/wp-json\/wp\/v2\/posts\/11890\/revisions\/11893"}],"wp:featuredmedia":[{"embeddable":true,"href":"https:\/\/gadmuisne.gob.ec\/web\/wp-json\/wp\/v2\/media\/11892"}],"wp:attachment":[{"href":"https:\/\/gadmuisne.gob.ec\/web\/wp-json\/wp\/v2\/media?parent=11890"}],"wp:term":[{"taxonomy":"category","embeddable":true,"href":"https:\/\/gadmuisne.gob.ec\/web\/wp-json\/wp\/v2\/categories?post=11890"},{"taxonomy":"post_tag","embeddable":true,"href":"https:\/\/gadmuisne.gob.ec\/web\/wp-json\/wp\/v2\/tags?post=11890"}],"curies":[{"name":"wp","href":"https:\/\/api.w.org\/{rel}","templated":true}]}}