{"id":11902,"date":"2025-02-05T22:42:02","date_gmt":"2025-02-05T21:42:02","guid":{"rendered":"https:\/\/gadmuisne.gob.ec\/web\/?p=11902"},"modified":"2025-02-05T22:42:02","modified_gmt":"2025-02-05T21:42:02","slug":"alcaldia-de-muisne-transfiere-3-500-dolares-a-salima-para-construccion-de-graderia-la-alcaldia-del-canton-muisne-y-el-gobierno-parroquial-de-salima-firmaron-un-importante-convenio-para-la-ejecucion-d","status":"publish","type":"post","link":"https:\/\/gadmuisne.gob.ec\/web\/alcaldia-de-muisne-transfiere-3-500-dolares-a-salima-para-construccion-de-graderia-la-alcaldia-del-canton-muisne-y-el-gobierno-parroquial-de-salima-firmaron-un-importante-convenio-para-la-ejecucion-d\/","title":{"rendered":"Alcald\u00eda de Muisne transfiere 3.500 d\u00f3lares a S\u00e1lima para construcci\u00f3n de grader\u00eda. La alcald\u00eda del cant\u00f3n Muisne y el Gobierno parroquial de S\u00e1lima firmaron un importante convenio para la ejecuci\u00f3n de una importante obra."},"content":{"rendered":"<div class=\"xdj266r x11i5rnm xat24cr x1mh8g0r x1vvkbs x126k92a\">\n<div dir=\"auto\" style=\"text-align: justify;\">Alcald\u00eda de Muisne transfiere 3.500 d\u00f3lares a S\u00e1lima para construcci\u00f3n de grader\u00eda.<\/div>\n<\/div>\n<div class=\"x11i5rnm xat24cr x1mh8g0r x1vvkbs xtlvy1s x126k92a\" style=\"text-align: justify;\">\n<div dir=\"auto\">La alcald\u00eda del cant\u00f3n Muisne y el Gobierno parroquial de S\u00e1lima firmaron un importante convenio para la ejecuci\u00f3n de una importante obra.<\/div>\n<\/div>\n<div class=\"x11i5rnm xat24cr x1mh8g0r x1vvkbs xtlvy1s x126k92a\" style=\"text-align: justify;\">\n<div dir=\"auto\">La construcci\u00f3n de los grader\u00edos para la cancha de usos m\u00faltiples de la comunidad de Golpeacoco.<\/div>\n<div dir=\"auto\"><\/div>\n<\/div>\n<div class=\"x11i5rnm xat24cr x1mh8g0r x1vvkbs xtlvy1s x126k92a\" style=\"text-align: justify;\">\n<div dir=\"auto\">Para concretar este compromiso, la alcald\u00eda transfiri\u00f3 3.500,00 d\u00f3lares a las arcas del Gobierno Parroquial, para que se inicien los trabajos.<\/div>\n<\/div>\n<div class=\"x11i5rnm xat24cr x1mh8g0r x1vvkbs xtlvy1s x126k92a\" style=\"text-align: justify;\">\n<div dir=\"auto\">La obra beneficia a m\u00e1s de 2500 personas de esta comunidad, as\u00ed como a las familias de los recintos La Lora, La Uni\u00f3n y El Bonito, comunidades que son cercanas al lugar.<\/div>\n<\/div>\n<div class=\"x11i5rnm xat24cr x1mh8g0r x1vvkbs xtlvy1s x126k92a\" style=\"text-align: justify;\">\n<div dir=\"auto\">Neri Escobar Rosales, presidente del Gobierno Parroquial de S\u00e1lima, dijo que la obra en su totalidad tiene un costo de 11.400,00 d\u00f3lares en un \u00e1rea de 20 metros de longitud.<\/div>\n<\/div>\n<div class=\"x11i5rnm xat24cr x1mh8g0r x1vvkbs xtlvy1s x126k92a\" style=\"text-align: justify;\">\n<div dir=\"auto\">Adem\u00e1s, expres\u00f3 su gratitud a la alcaldesa del cant\u00f3n Muisne, Yuri Colorado M\u00e1rquez, por cumplir este compromiso con esta comunidad.<\/div>\n<\/div>\n<div class=\"x11i5rnm xat24cr x1mh8g0r x1vvkbs xtlvy1s x126k92a\" style=\"text-align: justify;\">\n<div dir=\"auto\">Destaca tambi\u00e9n que la municipalidad ser\u00e1 la encargada de manejar los proyectos y la fiscalizaci\u00f3n.<\/div>\n<div dir=\"auto\"><\/div>\n<\/div>\n<div class=\"x11i5rnm xat24cr x1mh8g0r x1vvkbs xtlvy1s x126k92a\" style=\"text-align: justify;\">\n<div dir=\"auto\">Cabe recordar que los grader\u00edos de esta cancha fueron derrumbados en su totalidad por el terremoto del a\u00f1o 2016. Con la construcci\u00f3n de esta obra, la comunidad podr\u00e1 realizar sus eventos sociales, culturales y deportivos, como complementos para mover la econom\u00eda y otros sectores de la parroquia.<\/div>\n<\/div>\n<div class=\"x11i5rnm xat24cr x1mh8g0r x1vvkbs xtlvy1s x126k92a\">\n<div dir=\"auto\" style=\"text-align: justify;\"><span class=\"html-span xdj266r x11i5rnm xat24cr x1mh8g0r xexx8yu x4uap5 x18d9i69 xkhd6sd x1hl2dhg x16tdsg8 x1vvkbs\"><a class=\"x1i10hfl xjbqb8w x1ejq31n xd10rxx x1sy0etr x17r0tee x972fbf xcfux6l x1qhh985 xm0m39n x9f619 x1ypdohk xt0psk2 xe8uvvx xdj266r x11i5rnm xat24cr x1mh8g0r xexx8yu x4uap5 x18d9i69 xkhd6sd x16tdsg8 x1hl2dhg xggy1nq x1a2a7pz x1sur9pj xkrqix3 x1fey0fg x1s688f\" tabindex=\"0\" role=\"link\" href=\"https:\/\/www.facebook.com\/hashtag\/alcald%C3%ADademuisne?__eep__=6&amp;__cft__[0]=AZV22mjcNk8HA26sWUkpiNuUMmX4n9fregrwRZ2-q9Hn5W2_kLPXLf6CFCl7sxsOdGaw_IoGVH2guWEjxqwefmv8iCjz7CWZopXJgDPZ0ggA9RRtKccKCmD09vLCasWiBGlQWlrVTds9y3Up58SjDfJIzp6fmsn_tRGq3RQt3JJ-dR7WGT12BKMY3gLwal5Gznk&amp;__tn__=*NK-R\">#Alcald\u00edaDeMuisne<\/a><\/span> <span class=\"html-span xdj266r x11i5rnm xat24cr x1mh8g0r xexx8yu x4uap5 x18d9i69 xkhd6sd x1hl2dhg x16tdsg8 x1vvkbs\"><a class=\"x1i10hfl xjbqb8w x1ejq31n xd10rxx x1sy0etr x17r0tee x972fbf xcfux6l x1qhh985 xm0m39n x9f619 x1ypdohk xt0psk2 xe8uvvx xdj266r x11i5rnm xat24cr x1mh8g0r xexx8yu x4uap5 x18d9i69 xkhd6sd x16tdsg8 x1hl2dhg xggy1nq x1a2a7pz x1sur9pj xkrqix3 x1fey0fg x1s688f\" tabindex=\"0\" role=\"link\" href=\"https:\/\/www.facebook.com\/hashtag\/juntosestamoslevantandomuisne?__eep__=6&amp;__cft__[0]=AZV22mjcNk8HA26sWUkpiNuUMmX4n9fregrwRZ2-q9Hn5W2_kLPXLf6CFCl7sxsOdGaw_IoGVH2guWEjxqwefmv8iCjz7CWZopXJgDPZ0ggA9RRtKccKCmD09vLCasWiBGlQWlrVTds9y3Up58SjDfJIzp6fmsn_tRGq3RQt3JJ-dR7WGT12BKMY3gLwal5Gznk&amp;__tn__=*NK-R\">#JuntosEstamosLevantandoMuisne<\/a><\/span><\/div>\n<div dir=\"auto\"><img loading=\"lazy\" decoding=\"async\" class=\"alignnone size-medium wp-image-11903\" src=\"https:\/\/gadmuisne.gob.ec\/web\/wp-content\/uploads\/2025\/02\/476116614_17927092239008906_7918575971079972986_n-1-300x300.jpg\" alt=\"\" width=\"300\" height=\"300\" srcset=\"https:\/\/gadmuisne.gob.ec\/web\/wp-content\/uploads\/2025\/02\/476116614_17927092239008906_7918575971079972986_n-1-300x300.jpg 300w, https:\/\/gadmuisne.gob.ec\/web\/wp-content\/uploads\/2025\/02\/476116614_17927092239008906_7918575971079972986_n-1-1024x1024.jpg 1024w, https:\/\/gadmuisne.gob.ec\/web\/wp-content\/uploads\/2025\/02\/476116614_17927092239008906_7918575971079972986_n-1-150x150.jpg 150w, https:\/\/gadmuisne.gob.ec\/web\/wp-content\/uploads\/2025\/02\/476116614_17927092239008906_7918575971079972986_n-1-768x768.jpg 768w, https:\/\/gadmuisne.gob.ec\/web\/wp-content\/uploads\/2025\/02\/476116614_17927092239008906_7918575971079972986_n-1-70x70.jpg 70w, https:\/\/gadmuisne.gob.ec\/web\/wp-content\/uploads\/2025\/02\/476116614_17927092239008906_7918575971079972986_n-1-270x270.jpg 270w, https:\/\/gadmuisne.gob.ec\/web\/wp-content\/uploads\/2025\/02\/476116614_17927092239008906_7918575971079972986_n-1-370x370.jpg 370w, https:\/\/gadmuisne.gob.ec\/web\/wp-content\/uploads\/2025\/02\/476116614_17927092239008906_7918575971079972986_n-1-570x570.jpg 570w, https:\/\/gadmuisne.gob.ec\/web\/wp-content\/uploads\/2025\/02\/476116614_17927092239008906_7918575971079972986_n-1-770x770.jpg 770w, https:\/\/gadmuisne.gob.ec\/web\/wp-content\/uploads\/2025\/02\/476116614_17927092239008906_7918575971079972986_n-1-870x870.jpg 870w, https:\/\/gadmuisne.gob.ec\/web\/wp-content\/uploads\/2025\/02\/476116614_17927092239008906_7918575971079972986_n-1.jpg 1080w\" sizes=\"auto, (max-width: 300px) 100vw, 300px\" \/><\/div>\n<\/div>\n","protected":false},"excerpt":{"rendered":"<p>Alcald\u00eda de Muisne transfiere 3.500 d\u00f3lares a S\u00e1lima para construcci\u00f3n de grader\u00eda. La alcald\u00eda del cant\u00f3n Muisne y el Gobierno parroquial de S\u00e1lima firmaron un importante convenio para la ejecuci\u00f3n de una importante obra. La construcci\u00f3n de los grader\u00edos para la cancha de usos m\u00faltiples de la comunidad de Golpeacoco&#8230;.<\/p>\n","protected":false},"author":4,"featured_media":11903,"comment_status":"closed","ping_status":"open","sticky":false,"template":"","format":"standard","meta":{"footnotes":""},"categories":[1],"tags":[],"class_list":["post-11902","post","type-post","status-publish","format-standard","has-post-thumbnail","hentry","category-sin-categoria"],"_links":{"self":[{"href":"https:\/\/gadmuisne.gob.ec\/web\/wp-json\/wp\/v2\/posts\/11902","targetHints":{"allow":["GET"]}}],"collection":[{"href":"https:\/\/gadmuisne.gob.ec\/web\/wp-json\/wp\/v2\/posts"}],"about":[{"href":"https:\/\/gadmuisne.gob.ec\/web\/wp-json\/wp\/v2\/types\/post"}],"author":[{"embeddable":true,"href":"https:\/\/gadmuisne.gob.ec\/web\/wp-json\/wp\/v2\/users\/4"}],"replies":[{"embeddable":true,"href":"https:\/\/gadmuisne.gob.ec\/web\/wp-json\/wp\/v2\/comments?post=11902"}],"version-history":[{"count":1,"href":"https:\/\/gadmuisne.gob.ec\/web\/wp-json\/wp\/v2\/posts\/11902\/revisions"}],"predecessor-version":[{"id":11904,"href":"https:\/\/gadmuisne.gob.ec\/web\/wp-json\/wp\/v2\/posts\/11902\/revisions\/11904"}],"wp:featuredmedia":[{"embeddable":true,"href":"https:\/\/gadmuisne.gob.ec\/web\/wp-json\/wp\/v2\/media\/11903"}],"wp:attachment":[{"href":"https:\/\/gadmuisne.gob.ec\/web\/wp-json\/wp\/v2\/media?parent=11902"}],"wp:term":[{"taxonomy":"category","embeddable":true,"href":"https:\/\/gadmuisne.gob.ec\/web\/wp-json\/wp\/v2\/categories?post=11902"},{"taxonomy":"post_tag","embeddable":true,"href":"https:\/\/gadmuisne.gob.ec\/web\/wp-json\/wp\/v2\/tags?post=11902"}],"curies":[{"name":"wp","href":"https:\/\/api.w.org\/{rel}","templated":true}]}}