{"id":11990,"date":"2025-02-17T17:53:23","date_gmt":"2025-02-17T16:53:23","guid":{"rendered":"https:\/\/gadmuisne.gob.ec\/web\/?p=11990"},"modified":"2025-02-17T18:10:39","modified_gmt":"2025-02-17T17:10:39","slug":"alcaldesa-yuri-colorado-cumplie-agenda-en-quito","status":"publish","type":"post","link":"https:\/\/gadmuisne.gob.ec\/web\/alcaldesa-yuri-colorado-cumplie-agenda-en-quito\/","title":{"rendered":"Alcaldesa Yuri Colorado cumple agenda en Guayaquil."},"content":{"rendered":"<div class=\"xdj266r x11i5rnm xat24cr x1mh8g0r x1vvkbs x126k92a\">\n<div dir=\"auto\" style=\"text-align: justify;\">Alcaldesa Yuri Colorado cumple agenda en Quito.<\/div>\n<\/div>\n<div class=\"x11i5rnm xat24cr x1mh8g0r x1vvkbs xtlvy1s x126k92a\" style=\"text-align: justify;\">\n<div dir=\"auto\">La alcaldesa de Muisne, Yuri Colorado, cumple una agenda en el Ministerio de Transporte y Obras P\u00fablicas en Quito para dar seguimiento a varios proyectos del cant\u00f3n, como el agua potable para Muisne, puente del Cabo San Francisco, Abd\u00f3n Calder\u00f3n en Quingue, gabarra, entre otros.<\/div>\n<\/div>\n<div class=\"x11i5rnm xat24cr x1mh8g0r x1vvkbs xtlvy1s x126k92a\">\n<div dir=\"auto\" style=\"text-align: justify;\">La alcaldesa, adem\u00e1s, mencion\u00f3 que presentar\u00e1n un informe detallado sobre los socavones producto de las fuertes lluvias.<\/div>\n<div dir=\"auto\"><img loading=\"lazy\" decoding=\"async\" class=\"alignnone size-medium wp-image-11991\" src=\"https:\/\/gadmuisne.gob.ec\/web\/wp-content\/uploads\/2025\/02\/475363974_17928475179008906_1236377885094111508_n-300x169.jpg\" alt=\"\" width=\"300\" height=\"169\" srcset=\"https:\/\/gadmuisne.gob.ec\/web\/wp-content\/uploads\/2025\/02\/475363974_17928475179008906_1236377885094111508_n-300x169.jpg 300w, https:\/\/gadmuisne.gob.ec\/web\/wp-content\/uploads\/2025\/02\/475363974_17928475179008906_1236377885094111508_n-1024x576.jpg 1024w, https:\/\/gadmuisne.gob.ec\/web\/wp-content\/uploads\/2025\/02\/475363974_17928475179008906_1236377885094111508_n-768x432.jpg 768w, https:\/\/gadmuisne.gob.ec\/web\/wp-content\/uploads\/2025\/02\/475363974_17928475179008906_1236377885094111508_n-270x152.jpg 270w, https:\/\/gadmuisne.gob.ec\/web\/wp-content\/uploads\/2025\/02\/475363974_17928475179008906_1236377885094111508_n-370x208.jpg 370w, https:\/\/gadmuisne.gob.ec\/web\/wp-content\/uploads\/2025\/02\/475363974_17928475179008906_1236377885094111508_n-570x320.jpg 570w, https:\/\/gadmuisne.gob.ec\/web\/wp-content\/uploads\/2025\/02\/475363974_17928475179008906_1236377885094111508_n-770x433.jpg 770w, https:\/\/gadmuisne.gob.ec\/web\/wp-content\/uploads\/2025\/02\/475363974_17928475179008906_1236377885094111508_n-870x489.jpg 870w, https:\/\/gadmuisne.gob.ec\/web\/wp-content\/uploads\/2025\/02\/475363974_17928475179008906_1236377885094111508_n-1170x658.jpg 1170w, https:\/\/gadmuisne.gob.ec\/web\/wp-content\/uploads\/2025\/02\/475363974_17928475179008906_1236377885094111508_n.jpg 1439w\" sizes=\"auto, (max-width: 300px) 100vw, 300px\" \/><img loading=\"lazy\" decoding=\"async\" class=\"alignnone size-medium wp-image-11992\" src=\"https:\/\/gadmuisne.gob.ec\/web\/wp-content\/uploads\/2025\/02\/479530348_17928475191008906_2010684678191910704_n-300x169.jpg\" alt=\"\" width=\"300\" height=\"169\" srcset=\"https:\/\/gadmuisne.gob.ec\/web\/wp-content\/uploads\/2025\/02\/479530348_17928475191008906_2010684678191910704_n-300x169.jpg 300w, https:\/\/gadmuisne.gob.ec\/web\/wp-content\/uploads\/2025\/02\/479530348_17928475191008906_2010684678191910704_n-1024x576.jpg 1024w, https:\/\/gadmuisne.gob.ec\/web\/wp-content\/uploads\/2025\/02\/479530348_17928475191008906_2010684678191910704_n-768x432.jpg 768w, https:\/\/gadmuisne.gob.ec\/web\/wp-content\/uploads\/2025\/02\/479530348_17928475191008906_2010684678191910704_n-270x152.jpg 270w, https:\/\/gadmuisne.gob.ec\/web\/wp-content\/uploads\/2025\/02\/479530348_17928475191008906_2010684678191910704_n-370x208.jpg 370w, https:\/\/gadmuisne.gob.ec\/web\/wp-content\/uploads\/2025\/02\/479530348_17928475191008906_2010684678191910704_n-570x320.jpg 570w, https:\/\/gadmuisne.gob.ec\/web\/wp-content\/uploads\/2025\/02\/479530348_17928475191008906_2010684678191910704_n-770x433.jpg 770w, https:\/\/gadmuisne.gob.ec\/web\/wp-content\/uploads\/2025\/02\/479530348_17928475191008906_2010684678191910704_n-870x489.jpg 870w, https:\/\/gadmuisne.gob.ec\/web\/wp-content\/uploads\/2025\/02\/479530348_17928475191008906_2010684678191910704_n-1170x658.jpg 1170w, https:\/\/gadmuisne.gob.ec\/web\/wp-content\/uploads\/2025\/02\/479530348_17928475191008906_2010684678191910704_n.jpg 1439w\" sizes=\"auto, (max-width: 300px) 100vw, 300px\" \/><img loading=\"lazy\" decoding=\"async\" class=\"alignnone size-medium wp-image-11993\" src=\"https:\/\/gadmuisne.gob.ec\/web\/wp-content\/uploads\/2025\/02\/480472274_17928475203008906_2078919366167728044_n-300x169.jpg\" alt=\"\" width=\"300\" height=\"169\" srcset=\"https:\/\/gadmuisne.gob.ec\/web\/wp-content\/uploads\/2025\/02\/480472274_17928475203008906_2078919366167728044_n-300x169.jpg 300w, https:\/\/gadmuisne.gob.ec\/web\/wp-content\/uploads\/2025\/02\/480472274_17928475203008906_2078919366167728044_n-1024x576.jpg 1024w, https:\/\/gadmuisne.gob.ec\/web\/wp-content\/uploads\/2025\/02\/480472274_17928475203008906_2078919366167728044_n-768x432.jpg 768w, https:\/\/gadmuisne.gob.ec\/web\/wp-content\/uploads\/2025\/02\/480472274_17928475203008906_2078919366167728044_n-270x152.jpg 270w, https:\/\/gadmuisne.gob.ec\/web\/wp-content\/uploads\/2025\/02\/480472274_17928475203008906_2078919366167728044_n-370x208.jpg 370w, https:\/\/gadmuisne.gob.ec\/web\/wp-content\/uploads\/2025\/02\/480472274_17928475203008906_2078919366167728044_n-570x321.jpg 570w, https:\/\/gadmuisne.gob.ec\/web\/wp-content\/uploads\/2025\/02\/480472274_17928475203008906_2078919366167728044_n-770x433.jpg 770w, https:\/\/gadmuisne.gob.ec\/web\/wp-content\/uploads\/2025\/02\/480472274_17928475203008906_2078919366167728044_n-870x490.jpg 870w, https:\/\/gadmuisne.gob.ec\/web\/wp-content\/uploads\/2025\/02\/480472274_17928475203008906_2078919366167728044_n-1170x659.jpg 1170w, https:\/\/gadmuisne.gob.ec\/web\/wp-content\/uploads\/2025\/02\/480472274_17928475203008906_2078919366167728044_n.jpg 1437w\" sizes=\"auto, (max-width: 300px) 100vw, 300px\" \/><\/div>\n<\/div>\n","protected":false},"excerpt":{"rendered":"<p>Alcaldesa Yuri Colorado cumple agenda en Quito. La alcaldesa de Muisne, Yuri Colorado, cumple una agenda en el Ministerio de Transporte y Obras P\u00fablicas en Quito para dar seguimiento a varios proyectos del cant\u00f3n, como el agua potable para Muisne, puente del Cabo San Francisco, Abd\u00f3n Calder\u00f3n en Quingue, gabarra,&#8230;<\/p>\n","protected":false},"author":4,"featured_media":11992,"comment_status":"closed","ping_status":"open","sticky":false,"template":"","format":"standard","meta":{"footnotes":""},"categories":[1],"tags":[],"class_list":["post-11990","post","type-post","status-publish","format-standard","has-post-thumbnail","hentry","category-sin-categoria"],"_links":{"self":[{"href":"https:\/\/gadmuisne.gob.ec\/web\/wp-json\/wp\/v2\/posts\/11990","targetHints":{"allow":["GET"]}}],"collection":[{"href":"https:\/\/gadmuisne.gob.ec\/web\/wp-json\/wp\/v2\/posts"}],"about":[{"href":"https:\/\/gadmuisne.gob.ec\/web\/wp-json\/wp\/v2\/types\/post"}],"author":[{"embeddable":true,"href":"https:\/\/gadmuisne.gob.ec\/web\/wp-json\/wp\/v2\/users\/4"}],"replies":[{"embeddable":true,"href":"https:\/\/gadmuisne.gob.ec\/web\/wp-json\/wp\/v2\/comments?post=11990"}],"version-history":[{"count":2,"href":"https:\/\/gadmuisne.gob.ec\/web\/wp-json\/wp\/v2\/posts\/11990\/revisions"}],"predecessor-version":[{"id":11995,"href":"https:\/\/gadmuisne.gob.ec\/web\/wp-json\/wp\/v2\/posts\/11990\/revisions\/11995"}],"wp:featuredmedia":[{"embeddable":true,"href":"https:\/\/gadmuisne.gob.ec\/web\/wp-json\/wp\/v2\/media\/11992"}],"wp:attachment":[{"href":"https:\/\/gadmuisne.gob.ec\/web\/wp-json\/wp\/v2\/media?parent=11990"}],"wp:term":[{"taxonomy":"category","embeddable":true,"href":"https:\/\/gadmuisne.gob.ec\/web\/wp-json\/wp\/v2\/categories?post=11990"},{"taxonomy":"post_tag","embeddable":true,"href":"https:\/\/gadmuisne.gob.ec\/web\/wp-json\/wp\/v2\/tags?post=11990"}],"curies":[{"name":"wp","href":"https:\/\/api.w.org\/{rel}","templated":true}]}}