{"id":12133,"date":"2025-02-18T19:47:07","date_gmt":"2025-02-18T18:47:07","guid":{"rendered":"https:\/\/gadmuisne.gob.ec\/web\/?p=12133"},"modified":"2025-03-05T19:49:25","modified_gmt":"2025-03-05T18:49:25","slug":"continuan-los-trabajos-de-graderios-en-golpeacoco-gracias-al-convenio-entre-la-alcaldia-de-muisne-y-el-gad-parroquial-de-salima-avanzamos-con-la-construccion-de-un-graderio-en-el-recinto-golpeacoco","status":"publish","type":"post","link":"https:\/\/gadmuisne.gob.ec\/web\/continuan-los-trabajos-de-graderios-en-golpeacoco-gracias-al-convenio-entre-la-alcaldia-de-muisne-y-el-gad-parroquial-de-salima-avanzamos-con-la-construccion-de-un-graderio-en-el-recinto-golpeacoco\/","title":{"rendered":"Contin\u00faan los trabajos de grader\u00edos en Golpeacoco. Gracias al convenio entre la Alcald\u00eda de Muisne y el GAD Parroquial de S\u00e1lima, avanzamos con la construcci\u00f3n de un grader\u00edo en el Recinto Golpeacoco."},"content":{"rendered":"<div class=\"xdj266r x11i5rnm xat24cr x1mh8g0r x1vvkbs x126k92a\">\n<div dir=\"auto\" style=\"text-align: justify;\">Contin\u00faan los trabajos de grader\u00edos en Golpeacoco.<\/div>\n<\/div>\n<div class=\"x11i5rnm xat24cr x1mh8g0r x1vvkbs xtlvy1s x126k92a\" style=\"text-align: justify;\">\n<div dir=\"auto\">Gracias al convenio entre la Alcald\u00eda de Muisne y el GAD Parroquial de S\u00e1lima, avanzamos con la construcci\u00f3n de un grader\u00edo en el Recinto Golpeacoco.<\/div>\n<\/div>\n<div class=\"x11i5rnm xat24cr x1mh8g0r x1vvkbs xtlvy1s x126k92a\" style=\"text-align: justify;\">\n<div dir=\"auto\">La obra beneficia a m\u00e1s de 2500 personas de esta comunidad, as\u00ed como a las familias de los recintos La Lora, La Uni\u00f3n y El Bonito, comunidades que son cercanas al lugar.<\/div>\n<div dir=\"auto\"><\/div>\n<\/div>\n<div class=\"x11i5rnm xat24cr x1mh8g0r x1vvkbs xtlvy1s x126k92a\" style=\"text-align: justify;\">\n<div dir=\"auto\">Neri Escobar Rosales, presidente del Gobierno Parroquial de S\u00e1lima, dijo que la obra en su totalidad tiene un costo de 11.400,00 d\u00f3lares en un \u00e1rea de 20 metros de longitud. Para concretar este compromiso, la alcald\u00eda transfiri\u00f3 3.500,00 d\u00f3lares a las arcas del Gobierno Parroquial.<\/div>\n<\/div>\n<div class=\"x11i5rnm xat24cr x1mh8g0r x1vvkbs xtlvy1s x126k92a\">\n<div dir=\"auto\" style=\"text-align: justify;\"><span class=\"html-span xdj266r x11i5rnm xat24cr x1mh8g0r xexx8yu x4uap5 x18d9i69 xkhd6sd x1hl2dhg x16tdsg8 x1vvkbs\"><a class=\"x1i10hfl xjbqb8w x1ejq31n xd10rxx x1sy0etr x17r0tee x972fbf xcfux6l x1qhh985 xm0m39n x9f619 x1ypdohk xt0psk2 xe8uvvx xdj266r x11i5rnm xat24cr x1mh8g0r xexx8yu x4uap5 x18d9i69 xkhd6sd x16tdsg8 x1hl2dhg xggy1nq x1a2a7pz xkrqix3 x1sur9pj x1fey0fg x1s688f\" tabindex=\"0\" role=\"link\" href=\"https:\/\/www.facebook.com\/hashtag\/juntoslevantamosamuisne?__eep__=6&amp;__cft__[0]=AZU61GmT63FK5ppWFoeQHTcwAr5jENBUe4PHjkcaVSI58WNY3shoMM4uHkpO9yzYXMVFMshjIV-WPVJxdCxTkrjI04tK7IyAxuco4NpWY-RvMPwJ4j0NTPVYZv5OXtV6urq-RqyyUyjVYa27JVn4FXu2RNBlZCmYU1wy_KG2d8EkxwEetZxaL0IHUeR5rLqWv04&amp;__tn__=*NK-R\">#JuntoslevantamosaMuisne<\/a><\/span><\/div>\n<div dir=\"auto\"><img loading=\"lazy\" decoding=\"async\" class=\"alignnone size-medium wp-image-12134\" src=\"https:\/\/gadmuisne.gob.ec\/web\/wp-content\/uploads\/2025\/03\/480211001_547054558392101_7146252329475288235_n-300x225.jpg\" alt=\"\" width=\"300\" height=\"225\" srcset=\"https:\/\/gadmuisne.gob.ec\/web\/wp-content\/uploads\/2025\/03\/480211001_547054558392101_7146252329475288235_n-300x225.jpg 300w, https:\/\/gadmuisne.gob.ec\/web\/wp-content\/uploads\/2025\/03\/480211001_547054558392101_7146252329475288235_n-1024x768.jpg 1024w, https:\/\/gadmuisne.gob.ec\/web\/wp-content\/uploads\/2025\/03\/480211001_547054558392101_7146252329475288235_n-768x576.jpg 768w, https:\/\/gadmuisne.gob.ec\/web\/wp-content\/uploads\/2025\/03\/480211001_547054558392101_7146252329475288235_n-1536x1152.jpg 1536w, https:\/\/gadmuisne.gob.ec\/web\/wp-content\/uploads\/2025\/03\/480211001_547054558392101_7146252329475288235_n-270x203.jpg 270w, https:\/\/gadmuisne.gob.ec\/web\/wp-content\/uploads\/2025\/03\/480211001_547054558392101_7146252329475288235_n-370x278.jpg 370w, https:\/\/gadmuisne.gob.ec\/web\/wp-content\/uploads\/2025\/03\/480211001_547054558392101_7146252329475288235_n-570x428.jpg 570w, https:\/\/gadmuisne.gob.ec\/web\/wp-content\/uploads\/2025\/03\/480211001_547054558392101_7146252329475288235_n-770x578.jpg 770w, https:\/\/gadmuisne.gob.ec\/web\/wp-content\/uploads\/2025\/03\/480211001_547054558392101_7146252329475288235_n-870x653.jpg 870w, https:\/\/gadmuisne.gob.ec\/web\/wp-content\/uploads\/2025\/03\/480211001_547054558392101_7146252329475288235_n-1170x878.jpg 1170w, https:\/\/gadmuisne.gob.ec\/web\/wp-content\/uploads\/2025\/03\/480211001_547054558392101_7146252329475288235_n-1570x1178.jpg 1570w, https:\/\/gadmuisne.gob.ec\/web\/wp-content\/uploads\/2025\/03\/480211001_547054558392101_7146252329475288235_n.jpg 1600w\" sizes=\"auto, (max-width: 300px) 100vw, 300px\" \/><img loading=\"lazy\" decoding=\"async\" class=\"alignnone size-medium wp-image-12135\" src=\"https:\/\/gadmuisne.gob.ec\/web\/wp-content\/uploads\/2025\/03\/480240017_547054485058775_6043340248141551589_n-300x225.jpg\" alt=\"\" width=\"300\" height=\"225\" srcset=\"https:\/\/gadmuisne.gob.ec\/web\/wp-content\/uploads\/2025\/03\/480240017_547054485058775_6043340248141551589_n-300x225.jpg 300w, https:\/\/gadmuisne.gob.ec\/web\/wp-content\/uploads\/2025\/03\/480240017_547054485058775_6043340248141551589_n-1024x768.jpg 1024w, https:\/\/gadmuisne.gob.ec\/web\/wp-content\/uploads\/2025\/03\/480240017_547054485058775_6043340248141551589_n-768x576.jpg 768w, https:\/\/gadmuisne.gob.ec\/web\/wp-content\/uploads\/2025\/03\/480240017_547054485058775_6043340248141551589_n-1536x1152.jpg 1536w, https:\/\/gadmuisne.gob.ec\/web\/wp-content\/uploads\/2025\/03\/480240017_547054485058775_6043340248141551589_n-270x203.jpg 270w, https:\/\/gadmuisne.gob.ec\/web\/wp-content\/uploads\/2025\/03\/480240017_547054485058775_6043340248141551589_n-370x278.jpg 370w, https:\/\/gadmuisne.gob.ec\/web\/wp-content\/uploads\/2025\/03\/480240017_547054485058775_6043340248141551589_n-570x428.jpg 570w, https:\/\/gadmuisne.gob.ec\/web\/wp-content\/uploads\/2025\/03\/480240017_547054485058775_6043340248141551589_n-770x578.jpg 770w, https:\/\/gadmuisne.gob.ec\/web\/wp-content\/uploads\/2025\/03\/480240017_547054485058775_6043340248141551589_n-870x653.jpg 870w, https:\/\/gadmuisne.gob.ec\/web\/wp-content\/uploads\/2025\/03\/480240017_547054485058775_6043340248141551589_n-1170x878.jpg 1170w, https:\/\/gadmuisne.gob.ec\/web\/wp-content\/uploads\/2025\/03\/480240017_547054485058775_6043340248141551589_n-1570x1178.jpg 1570w, https:\/\/gadmuisne.gob.ec\/web\/wp-content\/uploads\/2025\/03\/480240017_547054485058775_6043340248141551589_n.jpg 1600w\" sizes=\"auto, (max-width: 300px) 100vw, 300px\" \/><img loading=\"lazy\" decoding=\"async\" class=\"alignnone size-medium wp-image-12136\" src=\"https:\/\/gadmuisne.gob.ec\/web\/wp-content\/uploads\/2025\/03\/480367386_547054738392083_3439367343920688910_n-300x169.jpg\" alt=\"\" width=\"300\" height=\"169\" srcset=\"https:\/\/gadmuisne.gob.ec\/web\/wp-content\/uploads\/2025\/03\/480367386_547054738392083_3439367343920688910_n-300x169.jpg 300w, https:\/\/gadmuisne.gob.ec\/web\/wp-content\/uploads\/2025\/03\/480367386_547054738392083_3439367343920688910_n-1024x576.jpg 1024w, https:\/\/gadmuisne.gob.ec\/web\/wp-content\/uploads\/2025\/03\/480367386_547054738392083_3439367343920688910_n-768x432.jpg 768w, https:\/\/gadmuisne.gob.ec\/web\/wp-content\/uploads\/2025\/03\/480367386_547054738392083_3439367343920688910_n-1536x864.jpg 1536w, https:\/\/gadmuisne.gob.ec\/web\/wp-content\/uploads\/2025\/03\/480367386_547054738392083_3439367343920688910_n-270x152.jpg 270w, https:\/\/gadmuisne.gob.ec\/web\/wp-content\/uploads\/2025\/03\/480367386_547054738392083_3439367343920688910_n-370x208.jpg 370w, https:\/\/gadmuisne.gob.ec\/web\/wp-content\/uploads\/2025\/03\/480367386_547054738392083_3439367343920688910_n-570x321.jpg 570w, https:\/\/gadmuisne.gob.ec\/web\/wp-content\/uploads\/2025\/03\/480367386_547054738392083_3439367343920688910_n-770x433.jpg 770w, https:\/\/gadmuisne.gob.ec\/web\/wp-content\/uploads\/2025\/03\/480367386_547054738392083_3439367343920688910_n-870x489.jpg 870w, https:\/\/gadmuisne.gob.ec\/web\/wp-content\/uploads\/2025\/03\/480367386_547054738392083_3439367343920688910_n-1170x658.jpg 1170w, https:\/\/gadmuisne.gob.ec\/web\/wp-content\/uploads\/2025\/03\/480367386_547054738392083_3439367343920688910_n-1570x883.jpg 1570w, https:\/\/gadmuisne.gob.ec\/web\/wp-content\/uploads\/2025\/03\/480367386_547054738392083_3439367343920688910_n.jpg 1600w\" sizes=\"auto, (max-width: 300px) 100vw, 300px\" \/><img loading=\"lazy\" decoding=\"async\" class=\"alignnone size-medium wp-image-12137\" src=\"https:\/\/gadmuisne.gob.ec\/web\/wp-content\/uploads\/2025\/03\/480496285_547054618392095_2317613188370429344_n-300x169.jpg\" alt=\"\" width=\"300\" height=\"169\" srcset=\"https:\/\/gadmuisne.gob.ec\/web\/wp-content\/uploads\/2025\/03\/480496285_547054618392095_2317613188370429344_n-300x169.jpg 300w, https:\/\/gadmuisne.gob.ec\/web\/wp-content\/uploads\/2025\/03\/480496285_547054618392095_2317613188370429344_n-1024x576.jpg 1024w, https:\/\/gadmuisne.gob.ec\/web\/wp-content\/uploads\/2025\/03\/480496285_547054618392095_2317613188370429344_n-768x432.jpg 768w, https:\/\/gadmuisne.gob.ec\/web\/wp-content\/uploads\/2025\/03\/480496285_547054618392095_2317613188370429344_n-1536x864.jpg 1536w, https:\/\/gadmuisne.gob.ec\/web\/wp-content\/uploads\/2025\/03\/480496285_547054618392095_2317613188370429344_n-270x152.jpg 270w, https:\/\/gadmuisne.gob.ec\/web\/wp-content\/uploads\/2025\/03\/480496285_547054618392095_2317613188370429344_n-370x208.jpg 370w, https:\/\/gadmuisne.gob.ec\/web\/wp-content\/uploads\/2025\/03\/480496285_547054618392095_2317613188370429344_n-570x321.jpg 570w, https:\/\/gadmuisne.gob.ec\/web\/wp-content\/uploads\/2025\/03\/480496285_547054618392095_2317613188370429344_n-770x433.jpg 770w, https:\/\/gadmuisne.gob.ec\/web\/wp-content\/uploads\/2025\/03\/480496285_547054618392095_2317613188370429344_n-870x489.jpg 870w, https:\/\/gadmuisne.gob.ec\/web\/wp-content\/uploads\/2025\/03\/480496285_547054618392095_2317613188370429344_n-1170x658.jpg 1170w, https:\/\/gadmuisne.gob.ec\/web\/wp-content\/uploads\/2025\/03\/480496285_547054618392095_2317613188370429344_n-1570x883.jpg 1570w, https:\/\/gadmuisne.gob.ec\/web\/wp-content\/uploads\/2025\/03\/480496285_547054618392095_2317613188370429344_n.jpg 1600w\" sizes=\"auto, (max-width: 300px) 100vw, 300px\" \/><img loading=\"lazy\" decoding=\"async\" class=\"alignnone size-medium wp-image-12138\" src=\"https:\/\/gadmuisne.gob.ec\/web\/wp-content\/uploads\/2025\/03\/480608704_547054435058780_1632437969792469681_n-1-300x169.jpg\" alt=\"\" width=\"300\" height=\"169\" srcset=\"https:\/\/gadmuisne.gob.ec\/web\/wp-content\/uploads\/2025\/03\/480608704_547054435058780_1632437969792469681_n-1-300x169.jpg 300w, https:\/\/gadmuisne.gob.ec\/web\/wp-content\/uploads\/2025\/03\/480608704_547054435058780_1632437969792469681_n-1-1024x576.jpg 1024w, https:\/\/gadmuisne.gob.ec\/web\/wp-content\/uploads\/2025\/03\/480608704_547054435058780_1632437969792469681_n-1-768x432.jpg 768w, https:\/\/gadmuisne.gob.ec\/web\/wp-content\/uploads\/2025\/03\/480608704_547054435058780_1632437969792469681_n-1-1536x864.jpg 1536w, https:\/\/gadmuisne.gob.ec\/web\/wp-content\/uploads\/2025\/03\/480608704_547054435058780_1632437969792469681_n-1-270x152.jpg 270w, https:\/\/gadmuisne.gob.ec\/web\/wp-content\/uploads\/2025\/03\/480608704_547054435058780_1632437969792469681_n-1-370x208.jpg 370w, https:\/\/gadmuisne.gob.ec\/web\/wp-content\/uploads\/2025\/03\/480608704_547054435058780_1632437969792469681_n-1-570x321.jpg 570w, https:\/\/gadmuisne.gob.ec\/web\/wp-content\/uploads\/2025\/03\/480608704_547054435058780_1632437969792469681_n-1-770x433.jpg 770w, https:\/\/gadmuisne.gob.ec\/web\/wp-content\/uploads\/2025\/03\/480608704_547054435058780_1632437969792469681_n-1-870x489.jpg 870w, https:\/\/gadmuisne.gob.ec\/web\/wp-content\/uploads\/2025\/03\/480608704_547054435058780_1632437969792469681_n-1-1170x658.jpg 1170w, https:\/\/gadmuisne.gob.ec\/web\/wp-content\/uploads\/2025\/03\/480608704_547054435058780_1632437969792469681_n-1-1570x883.jpg 1570w, https:\/\/gadmuisne.gob.ec\/web\/wp-content\/uploads\/2025\/03\/480608704_547054435058780_1632437969792469681_n-1.jpg 1600w\" sizes=\"auto, (max-width: 300px) 100vw, 300px\" \/><\/div>\n<\/div>\n","protected":false},"excerpt":{"rendered":"<p>Contin\u00faan los trabajos de grader\u00edos en Golpeacoco. Gracias al convenio entre la Alcald\u00eda de Muisne y el GAD Parroquial de S\u00e1lima, avanzamos con la construcci\u00f3n de un grader\u00edo en el Recinto Golpeacoco. La obra beneficia a m\u00e1s de 2500 personas de esta comunidad, as\u00ed como a las familias de los&#8230;<\/p>\n","protected":false},"author":4,"featured_media":12135,"comment_status":"closed","ping_status":"open","sticky":false,"template":"","format":"standard","meta":{"footnotes":""},"categories":[35],"tags":[],"class_list":["post-12133","post","type-post","status-publish","format-standard","has-post-thumbnail","hentry","category-actividades"],"_links":{"self":[{"href":"https:\/\/gadmuisne.gob.ec\/web\/wp-json\/wp\/v2\/posts\/12133","targetHints":{"allow":["GET"]}}],"collection":[{"href":"https:\/\/gadmuisne.gob.ec\/web\/wp-json\/wp\/v2\/posts"}],"about":[{"href":"https:\/\/gadmuisne.gob.ec\/web\/wp-json\/wp\/v2\/types\/post"}],"author":[{"embeddable":true,"href":"https:\/\/gadmuisne.gob.ec\/web\/wp-json\/wp\/v2\/users\/4"}],"replies":[{"embeddable":true,"href":"https:\/\/gadmuisne.gob.ec\/web\/wp-json\/wp\/v2\/comments?post=12133"}],"version-history":[{"count":1,"href":"https:\/\/gadmuisne.gob.ec\/web\/wp-json\/wp\/v2\/posts\/12133\/revisions"}],"predecessor-version":[{"id":12140,"href":"https:\/\/gadmuisne.gob.ec\/web\/wp-json\/wp\/v2\/posts\/12133\/revisions\/12140"}],"wp:featuredmedia":[{"embeddable":true,"href":"https:\/\/gadmuisne.gob.ec\/web\/wp-json\/wp\/v2\/media\/12135"}],"wp:attachment":[{"href":"https:\/\/gadmuisne.gob.ec\/web\/wp-json\/wp\/v2\/media?parent=12133"}],"wp:term":[{"taxonomy":"category","embeddable":true,"href":"https:\/\/gadmuisne.gob.ec\/web\/wp-json\/wp\/v2\/categories?post=12133"},{"taxonomy":"post_tag","embeddable":true,"href":"https:\/\/gadmuisne.gob.ec\/web\/wp-json\/wp\/v2\/tags?post=12133"}],"curies":[{"name":"wp","href":"https:\/\/api.w.org\/{rel}","templated":true}]}}