{"id":12213,"date":"2025-02-20T20:57:55","date_gmt":"2025-02-20T19:57:55","guid":{"rendered":"https:\/\/gadmuisne.gob.ec\/web\/?p=12213"},"modified":"2025-03-05T20:59:15","modified_gmt":"2025-03-05T19:59:15","slug":"atencion-muisne-este-viernes-21-de-febrero-la-via-el-salto-chamanga-a-la-altura-de-bilsa-estara-cerrada-de-08h00-a-16h00-por-trabajos-de-mantenimiento-en-el-puente-bailey","status":"publish","type":"post","link":"https:\/\/gadmuisne.gob.ec\/web\/atencion-muisne-este-viernes-21-de-febrero-la-via-el-salto-chamanga-a-la-altura-de-bilsa-estara-cerrada-de-08h00-a-16h00-por-trabajos-de-mantenimiento-en-el-puente-bailey\/","title":{"rendered":"\u00a1Atenci\u00f3n, Muisne! Este viernes 21 de febrero, la v\u00eda El Salto-Chamanga, a la altura de Bilsa, estar\u00e1 cerrada de 08h00 a 16h00 por trabajos de mantenimiento en el puente Bailey"},"content":{"rendered":"<div class=\"xdj266r x11i5rnm xat24cr x1mh8g0r x1vvkbs x126k92a\">\n<div dir=\"auto\" style=\"text-align: justify;\">\u00a1Atenci\u00f3n, Muisne!<\/div>\n<\/div>\n<div class=\"x11i5rnm xat24cr x1mh8g0r x1vvkbs xtlvy1s x126k92a\" style=\"text-align: justify;\">\n<div dir=\"auto\">Este viernes 21 de febrero, la v\u00eda El Salto-Chamanga, a la altura de Bilsa, estar\u00e1 cerrada de 08h00 a 16h00 por trabajos de mantenimiento en el puente Bailey y la instalaci\u00f3n de una tuber\u00eda para drenaje de aguas lluvias.<\/div>\n<div dir=\"auto\"><\/div>\n<\/div>\n<div class=\"x11i5rnm xat24cr x1mh8g0r x1vvkbs xtlvy1s x126k92a\" style=\"text-align: justify;\">\n<div dir=\"auto\">Esta obra, en coordinaci\u00f3n con el Ministerio de Obras P\u00fablicas, busca mejorar la seguridad y la infraestructura vial de la zona.<\/div>\n<\/div>\n<div class=\"x11i5rnm xat24cr x1mh8g0r x1vvkbs xtlvy1s x126k92a\" style=\"text-align: justify;\">\n<div dir=\"auto\">Tomar precauciones.<\/div>\n<div dir=\"auto\"><\/div>\n<\/div>\n<div class=\"x11i5rnm xat24cr x1mh8g0r x1vvkbs xtlvy1s x126k92a\">\n<div dir=\"auto\" style=\"text-align: justify;\">\u00a1Juntos levantamos a Muisne!<\/div>\n<div dir=\"auto\"><img loading=\"lazy\" decoding=\"async\" class=\"alignnone size-medium wp-image-12214\" src=\"https:\/\/gadmuisne.gob.ec\/web\/wp-content\/uploads\/2025\/03\/481026437_17928823128008906_1641845101017764355_n-300x300.jpg\" alt=\"\" width=\"300\" height=\"300\" srcset=\"https:\/\/gadmuisne.gob.ec\/web\/wp-content\/uploads\/2025\/03\/481026437_17928823128008906_1641845101017764355_n-300x300.jpg 300w, https:\/\/gadmuisne.gob.ec\/web\/wp-content\/uploads\/2025\/03\/481026437_17928823128008906_1641845101017764355_n-1024x1024.jpg 1024w, https:\/\/gadmuisne.gob.ec\/web\/wp-content\/uploads\/2025\/03\/481026437_17928823128008906_1641845101017764355_n-150x150.jpg 150w, https:\/\/gadmuisne.gob.ec\/web\/wp-content\/uploads\/2025\/03\/481026437_17928823128008906_1641845101017764355_n-768x768.jpg 768w, https:\/\/gadmuisne.gob.ec\/web\/wp-content\/uploads\/2025\/03\/481026437_17928823128008906_1641845101017764355_n-70x70.jpg 70w, https:\/\/gadmuisne.gob.ec\/web\/wp-content\/uploads\/2025\/03\/481026437_17928823128008906_1641845101017764355_n-270x270.jpg 270w, https:\/\/gadmuisne.gob.ec\/web\/wp-content\/uploads\/2025\/03\/481026437_17928823128008906_1641845101017764355_n-370x370.jpg 370w, https:\/\/gadmuisne.gob.ec\/web\/wp-content\/uploads\/2025\/03\/481026437_17928823128008906_1641845101017764355_n-570x570.jpg 570w, https:\/\/gadmuisne.gob.ec\/web\/wp-content\/uploads\/2025\/03\/481026437_17928823128008906_1641845101017764355_n-770x770.jpg 770w, https:\/\/gadmuisne.gob.ec\/web\/wp-content\/uploads\/2025\/03\/481026437_17928823128008906_1641845101017764355_n-870x870.jpg 870w, https:\/\/gadmuisne.gob.ec\/web\/wp-content\/uploads\/2025\/03\/481026437_17928823128008906_1641845101017764355_n-1170x1170.jpg 1170w, https:\/\/gadmuisne.gob.ec\/web\/wp-content\/uploads\/2025\/03\/481026437_17928823128008906_1641845101017764355_n.jpg 1440w\" sizes=\"auto, (max-width: 300px) 100vw, 300px\" \/><\/div>\n<\/div>\n","protected":false},"excerpt":{"rendered":"<p>\u00a1Atenci\u00f3n, Muisne! Este viernes 21 de febrero, la v\u00eda El Salto-Chamanga, a la altura de Bilsa, estar\u00e1 cerrada de 08h00 a 16h00 por trabajos de mantenimiento en el puente Bailey y la instalaci\u00f3n de una tuber\u00eda para drenaje de aguas lluvias. Esta obra, en coordinaci\u00f3n con el Ministerio de Obras&#8230;<\/p>\n","protected":false},"author":4,"featured_media":12214,"comment_status":"closed","ping_status":"open","sticky":false,"template":"","format":"standard","meta":{"footnotes":""},"categories":[35],"tags":[],"class_list":["post-12213","post","type-post","status-publish","format-standard","has-post-thumbnail","hentry","category-actividades"],"_links":{"self":[{"href":"https:\/\/gadmuisne.gob.ec\/web\/wp-json\/wp\/v2\/posts\/12213","targetHints":{"allow":["GET"]}}],"collection":[{"href":"https:\/\/gadmuisne.gob.ec\/web\/wp-json\/wp\/v2\/posts"}],"about":[{"href":"https:\/\/gadmuisne.gob.ec\/web\/wp-json\/wp\/v2\/types\/post"}],"author":[{"embeddable":true,"href":"https:\/\/gadmuisne.gob.ec\/web\/wp-json\/wp\/v2\/users\/4"}],"replies":[{"embeddable":true,"href":"https:\/\/gadmuisne.gob.ec\/web\/wp-json\/wp\/v2\/comments?post=12213"}],"version-history":[{"count":1,"href":"https:\/\/gadmuisne.gob.ec\/web\/wp-json\/wp\/v2\/posts\/12213\/revisions"}],"predecessor-version":[{"id":12215,"href":"https:\/\/gadmuisne.gob.ec\/web\/wp-json\/wp\/v2\/posts\/12213\/revisions\/12215"}],"wp:featuredmedia":[{"embeddable":true,"href":"https:\/\/gadmuisne.gob.ec\/web\/wp-json\/wp\/v2\/media\/12214"}],"wp:attachment":[{"href":"https:\/\/gadmuisne.gob.ec\/web\/wp-json\/wp\/v2\/media?parent=12213"}],"wp:term":[{"taxonomy":"category","embeddable":true,"href":"https:\/\/gadmuisne.gob.ec\/web\/wp-json\/wp\/v2\/categories?post=12213"},{"taxonomy":"post_tag","embeddable":true,"href":"https:\/\/gadmuisne.gob.ec\/web\/wp-json\/wp\/v2\/tags?post=12213"}],"curies":[{"name":"wp","href":"https:\/\/api.w.org\/{rel}","templated":true}]}}