{"id":12251,"date":"2025-02-24T21:20:35","date_gmt":"2025-02-24T20:20:35","guid":{"rendered":"https:\/\/gadmuisne.gob.ec\/web\/?p=12251"},"modified":"2025-03-05T21:22:06","modified_gmt":"2025-03-05T20:22:06","slug":"invitacion-a-taller-se-invita-a-la-ciudadania-al-taller-de-mantenimiento-y-reparacion-de-motores-fuera-de-borda","status":"publish","type":"post","link":"https:\/\/gadmuisne.gob.ec\/web\/invitacion-a-taller-se-invita-a-la-ciudadania-al-taller-de-mantenimiento-y-reparacion-de-motores-fuera-de-borda\/","title":{"rendered":"Invitaci\u00f3n a taller. Se invita a la ciudadan\u00eda al taller de mantenimiento y reparaci\u00f3n de motores fuera de borda."},"content":{"rendered":"<div dir=\"auto\" style=\"text-align: justify;\">Invitaci\u00f3n a taller.<\/div>\n<div dir=\"auto\" style=\"text-align: justify;\">Se invita a la ciudadan\u00eda al taller de mantenimiento y reparaci\u00f3n de motores fuera de borda.<\/div>\n<div dir=\"auto\" style=\"text-align: justify;\">Martes 25 de febrero en Galera.<\/div>\n<div dir=\"auto\" style=\"text-align: justify;\">Mi\u00e9rcoles 26 de febrero en S\u00e1lima.<\/div>\n<div dir=\"auto\" style=\"text-align: justify;\">Jueves 27 en Muisne.<\/div>\n<div dir=\"auto\" style=\"text-align: justify;\">Te esperamos.<\/div>\n<div dir=\"auto\"><img loading=\"lazy\" decoding=\"async\" class=\"alignnone size-medium wp-image-12252\" src=\"https:\/\/gadmuisne.gob.ec\/web\/wp-content\/uploads\/2025\/03\/480302499_551744371256453_878617388919752218_n-212x300.jpg\" alt=\"\" width=\"212\" height=\"300\" srcset=\"https:\/\/gadmuisne.gob.ec\/web\/wp-content\/uploads\/2025\/03\/480302499_551744371256453_878617388919752218_n-212x300.jpg 212w, https:\/\/gadmuisne.gob.ec\/web\/wp-content\/uploads\/2025\/03\/480302499_551744371256453_878617388919752218_n-724x1024.jpg 724w, https:\/\/gadmuisne.gob.ec\/web\/wp-content\/uploads\/2025\/03\/480302499_551744371256453_878617388919752218_n-768x1086.jpg 768w, https:\/\/gadmuisne.gob.ec\/web\/wp-content\/uploads\/2025\/03\/480302499_551744371256453_878617388919752218_n-1086x1536.jpg 1086w, https:\/\/gadmuisne.gob.ec\/web\/wp-content\/uploads\/2025\/03\/480302499_551744371256453_878617388919752218_n-270x382.jpg 270w, https:\/\/gadmuisne.gob.ec\/web\/wp-content\/uploads\/2025\/03\/480302499_551744371256453_878617388919752218_n-370x523.jpg 370w, https:\/\/gadmuisne.gob.ec\/web\/wp-content\/uploads\/2025\/03\/480302499_551744371256453_878617388919752218_n-570x806.jpg 570w, https:\/\/gadmuisne.gob.ec\/web\/wp-content\/uploads\/2025\/03\/480302499_551744371256453_878617388919752218_n-770x1089.jpg 770w, https:\/\/gadmuisne.gob.ec\/web\/wp-content\/uploads\/2025\/03\/480302499_551744371256453_878617388919752218_n-870x1230.jpg 870w, https:\/\/gadmuisne.gob.ec\/web\/wp-content\/uploads\/2025\/03\/480302499_551744371256453_878617388919752218_n-1170x1655.jpg 1170w, https:\/\/gadmuisne.gob.ec\/web\/wp-content\/uploads\/2025\/03\/480302499_551744371256453_878617388919752218_n.jpg 1448w\" sizes=\"auto, (max-width: 212px) 100vw, 212px\" \/><\/div>\n","protected":false},"excerpt":{"rendered":"<p>Invitaci\u00f3n a taller. Se invita a la ciudadan\u00eda al taller de mantenimiento y reparaci\u00f3n de motores fuera de borda. Martes 25 de febrero en Galera. Mi\u00e9rcoles 26 de febrero en S\u00e1lima. Jueves 27 en Muisne. Te esperamos.<\/p>\n","protected":false},"author":4,"featured_media":12252,"comment_status":"closed","ping_status":"open","sticky":false,"template":"","format":"standard","meta":{"footnotes":""},"categories":[35],"tags":[],"class_list":["post-12251","post","type-post","status-publish","format-standard","has-post-thumbnail","hentry","category-actividades"],"_links":{"self":[{"href":"https:\/\/gadmuisne.gob.ec\/web\/wp-json\/wp\/v2\/posts\/12251","targetHints":{"allow":["GET"]}}],"collection":[{"href":"https:\/\/gadmuisne.gob.ec\/web\/wp-json\/wp\/v2\/posts"}],"about":[{"href":"https:\/\/gadmuisne.gob.ec\/web\/wp-json\/wp\/v2\/types\/post"}],"author":[{"embeddable":true,"href":"https:\/\/gadmuisne.gob.ec\/web\/wp-json\/wp\/v2\/users\/4"}],"replies":[{"embeddable":true,"href":"https:\/\/gadmuisne.gob.ec\/web\/wp-json\/wp\/v2\/comments?post=12251"}],"version-history":[{"count":1,"href":"https:\/\/gadmuisne.gob.ec\/web\/wp-json\/wp\/v2\/posts\/12251\/revisions"}],"predecessor-version":[{"id":12253,"href":"https:\/\/gadmuisne.gob.ec\/web\/wp-json\/wp\/v2\/posts\/12251\/revisions\/12253"}],"wp:featuredmedia":[{"embeddable":true,"href":"https:\/\/gadmuisne.gob.ec\/web\/wp-json\/wp\/v2\/media\/12252"}],"wp:attachment":[{"href":"https:\/\/gadmuisne.gob.ec\/web\/wp-json\/wp\/v2\/media?parent=12251"}],"wp:term":[{"taxonomy":"category","embeddable":true,"href":"https:\/\/gadmuisne.gob.ec\/web\/wp-json\/wp\/v2\/categories?post=12251"},{"taxonomy":"post_tag","embeddable":true,"href":"https:\/\/gadmuisne.gob.ec\/web\/wp-json\/wp\/v2\/tags?post=12251"}],"curies":[{"name":"wp","href":"https:\/\/api.w.org\/{rel}","templated":true}]}}