{"id":12675,"date":"2025-03-10T19:41:17","date_gmt":"2025-03-10T18:41:17","guid":{"rendered":"https:\/\/gadmuisne.gob.ec\/web\/?p=12675"},"modified":"2025-03-17T19:43:29","modified_gmt":"2025-03-17T18:43:29","slug":"avanzan-los-trabajos-en-tres-vias","status":"publish","type":"post","link":"https:\/\/gadmuisne.gob.ec\/web\/avanzan-los-trabajos-en-tres-vias\/","title":{"rendered":"\u00a1Avanzan los trabajos en Tres V\u00edas!"},"content":{"rendered":"<div class=\"xdj266r x11i5rnm xat24cr x1mh8g0r x1vvkbs x126k92a\">\n<div dir=\"auto\" style=\"text-align: justify;\">\u00a1Avanzan los trabajos en Tres V\u00edas!<\/div>\n<\/div>\n<div class=\"x11i5rnm xat24cr x1mh8g0r x1vvkbs xtlvy1s x126k92a\" style=\"text-align: justify;\">\n<div dir=\"auto\">Contin\u00faan los trabajos de reconformaci\u00f3n vial en el sector \u00abY\u00bb de Piedra, en Tres V\u00edas, en conjunto con la Prefectura de Esmeraldas y la comunidad.<\/div>\n<div dir=\"auto\">Esta obra mejorar\u00e1 la movilidad y el acceso para todos los habitantes de la zona, impulsando el desarrollo de nuestra comunidad.<\/div>\n<\/div>\n<div class=\"x11i5rnm xat24cr x1mh8g0r x1vvkbs xtlvy1s x126k92a\">\n<div dir=\"auto\" style=\"text-align: justify;\">\u00a1Juntos seguimos construyendo un Muisne m\u00e1s conectado y en progreso!<\/div>\n<div dir=\"auto\"><img loading=\"lazy\" decoding=\"async\" class=\"alignnone size-medium wp-image-12676\" src=\"https:\/\/gadmuisne.gob.ec\/web\/wp-content\/uploads\/2025\/03\/483359622_17931027354008906_4406823328549311233_n-240x300.jpg\" alt=\"\" width=\"240\" height=\"300\" srcset=\"https:\/\/gadmuisne.gob.ec\/web\/wp-content\/uploads\/2025\/03\/483359622_17931027354008906_4406823328549311233_n-240x300.jpg 240w, https:\/\/gadmuisne.gob.ec\/web\/wp-content\/uploads\/2025\/03\/483359622_17931027354008906_4406823328549311233_n-819x1024.jpg 819w, https:\/\/gadmuisne.gob.ec\/web\/wp-content\/uploads\/2025\/03\/483359622_17931027354008906_4406823328549311233_n-768x960.jpg 768w, https:\/\/gadmuisne.gob.ec\/web\/wp-content\/uploads\/2025\/03\/483359622_17931027354008906_4406823328549311233_n-1229x1536.jpg 1229w, https:\/\/gadmuisne.gob.ec\/web\/wp-content\/uploads\/2025\/03\/483359622_17931027354008906_4406823328549311233_n-270x338.jpg 270w, https:\/\/gadmuisne.gob.ec\/web\/wp-content\/uploads\/2025\/03\/483359622_17931027354008906_4406823328549311233_n-370x463.jpg 370w, https:\/\/gadmuisne.gob.ec\/web\/wp-content\/uploads\/2025\/03\/483359622_17931027354008906_4406823328549311233_n-570x713.jpg 570w, https:\/\/gadmuisne.gob.ec\/web\/wp-content\/uploads\/2025\/03\/483359622_17931027354008906_4406823328549311233_n-770x963.jpg 770w, https:\/\/gadmuisne.gob.ec\/web\/wp-content\/uploads\/2025\/03\/483359622_17931027354008906_4406823328549311233_n-870x1088.jpg 870w, https:\/\/gadmuisne.gob.ec\/web\/wp-content\/uploads\/2025\/03\/483359622_17931027354008906_4406823328549311233_n-1170x1463.jpg 1170w, https:\/\/gadmuisne.gob.ec\/web\/wp-content\/uploads\/2025\/03\/483359622_17931027354008906_4406823328549311233_n.jpg 1440w\" sizes=\"auto, (max-width: 240px) 100vw, 240px\" \/><img loading=\"lazy\" decoding=\"async\" class=\"alignnone size-medium wp-image-12677\" src=\"https:\/\/gadmuisne.gob.ec\/web\/wp-content\/uploads\/2025\/03\/483475738_17931027360008906_3449069651543687337_n-240x300.jpg\" alt=\"\" width=\"240\" height=\"300\" srcset=\"https:\/\/gadmuisne.gob.ec\/web\/wp-content\/uploads\/2025\/03\/483475738_17931027360008906_3449069651543687337_n-240x300.jpg 240w, https:\/\/gadmuisne.gob.ec\/web\/wp-content\/uploads\/2025\/03\/483475738_17931027360008906_3449069651543687337_n-819x1024.jpg 819w, https:\/\/gadmuisne.gob.ec\/web\/wp-content\/uploads\/2025\/03\/483475738_17931027360008906_3449069651543687337_n-768x960.jpg 768w, https:\/\/gadmuisne.gob.ec\/web\/wp-content\/uploads\/2025\/03\/483475738_17931027360008906_3449069651543687337_n-1229x1536.jpg 1229w, https:\/\/gadmuisne.gob.ec\/web\/wp-content\/uploads\/2025\/03\/483475738_17931027360008906_3449069651543687337_n-270x338.jpg 270w, https:\/\/gadmuisne.gob.ec\/web\/wp-content\/uploads\/2025\/03\/483475738_17931027360008906_3449069651543687337_n-370x463.jpg 370w, https:\/\/gadmuisne.gob.ec\/web\/wp-content\/uploads\/2025\/03\/483475738_17931027360008906_3449069651543687337_n-570x713.jpg 570w, https:\/\/gadmuisne.gob.ec\/web\/wp-content\/uploads\/2025\/03\/483475738_17931027360008906_3449069651543687337_n-770x963.jpg 770w, https:\/\/gadmuisne.gob.ec\/web\/wp-content\/uploads\/2025\/03\/483475738_17931027360008906_3449069651543687337_n-870x1088.jpg 870w, https:\/\/gadmuisne.gob.ec\/web\/wp-content\/uploads\/2025\/03\/483475738_17931027360008906_3449069651543687337_n-1170x1463.jpg 1170w, https:\/\/gadmuisne.gob.ec\/web\/wp-content\/uploads\/2025\/03\/483475738_17931027360008906_3449069651543687337_n.jpg 1440w\" sizes=\"auto, (max-width: 240px) 100vw, 240px\" \/><img loading=\"lazy\" decoding=\"async\" class=\"alignnone size-medium wp-image-12678\" src=\"https:\/\/gadmuisne.gob.ec\/web\/wp-content\/uploads\/2025\/03\/483496814_17931027357008906_5263614003625504994_n-240x300.jpg\" alt=\"\" width=\"240\" height=\"300\" srcset=\"https:\/\/gadmuisne.gob.ec\/web\/wp-content\/uploads\/2025\/03\/483496814_17931027357008906_5263614003625504994_n-240x300.jpg 240w, https:\/\/gadmuisne.gob.ec\/web\/wp-content\/uploads\/2025\/03\/483496814_17931027357008906_5263614003625504994_n-819x1024.jpg 819w, https:\/\/gadmuisne.gob.ec\/web\/wp-content\/uploads\/2025\/03\/483496814_17931027357008906_5263614003625504994_n-768x960.jpg 768w, https:\/\/gadmuisne.gob.ec\/web\/wp-content\/uploads\/2025\/03\/483496814_17931027357008906_5263614003625504994_n-1229x1536.jpg 1229w, https:\/\/gadmuisne.gob.ec\/web\/wp-content\/uploads\/2025\/03\/483496814_17931027357008906_5263614003625504994_n-270x338.jpg 270w, https:\/\/gadmuisne.gob.ec\/web\/wp-content\/uploads\/2025\/03\/483496814_17931027357008906_5263614003625504994_n-370x463.jpg 370w, https:\/\/gadmuisne.gob.ec\/web\/wp-content\/uploads\/2025\/03\/483496814_17931027357008906_5263614003625504994_n-570x713.jpg 570w, https:\/\/gadmuisne.gob.ec\/web\/wp-content\/uploads\/2025\/03\/483496814_17931027357008906_5263614003625504994_n-770x963.jpg 770w, https:\/\/gadmuisne.gob.ec\/web\/wp-content\/uploads\/2025\/03\/483496814_17931027357008906_5263614003625504994_n-870x1088.jpg 870w, https:\/\/gadmuisne.gob.ec\/web\/wp-content\/uploads\/2025\/03\/483496814_17931027357008906_5263614003625504994_n-1170x1463.jpg 1170w, https:\/\/gadmuisne.gob.ec\/web\/wp-content\/uploads\/2025\/03\/483496814_17931027357008906_5263614003625504994_n.jpg 1440w\" sizes=\"auto, (max-width: 240px) 100vw, 240px\" \/><img loading=\"lazy\" decoding=\"async\" class=\"alignnone size-medium wp-image-12679\" src=\"https:\/\/gadmuisne.gob.ec\/web\/wp-content\/uploads\/2025\/03\/483682887_17931027315008906_3937441393301209963_n-300x169.jpg\" alt=\"\" width=\"300\" height=\"169\" srcset=\"https:\/\/gadmuisne.gob.ec\/web\/wp-content\/uploads\/2025\/03\/483682887_17931027315008906_3937441393301209963_n-300x169.jpg 300w, https:\/\/gadmuisne.gob.ec\/web\/wp-content\/uploads\/2025\/03\/483682887_17931027315008906_3937441393301209963_n-1024x576.jpg 1024w, https:\/\/gadmuisne.gob.ec\/web\/wp-content\/uploads\/2025\/03\/483682887_17931027315008906_3937441393301209963_n-768x432.jpg 768w, https:\/\/gadmuisne.gob.ec\/web\/wp-content\/uploads\/2025\/03\/483682887_17931027315008906_3937441393301209963_n-270x152.jpg 270w, https:\/\/gadmuisne.gob.ec\/web\/wp-content\/uploads\/2025\/03\/483682887_17931027315008906_3937441393301209963_n-370x208.jpg 370w, https:\/\/gadmuisne.gob.ec\/web\/wp-content\/uploads\/2025\/03\/483682887_17931027315008906_3937441393301209963_n-570x321.jpg 570w, https:\/\/gadmuisne.gob.ec\/web\/wp-content\/uploads\/2025\/03\/483682887_17931027315008906_3937441393301209963_n-770x433.jpg 770w, https:\/\/gadmuisne.gob.ec\/web\/wp-content\/uploads\/2025\/03\/483682887_17931027315008906_3937441393301209963_n-870x489.jpg 870w, https:\/\/gadmuisne.gob.ec\/web\/wp-content\/uploads\/2025\/03\/483682887_17931027315008906_3937441393301209963_n-1170x658.jpg 1170w, https:\/\/gadmuisne.gob.ec\/web\/wp-content\/uploads\/2025\/03\/483682887_17931027315008906_3937441393301209963_n.jpg 1440w\" sizes=\"auto, (max-width: 300px) 100vw, 300px\" \/><\/div>\n<\/div>\n","protected":false},"excerpt":{"rendered":"<p>\u00a1Avanzan los trabajos en Tres V\u00edas! Contin\u00faan los trabajos de reconformaci\u00f3n vial en el sector \u00abY\u00bb de Piedra, en Tres V\u00edas, en conjunto con la Prefectura de Esmeraldas y la comunidad. Esta obra mejorar\u00e1 la movilidad y el acceso para todos los habitantes de la zona, impulsando el desarrollo de&#8230;<\/p>\n","protected":false},"author":4,"featured_media":12676,"comment_status":"closed","ping_status":"open","sticky":false,"template":"","format":"standard","meta":{"footnotes":""},"categories":[35],"tags":[],"class_list":["post-12675","post","type-post","status-publish","format-standard","has-post-thumbnail","hentry","category-actividades"],"_links":{"self":[{"href":"https:\/\/gadmuisne.gob.ec\/web\/wp-json\/wp\/v2\/posts\/12675","targetHints":{"allow":["GET"]}}],"collection":[{"href":"https:\/\/gadmuisne.gob.ec\/web\/wp-json\/wp\/v2\/posts"}],"about":[{"href":"https:\/\/gadmuisne.gob.ec\/web\/wp-json\/wp\/v2\/types\/post"}],"author":[{"embeddable":true,"href":"https:\/\/gadmuisne.gob.ec\/web\/wp-json\/wp\/v2\/users\/4"}],"replies":[{"embeddable":true,"href":"https:\/\/gadmuisne.gob.ec\/web\/wp-json\/wp\/v2\/comments?post=12675"}],"version-history":[{"count":1,"href":"https:\/\/gadmuisne.gob.ec\/web\/wp-json\/wp\/v2\/posts\/12675\/revisions"}],"predecessor-version":[{"id":12680,"href":"https:\/\/gadmuisne.gob.ec\/web\/wp-json\/wp\/v2\/posts\/12675\/revisions\/12680"}],"wp:featuredmedia":[{"embeddable":true,"href":"https:\/\/gadmuisne.gob.ec\/web\/wp-json\/wp\/v2\/media\/12676"}],"wp:attachment":[{"href":"https:\/\/gadmuisne.gob.ec\/web\/wp-json\/wp\/v2\/media?parent=12675"}],"wp:term":[{"taxonomy":"category","embeddable":true,"href":"https:\/\/gadmuisne.gob.ec\/web\/wp-json\/wp\/v2\/categories?post=12675"},{"taxonomy":"post_tag","embeddable":true,"href":"https:\/\/gadmuisne.gob.ec\/web\/wp-json\/wp\/v2\/tags?post=12675"}],"curies":[{"name":"wp","href":"https:\/\/api.w.org\/{rel}","templated":true}]}}