{"id":12681,"date":"2025-03-11T19:46:42","date_gmt":"2025-03-11T18:46:42","guid":{"rendered":"https:\/\/gadmuisne.gob.ec\/web\/?p=12681"},"modified":"2025-03-17T19:52:24","modified_gmt":"2025-03-17T18:52:24","slug":"la-construccion-del-graderio-en-el-recinto-golpeacoco-ya-se-encuentra-en-su-etapa-final-esta-obra-llega-gracias-a-un-convenio-entre-la-alcaldia-de-muisne-y-el-gad-parroquial-de-salima","status":"publish","type":"post","link":"https:\/\/gadmuisne.gob.ec\/web\/la-construccion-del-graderio-en-el-recinto-golpeacoco-ya-se-encuentra-en-su-etapa-final-esta-obra-llega-gracias-a-un-convenio-entre-la-alcaldia-de-muisne-y-el-gad-parroquial-de-salima\/","title":{"rendered":"La construcci\u00f3n del grader\u00edo en el recinto Golpeacoco ya se encuentra en su etapa final. Esta obra llega gracias a un convenio entre la Alcald\u00eda de Muisne y el GAD Parroquial de S\u00e1lima."},"content":{"rendered":"<div class=\"xdj266r x11i5rnm xat24cr x1mh8g0r x1vvkbs x126k92a\">\n<div dir=\"auto\" style=\"text-align: justify;\">El grader\u00edo en Golpeacoco est\u00e1 listo.<\/div>\n<\/div>\n<div class=\"x11i5rnm xat24cr x1mh8g0r x1vvkbs xtlvy1s x126k92a\" style=\"text-align: justify;\">\n<div dir=\"auto\">La construcci\u00f3n del grader\u00edo en el recinto Golpeacoco ya se encuentra en su etapa final. Esta obra llega gracias a un convenio entre la Alcald\u00eda de Muisne y el GAD Parroquial de S\u00e1lima.<\/div>\n<\/div>\n<div class=\"x11i5rnm xat24cr x1mh8g0r x1vvkbs xtlvy1s x126k92a\" style=\"text-align: justify;\">\n<div dir=\"auto\">La obra beneficia a m\u00e1s de 2500 personas de esta comunidad, as\u00ed como a las familias de los recintos La Lora, La Uni\u00f3n y El Bonito, comunidades que son cercanas al lugar.<\/div>\n<\/div>\n<div class=\"x11i5rnm xat24cr x1mh8g0r x1vvkbs xtlvy1s x126k92a\">\n<div dir=\"auto\" style=\"text-align: justify;\">Neri Escobar Rosales, presidente del Gobierno Parroquial de S\u00e1lima, dijo que la obra en su totalidad tiene un costo de 11.400,00 d\u00f3lares en un \u00e1rea de 20 metros de longitud. Para concretar este compromiso, la alcald\u00eda transfiri\u00f3 3.500,00 d\u00f3lares a las arcas del Gobierno Parroquial.<\/div>\n<div dir=\"auto\"><img loading=\"lazy\" decoding=\"async\" class=\"alignnone size-medium wp-image-12684\" src=\"https:\/\/gadmuisne.gob.ec\/web\/wp-content\/uploads\/2025\/03\/483094162_17931105795008906_1959606597876343295_n-1-300x225.jpg\" alt=\"\" width=\"300\" height=\"225\" srcset=\"https:\/\/gadmuisne.gob.ec\/web\/wp-content\/uploads\/2025\/03\/483094162_17931105795008906_1959606597876343295_n-1-300x225.jpg 300w, https:\/\/gadmuisne.gob.ec\/web\/wp-content\/uploads\/2025\/03\/483094162_17931105795008906_1959606597876343295_n-1-270x203.jpg 270w, https:\/\/gadmuisne.gob.ec\/web\/wp-content\/uploads\/2025\/03\/483094162_17931105795008906_1959606597876343295_n-1-370x278.jpg 370w, https:\/\/gadmuisne.gob.ec\/web\/wp-content\/uploads\/2025\/03\/483094162_17931105795008906_1959606597876343295_n-1-570x428.jpg 570w, https:\/\/gadmuisne.gob.ec\/web\/wp-content\/uploads\/2025\/03\/483094162_17931105795008906_1959606597876343295_n-1.jpg 600w\" sizes=\"auto, (max-width: 300px) 100vw, 300px\" \/><img loading=\"lazy\" decoding=\"async\" class=\"alignnone size-medium wp-image-12685\" src=\"https:\/\/gadmuisne.gob.ec\/web\/wp-content\/uploads\/2025\/03\/483420235_17931105804008906_6259592727304806997_n-1-300x225.jpg\" alt=\"\" width=\"300\" height=\"225\" srcset=\"https:\/\/gadmuisne.gob.ec\/web\/wp-content\/uploads\/2025\/03\/483420235_17931105804008906_6259592727304806997_n-1-300x225.jpg 300w, https:\/\/gadmuisne.gob.ec\/web\/wp-content\/uploads\/2025\/03\/483420235_17931105804008906_6259592727304806997_n-1-1024x768.jpg 1024w, https:\/\/gadmuisne.gob.ec\/web\/wp-content\/uploads\/2025\/03\/483420235_17931105804008906_6259592727304806997_n-1-768x576.jpg 768w, https:\/\/gadmuisne.gob.ec\/web\/wp-content\/uploads\/2025\/03\/483420235_17931105804008906_6259592727304806997_n-1-270x203.jpg 270w, https:\/\/gadmuisne.gob.ec\/web\/wp-content\/uploads\/2025\/03\/483420235_17931105804008906_6259592727304806997_n-1-370x278.jpg 370w, https:\/\/gadmuisne.gob.ec\/web\/wp-content\/uploads\/2025\/03\/483420235_17931105804008906_6259592727304806997_n-1-570x428.jpg 570w, https:\/\/gadmuisne.gob.ec\/web\/wp-content\/uploads\/2025\/03\/483420235_17931105804008906_6259592727304806997_n-1-770x578.jpg 770w, https:\/\/gadmuisne.gob.ec\/web\/wp-content\/uploads\/2025\/03\/483420235_17931105804008906_6259592727304806997_n-1-870x653.jpg 870w, https:\/\/gadmuisne.gob.ec\/web\/wp-content\/uploads\/2025\/03\/483420235_17931105804008906_6259592727304806997_n-1-1170x878.jpg 1170w, https:\/\/gadmuisne.gob.ec\/web\/wp-content\/uploads\/2025\/03\/483420235_17931105804008906_6259592727304806997_n-1.jpg 1440w\" sizes=\"auto, (max-width: 300px) 100vw, 300px\" \/><\/div>\n<\/div>\n","protected":false},"excerpt":{"rendered":"<p>El grader\u00edo en Golpeacoco est\u00e1 listo. La construcci\u00f3n del grader\u00edo en el recinto Golpeacoco ya se encuentra en su etapa final. Esta obra llega gracias a un convenio entre la Alcald\u00eda de Muisne y el GAD Parroquial de S\u00e1lima. La obra beneficia a m\u00e1s de 2500 personas de esta comunidad,&#8230;<\/p>\n","protected":false},"author":4,"featured_media":12684,"comment_status":"closed","ping_status":"open","sticky":false,"template":"","format":"standard","meta":{"footnotes":""},"categories":[35],"tags":[],"class_list":["post-12681","post","type-post","status-publish","format-standard","has-post-thumbnail","hentry","category-actividades"],"_links":{"self":[{"href":"https:\/\/gadmuisne.gob.ec\/web\/wp-json\/wp\/v2\/posts\/12681","targetHints":{"allow":["GET"]}}],"collection":[{"href":"https:\/\/gadmuisne.gob.ec\/web\/wp-json\/wp\/v2\/posts"}],"about":[{"href":"https:\/\/gadmuisne.gob.ec\/web\/wp-json\/wp\/v2\/types\/post"}],"author":[{"embeddable":true,"href":"https:\/\/gadmuisne.gob.ec\/web\/wp-json\/wp\/v2\/users\/4"}],"replies":[{"embeddable":true,"href":"https:\/\/gadmuisne.gob.ec\/web\/wp-json\/wp\/v2\/comments?post=12681"}],"version-history":[{"count":1,"href":"https:\/\/gadmuisne.gob.ec\/web\/wp-json\/wp\/v2\/posts\/12681\/revisions"}],"predecessor-version":[{"id":12686,"href":"https:\/\/gadmuisne.gob.ec\/web\/wp-json\/wp\/v2\/posts\/12681\/revisions\/12686"}],"wp:featuredmedia":[{"embeddable":true,"href":"https:\/\/gadmuisne.gob.ec\/web\/wp-json\/wp\/v2\/media\/12684"}],"wp:attachment":[{"href":"https:\/\/gadmuisne.gob.ec\/web\/wp-json\/wp\/v2\/media?parent=12681"}],"wp:term":[{"taxonomy":"category","embeddable":true,"href":"https:\/\/gadmuisne.gob.ec\/web\/wp-json\/wp\/v2\/categories?post=12681"},{"taxonomy":"post_tag","embeddable":true,"href":"https:\/\/gadmuisne.gob.ec\/web\/wp-json\/wp\/v2\/tags?post=12681"}],"curies":[{"name":"wp","href":"https:\/\/api.w.org\/{rel}","templated":true}]}}