{"id":13294,"date":"2025-03-27T15:19:42","date_gmt":"2025-03-27T14:19:42","guid":{"rendered":"https:\/\/gadmuisne.gob.ec\/web\/?p=13294"},"modified":"2025-03-27T15:19:42","modified_gmt":"2025-03-27T14:19:42","slug":"aprovecha-el-5-de-descuento-en-tu-impuesto-predial-contribuye-antes-del-30-de-marzo-y-beneficiate-de-este-descuento-especial","status":"publish","type":"post","link":"https:\/\/gadmuisne.gob.ec\/web\/aprovecha-el-5-de-descuento-en-tu-impuesto-predial-contribuye-antes-del-30-de-marzo-y-beneficiate-de-este-descuento-especial\/","title":{"rendered":"\u00a1Aprovecha el 5% de descuento en tu impuesto predial! Contribuye antes del 30 de marzo y benef\u00edciate de este descuento especial."},"content":{"rendered":"<div class=\"xdj266r x11i5rnm xat24cr x1mh8g0r x1vvkbs x126k92a\">\n<div dir=\"auto\" style=\"text-align: justify;\">\u00a1Aprovecha el 5% de descuento en tu impuesto predial!<\/div>\n<\/div>\n<div class=\"x11i5rnm xat24cr x1mh8g0r x1vvkbs xtlvy1s x126k92a\" style=\"text-align: justify;\">\n<div dir=\"auto\">Contribuye antes del 30 de marzo y benef\u00edciate de este descuento especial.<\/div>\n<\/div>\n<div class=\"x11i5rnm xat24cr x1mh8g0r x1vvkbs xtlvy1s x126k92a\" style=\"text-align: justify;\">\n<div dir=\"auto\">Recuerda que tu contribuci\u00f3n es el futuro de Muisne.<\/div>\n<\/div>\n<div class=\"x11i5rnm xat24cr x1mh8g0r x1vvkbs xtlvy1s x126k92a\">\n<div dir=\"auto\" style=\"text-align: justify;\">Puedes hacerlo en las ventanillas del GAD, por transferencia bancaria y con tarjeta de cr\u00e9dito.<\/div>\n<div dir=\"auto\"><img loading=\"lazy\" decoding=\"async\" class=\"alignnone size-medium wp-image-13295\" src=\"https:\/\/gadmuisne.gob.ec\/web\/wp-content\/uploads\/2025\/03\/486222471_17932857162008906_7570819667785589699_n-240x300.jpg\" alt=\"\" width=\"240\" height=\"300\" srcset=\"https:\/\/gadmuisne.gob.ec\/web\/wp-content\/uploads\/2025\/03\/486222471_17932857162008906_7570819667785589699_n-240x300.jpg 240w, https:\/\/gadmuisne.gob.ec\/web\/wp-content\/uploads\/2025\/03\/486222471_17932857162008906_7570819667785589699_n-819x1024.jpg 819w, https:\/\/gadmuisne.gob.ec\/web\/wp-content\/uploads\/2025\/03\/486222471_17932857162008906_7570819667785589699_n-768x960.jpg 768w, https:\/\/gadmuisne.gob.ec\/web\/wp-content\/uploads\/2025\/03\/486222471_17932857162008906_7570819667785589699_n-1229x1536.jpg 1229w, https:\/\/gadmuisne.gob.ec\/web\/wp-content\/uploads\/2025\/03\/486222471_17932857162008906_7570819667785589699_n-270x338.jpg 270w, https:\/\/gadmuisne.gob.ec\/web\/wp-content\/uploads\/2025\/03\/486222471_17932857162008906_7570819667785589699_n-370x463.jpg 370w, https:\/\/gadmuisne.gob.ec\/web\/wp-content\/uploads\/2025\/03\/486222471_17932857162008906_7570819667785589699_n-570x713.jpg 570w, https:\/\/gadmuisne.gob.ec\/web\/wp-content\/uploads\/2025\/03\/486222471_17932857162008906_7570819667785589699_n-770x963.jpg 770w, https:\/\/gadmuisne.gob.ec\/web\/wp-content\/uploads\/2025\/03\/486222471_17932857162008906_7570819667785589699_n-870x1088.jpg 870w, https:\/\/gadmuisne.gob.ec\/web\/wp-content\/uploads\/2025\/03\/486222471_17932857162008906_7570819667785589699_n-1170x1463.jpg 1170w, https:\/\/gadmuisne.gob.ec\/web\/wp-content\/uploads\/2025\/03\/486222471_17932857162008906_7570819667785589699_n.jpg 1440w\" sizes=\"auto, (max-width: 240px) 100vw, 240px\" \/><\/div>\n<\/div>\n","protected":false},"excerpt":{"rendered":"<p>\u00a1Aprovecha el 5% de descuento en tu impuesto predial! Contribuye antes del 30 de marzo y benef\u00edciate de este descuento especial. Recuerda que tu contribuci\u00f3n es el futuro de Muisne. Puedes hacerlo en las ventanillas del GAD, por transferencia bancaria y con tarjeta de cr\u00e9dito.<\/p>\n","protected":false},"author":4,"featured_media":13295,"comment_status":"closed","ping_status":"open","sticky":false,"template":"","format":"standard","meta":{"footnotes":""},"categories":[35],"tags":[],"class_list":["post-13294","post","type-post","status-publish","format-standard","has-post-thumbnail","hentry","category-actividades"],"_links":{"self":[{"href":"https:\/\/gadmuisne.gob.ec\/web\/wp-json\/wp\/v2\/posts\/13294","targetHints":{"allow":["GET"]}}],"collection":[{"href":"https:\/\/gadmuisne.gob.ec\/web\/wp-json\/wp\/v2\/posts"}],"about":[{"href":"https:\/\/gadmuisne.gob.ec\/web\/wp-json\/wp\/v2\/types\/post"}],"author":[{"embeddable":true,"href":"https:\/\/gadmuisne.gob.ec\/web\/wp-json\/wp\/v2\/users\/4"}],"replies":[{"embeddable":true,"href":"https:\/\/gadmuisne.gob.ec\/web\/wp-json\/wp\/v2\/comments?post=13294"}],"version-history":[{"count":1,"href":"https:\/\/gadmuisne.gob.ec\/web\/wp-json\/wp\/v2\/posts\/13294\/revisions"}],"predecessor-version":[{"id":13296,"href":"https:\/\/gadmuisne.gob.ec\/web\/wp-json\/wp\/v2\/posts\/13294\/revisions\/13296"}],"wp:featuredmedia":[{"embeddable":true,"href":"https:\/\/gadmuisne.gob.ec\/web\/wp-json\/wp\/v2\/media\/13295"}],"wp:attachment":[{"href":"https:\/\/gadmuisne.gob.ec\/web\/wp-json\/wp\/v2\/media?parent=13294"}],"wp:term":[{"taxonomy":"category","embeddable":true,"href":"https:\/\/gadmuisne.gob.ec\/web\/wp-json\/wp\/v2\/categories?post=13294"},{"taxonomy":"post_tag","embeddable":true,"href":"https:\/\/gadmuisne.gob.ec\/web\/wp-json\/wp\/v2\/tags?post=13294"}],"curies":[{"name":"wp","href":"https:\/\/api.w.org\/{rel}","templated":true}]}}