{"id":15296,"date":"2025-08-08T08:38:50","date_gmt":"2025-08-08T13:38:50","guid":{"rendered":"https:\/\/gadmuisne.gob.ec\/web\/?p=15296"},"modified":"2025-08-08T08:38:50","modified_gmt":"2025-08-08T13:38:50","slug":"convocatoria-a-los-habitantes-del-barrio-central-y-todo-el-canton-se-realizara-el-taller-comunitario-para-definir-la-primera-iniciativa-barrial-del-proyecto","status":"publish","type":"post","link":"https:\/\/gadmuisne.gob.ec\/web\/convocatoria-a-los-habitantes-del-barrio-central-y-todo-el-canton-se-realizara-el-taller-comunitario-para-definir-la-primera-iniciativa-barrial-del-proyecto\/","title":{"rendered":"Convocatoria a los habitantes del Barrio Central y todo el cant\u00f3n. Se realizar\u00e1 el Taller Comunitario para definir la primera iniciativa barrial del proyecto:"},"content":{"rendered":"<div class=\"xdj266r x14z9mp xat24cr x1lziwak x1vvkbs x126k92a\">\n<div dir=\"auto\" style=\"text-align: justify;\">Convocatoria a los habitantes del Barrio Central y todo el cant\u00f3n.<\/div>\n<\/div>\n<div class=\"x14z9mp xat24cr x1lziwak x1vvkbs xtlvy1s x126k92a\" style=\"text-align: justify;\">\n<div dir=\"auto\">Se realizar\u00e1 el Taller Comunitario para definir la primera iniciativa barrial del proyecto:<\/div>\n<div dir=\"auto\">\u201cRehabilitaci\u00f3n del parque infantil, malec\u00f3n y comedores del Barrio Central en la cabecera cantonal de Muisne, provincia de Esmeraldas.\u201d<\/div>\n<\/div>\n<div class=\"x14z9mp xat24cr x1lziwak x1vvkbs xtlvy1s x126k92a\" style=\"text-align: justify;\">\n<div dir=\"auto\"><span class=\"html-span xexx8yu xyri2b x18d9i69 x1c1uobl x1hl2dhg x16tdsg8 x1vvkbs x3nfvp2 x1j61x8r x1fcty0u xdj266r xat24cr xm2jcoa x1mpyi22 xxymvpz xlup9mm x1kky2od\"><img loading=\"lazy\" decoding=\"async\" class=\"xz74otr x15mokao x1ga7v0g x16uus16 xbiv7yw\" src=\"https:\/\/static.xx.fbcdn.net\/images\/emoji.php\/v9\/t5c\/1\/16\/1f5d3.png\" alt=\"\ud83d\uddd3\" width=\"16\" height=\"16\" \/><\/span> Viernes, 08 de agosto de 2025<\/div>\n<div dir=\"auto\"><span class=\"html-span xexx8yu xyri2b x18d9i69 x1c1uobl x1hl2dhg x16tdsg8 x1vvkbs x3nfvp2 x1j61x8r x1fcty0u xdj266r xat24cr xm2jcoa x1mpyi22 xxymvpz xlup9mm x1kky2od\"><img loading=\"lazy\" decoding=\"async\" class=\"xz74otr x15mokao x1ga7v0g x16uus16 xbiv7yw\" src=\"https:\/\/static.xx.fbcdn.net\/images\/emoji.php\/v9\/ta8\/1\/16\/1f550.png\" alt=\"\ud83d\udd50\" width=\"16\" height=\"16\" \/><\/span> Desde las 14h00 hasta las 16h00.<\/div>\n<div dir=\"auto\"><span class=\"html-span xexx8yu xyri2b x18d9i69 x1c1uobl x1hl2dhg x16tdsg8 x1vvkbs x3nfvp2 x1j61x8r x1fcty0u xdj266r xat24cr xm2jcoa x1mpyi22 xxymvpz xlup9mm x1kky2od\"><img loading=\"lazy\" decoding=\"async\" class=\"xz74otr x15mokao x1ga7v0g x16uus16 xbiv7yw\" src=\"https:\/\/static.xx.fbcdn.net\/images\/emoji.php\/v9\/t2d\/1\/16\/1f4cd.png\" alt=\"\ud83d\udccd\" width=\"16\" height=\"16\" \/><\/span>Auditorio municipal<\/div>\n<\/div>\n<div class=\"x14z9mp xat24cr x1lziwak x1vvkbs xtlvy1s x126k92a\" style=\"text-align: justify;\">\n<div dir=\"auto\">La participaci\u00f3n activa de la ciudadan\u00eda es clave para priorizar obras que respondan a sus verdaderas necesidades y sue\u00f1os. Este taller forma parte de un modelo de gesti\u00f3n participativa impulsado por la actual administraci\u00f3n municipal, con el respaldo del MIDUVI y el Banco Mundial, reafirmando que cuando la comunidad decide, el desarrollo es real y sostenible.<\/div>\n<\/div>\n<div class=\"x14z9mp xat24cr x1lziwak x1vvkbs xtlvy1s x126k92a\" style=\"text-align: justify;\">\n<div dir=\"auto\">\u00a1Te esperamos! Tu voz tambi\u00e9n construye el nuevo Muisne.<\/div>\n<\/div>\n<div class=\"x14z9mp xat24cr x1lziwak x1vvkbs xtlvy1s x126k92a\">\n<div dir=\"auto\" style=\"text-align: justify;\"><span class=\"html-span xdj266r x14z9mp xat24cr x1lziwak xexx8yu xyri2b x18d9i69 x1c1uobl x1hl2dhg x16tdsg8 x1vvkbs\"><a class=\"x1i10hfl xjbqb8w x1ejq31n x18oe1m7 x1sy0etr xstzfhl x972fbf x10w94by x1qhh985 x14e42zd x9f619 x1ypdohk xt0psk2 xe8uvvx xdj266r x14z9mp xat24cr x1lziwak xexx8yu xyri2b x18d9i69 x1c1uobl x16tdsg8 x1hl2dhg xggy1nq x1a2a7pz xkrqix3 x1sur9pj x1fey0fg x1s688f\" tabindex=\"0\" role=\"link\" href=\"https:\/\/www.facebook.com\/hashtag\/miduvi?__eep__=6&amp;__cft__[0]=AZW7q4mYI9KSW8fAS7F1OL8CD6yBBta4p_92X1ci6VNiK60Afb5DXsn32pSD7atGFs5KCiLE2bJNe4qqQBUIbww3WJlcm004rtoNIYJyq-vWMM2aKnizXwyX6htXkgjGGDaWgxZKDSaR2IeexlGIRrOMjC-guS-zkIDIlF02FUD5Rq5nAQr6fpwNn6ckxwMtojY&amp;__tn__=*NK-R\">#Miduvi<\/a><\/span><\/div>\n<div dir=\"auto\" style=\"text-align: justify;\"><span class=\"html-span xdj266r x14z9mp xat24cr x1lziwak xexx8yu xyri2b x18d9i69 x1c1uobl x1hl2dhg x16tdsg8 x1vvkbs\"><a class=\"x1i10hfl xjbqb8w x1ejq31n x18oe1m7 x1sy0etr xstzfhl x972fbf x10w94by x1qhh985 x14e42zd x9f619 x1ypdohk xt0psk2 xe8uvvx xdj266r x14z9mp xat24cr x1lziwak xexx8yu xyri2b x18d9i69 x1c1uobl x16tdsg8 x1hl2dhg xggy1nq x1a2a7pz xkrqix3 x1sur9pj x1fey0fg x1s688f\" tabindex=\"0\" role=\"link\" href=\"https:\/\/www.facebook.com\/hashtag\/bancomundial?__eep__=6&amp;__cft__[0]=AZW7q4mYI9KSW8fAS7F1OL8CD6yBBta4p_92X1ci6VNiK60Afb5DXsn32pSD7atGFs5KCiLE2bJNe4qqQBUIbww3WJlcm004rtoNIYJyq-vWMM2aKnizXwyX6htXkgjGGDaWgxZKDSaR2IeexlGIRrOMjC-guS-zkIDIlF02FUD5Rq5nAQr6fpwNn6ckxwMtojY&amp;__tn__=*NK-R\">#BancoMundial<\/a><\/span><\/div>\n<div dir=\"auto\" style=\"text-align: justify;\"><span class=\"html-span xdj266r x14z9mp xat24cr x1lziwak xexx8yu xyri2b x18d9i69 x1c1uobl x1hl2dhg x16tdsg8 x1vvkbs\"><a class=\"x1i10hfl xjbqb8w x1ejq31n x18oe1m7 x1sy0etr xstzfhl x972fbf x10w94by x1qhh985 x14e42zd x9f619 x1ypdohk xt0psk2 xe8uvvx xdj266r x14z9mp xat24cr x1lziwak xexx8yu xyri2b x18d9i69 x1c1uobl x16tdsg8 x1hl2dhg xggy1nq x1a2a7pz xkrqix3 x1sur9pj x1fey0fg x1s688f\" tabindex=\"0\" role=\"link\" href=\"https:\/\/www.facebook.com\/hashtag\/yuricoloradoalcaldesa?__eep__=6&amp;__cft__[0]=AZW7q4mYI9KSW8fAS7F1OL8CD6yBBta4p_92X1ci6VNiK60Afb5DXsn32pSD7atGFs5KCiLE2bJNe4qqQBUIbww3WJlcm004rtoNIYJyq-vWMM2aKnizXwyX6htXkgjGGDaWgxZKDSaR2IeexlGIRrOMjC-guS-zkIDIlF02FUD5Rq5nAQr6fpwNn6ckxwMtojY&amp;__tn__=*NK-R\">#YuriColoradoAlcaldesa<\/a><\/span><\/div>\n<div dir=\"auto\"><img loading=\"lazy\" decoding=\"async\" class=\"alignnone size-medium wp-image-15297\" src=\"https:\/\/gadmuisne.gob.ec\/web\/wp-content\/uploads\/2025\/08\/528815731_679383421825880_6752030620034078002_n-240x300.jpg\" alt=\"\" width=\"240\" height=\"300\" srcset=\"https:\/\/gadmuisne.gob.ec\/web\/wp-content\/uploads\/2025\/08\/528815731_679383421825880_6752030620034078002_n-240x300.jpg 240w, https:\/\/gadmuisne.gob.ec\/web\/wp-content\/uploads\/2025\/08\/528815731_679383421825880_6752030620034078002_n-819x1024.jpg 819w, https:\/\/gadmuisne.gob.ec\/web\/wp-content\/uploads\/2025\/08\/528815731_679383421825880_6752030620034078002_n-768x960.jpg 768w, https:\/\/gadmuisne.gob.ec\/web\/wp-content\/uploads\/2025\/08\/528815731_679383421825880_6752030620034078002_n-270x338.jpg 270w, https:\/\/gadmuisne.gob.ec\/web\/wp-content\/uploads\/2025\/08\/528815731_679383421825880_6752030620034078002_n-370x463.jpg 370w, https:\/\/gadmuisne.gob.ec\/web\/wp-content\/uploads\/2025\/08\/528815731_679383421825880_6752030620034078002_n-570x713.jpg 570w, https:\/\/gadmuisne.gob.ec\/web\/wp-content\/uploads\/2025\/08\/528815731_679383421825880_6752030620034078002_n-770x963.jpg 770w, https:\/\/gadmuisne.gob.ec\/web\/wp-content\/uploads\/2025\/08\/528815731_679383421825880_6752030620034078002_n-870x1088.jpg 870w, https:\/\/gadmuisne.gob.ec\/web\/wp-content\/uploads\/2025\/08\/528815731_679383421825880_6752030620034078002_n.jpg 1080w\" sizes=\"auto, (max-width: 240px) 100vw, 240px\" \/><\/div>\n<\/div>\n","protected":false},"excerpt":{"rendered":"<p>Convocatoria a los habitantes del Barrio Central y todo el cant\u00f3n. Se realizar\u00e1 el Taller Comunitario para definir la primera iniciativa barrial del proyecto: \u201cRehabilitaci\u00f3n del parque infantil, malec\u00f3n y comedores del Barrio Central en la cabecera cantonal de Muisne, provincia de Esmeraldas.\u201d Viernes, 08 de agosto de 2025 Desde&#8230;<\/p>\n","protected":false},"author":4,"featured_media":15297,"comment_status":"closed","ping_status":"open","sticky":false,"template":"","format":"standard","meta":{"footnotes":""},"categories":[35],"tags":[],"class_list":["post-15296","post","type-post","status-publish","format-standard","has-post-thumbnail","hentry","category-actividades"],"_links":{"self":[{"href":"https:\/\/gadmuisne.gob.ec\/web\/wp-json\/wp\/v2\/posts\/15296","targetHints":{"allow":["GET"]}}],"collection":[{"href":"https:\/\/gadmuisne.gob.ec\/web\/wp-json\/wp\/v2\/posts"}],"about":[{"href":"https:\/\/gadmuisne.gob.ec\/web\/wp-json\/wp\/v2\/types\/post"}],"author":[{"embeddable":true,"href":"https:\/\/gadmuisne.gob.ec\/web\/wp-json\/wp\/v2\/users\/4"}],"replies":[{"embeddable":true,"href":"https:\/\/gadmuisne.gob.ec\/web\/wp-json\/wp\/v2\/comments?post=15296"}],"version-history":[{"count":1,"href":"https:\/\/gadmuisne.gob.ec\/web\/wp-json\/wp\/v2\/posts\/15296\/revisions"}],"predecessor-version":[{"id":15298,"href":"https:\/\/gadmuisne.gob.ec\/web\/wp-json\/wp\/v2\/posts\/15296\/revisions\/15298"}],"wp:featuredmedia":[{"embeddable":true,"href":"https:\/\/gadmuisne.gob.ec\/web\/wp-json\/wp\/v2\/media\/15297"}],"wp:attachment":[{"href":"https:\/\/gadmuisne.gob.ec\/web\/wp-json\/wp\/v2\/media?parent=15296"}],"wp:term":[{"taxonomy":"category","embeddable":true,"href":"https:\/\/gadmuisne.gob.ec\/web\/wp-json\/wp\/v2\/categories?post=15296"},{"taxonomy":"post_tag","embeddable":true,"href":"https:\/\/gadmuisne.gob.ec\/web\/wp-json\/wp\/v2\/tags?post=15296"}],"curies":[{"name":"wp","href":"https:\/\/api.w.org\/{rel}","templated":true}]}}