{"id":15299,"date":"2025-08-08T08:50:32","date_gmt":"2025-08-08T13:50:32","guid":{"rendered":"https:\/\/gadmuisne.gob.ec\/web\/?p=15299"},"modified":"2025-08-08T08:51:00","modified_gmt":"2025-08-08T13:51:00","slug":"el-recinto-aguas-claras-de-la-parroquia-daule-al-sur-del-canton-muisne-se-apresta-celebrar-una-aniversario-mas-de-su-creacion-con-una-variada-programacion-social-cultural-y-deportiva","status":"publish","type":"post","link":"https:\/\/gadmuisne.gob.ec\/web\/el-recinto-aguas-claras-de-la-parroquia-daule-al-sur-del-canton-muisne-se-apresta-celebrar-una-aniversario-mas-de-su-creacion-con-una-variada-programacion-social-cultural-y-deportiva\/","title":{"rendered":"El recinto Aguas Claras de la parroquia Daule, al sur del canton Muisne, se apresta celebrar una aniversario m\u00e1s de su creaci\u00f3n, con una variada programaci\u00f3n social., cultural y deportiva."},"content":{"rendered":"<div class=\"xdj266r x14z9mp xat24cr x1lziwak x1vvkbs x126k92a\">\n<div dir=\"auto\" style=\"text-align: justify;\">\u00a1La fiesta en Aguas Claras ya se siente!<\/div>\n<\/div>\n<div class=\"x14z9mp xat24cr x1lziwak x1vvkbs xtlvy1s x126k92a\" style=\"text-align: justify;\">\n<div dir=\"auto\">Ven con tu familia y disfruta de esta gran celebraci\u00f3n.<\/div>\n<\/div>\n<div dir=\"auto\">El recinto Aguas Claras de la parroquia Daule, al sur del canton Muisne, se apresta celebrar una aniversario m\u00e1s de su creaci\u00f3n, con una variada programaci\u00f3n social., cultural y deportiva.<\/div>\n<div dir=\"auto\"><\/div>\n<div dir=\"auto\">En esta poblaci\u00f3n la Alcald\u00eda del cant\u00f3n Muisne, inicio con el adecentamiento\u00a0 y lastrado de sus arterias en su totalidad, adoquinado, iluminaci\u00f3n del coliseo deportivo, centro en el que se realizar\u00e1 la elecci\u00f3n de la Reina y el baile popular. A esta tareas que van en mojaras de la comunidad, a sido fundamental la colaboraci\u00f3n y participaci\u00f3n de sus habitantes, quienes han expresado sus agradecimientos, a la primera autoridad municipal, Yuri Colorado, quien a traves del Plan YCM, ha logrado que este sector haya mejorar su imagen en su totalidad. Anteriormente, ya se hab\u00eda intervenido las estructuras y el mejoramiento del parque infantil del poblado. Dentro de las actividades a desarrollarse durantes las programaciones est\u00e1n.<\/div>\n<div class=\"x14z9mp xat24cr x1lziwak x1vvkbs xtlvy1s x126k92a\" style=\"text-align: justify;\">\n<div dir=\"auto\"><\/div>\n<div dir=\"auto\">PREG\u00d3N \u2013 Viernes 8 de agosto | <span class=\"html-span xexx8yu xyri2b x18d9i69 x1c1uobl x1hl2dhg x16tdsg8 x1vvkbs x3nfvp2 x1j61x8r x1fcty0u xdj266r xat24cr xm2jcoa x1mpyi22 xxymvpz xlup9mm x1kky2od\"><img loading=\"lazy\" decoding=\"async\" class=\"xz74otr x15mokao x1ga7v0g x16uus16 xbiv7yw\" src=\"https:\/\/static.xx.fbcdn.net\/images\/emoji.php\/v9\/tb0\/1\/16\/1f558.png\" alt=\"\ud83d\udd58\" width=\"16\" height=\"16\" \/><\/span> 09h00<\/div>\n<div dir=\"auto\">Cabalgata \u2013 S\u00e1bado 9 de agosto | <span class=\"html-span xexx8yu xyri2b x18d9i69 x1c1uobl x1hl2dhg x16tdsg8 x1vvkbs x3nfvp2 x1j61x8r x1fcty0u xdj266r xat24cr xm2jcoa x1mpyi22 xxymvpz xlup9mm x1kky2od\"><img loading=\"lazy\" decoding=\"async\" class=\"xz74otr x15mokao x1ga7v0g x16uus16 xbiv7yw\" src=\"https:\/\/static.xx.fbcdn.net\/images\/emoji.php\/v9\/t29\/1\/16\/1f551.png\" alt=\"\ud83d\udd51\" width=\"16\" height=\"16\" \/><\/span> 14h00<\/div>\n<div dir=\"auto\">Baile Popular &amp; Elecci\u00f3n de Reina \u2013 S\u00e1bado 9 | <span class=\"html-span xexx8yu xyri2b x18d9i69 x1c1uobl x1hl2dhg x16tdsg8 x1vvkbs x3nfvp2 x1j61x8r x1fcty0u xdj266r xat24cr xm2jcoa x1mpyi22 xxymvpz xlup9mm x1kky2od\"><img loading=\"lazy\" decoding=\"async\" class=\"xz74otr x15mokao x1ga7v0g x16uus16 xbiv7yw\" src=\"https:\/\/static.xx.fbcdn.net\/images\/emoji.php\/v9\/t2f\/1\/16\/1f557.png\" alt=\"\ud83d\udd57\" width=\"16\" height=\"16\" \/><\/span> 20h00<\/div>\n<\/div>\n<div class=\"x14z9mp xat24cr x1lziwak x1vvkbs xtlvy1s x126k92a\" style=\"text-align: justify;\">\n<div dir=\"auto\">Daule &#8211; Aguas Claras<\/div>\n<\/div>\n<div class=\"x14z9mp xat24cr x1lziwak x1vvkbs xtlvy1s x126k92a\" style=\"text-align: justify;\">\n<div dir=\"auto\">Con cabalgatas, artistas invitados y toda la alegr\u00eda de nuestra bella gente.<\/div>\n<\/div>\n<div class=\"x14z9mp xat24cr x1lziwak x1vvkbs xtlvy1s x126k92a\" style=\"text-align: justify;\">\n<div dir=\"auto\">\u00a1No te lo puedes perder!<\/div>\n<\/div>\n<div class=\"x14z9mp xat24cr x1lziwak x1vvkbs xtlvy1s x126k92a\">\n<div dir=\"auto\" style=\"text-align: justify;\"><span class=\"html-span xdj266r x14z9mp xat24cr x1lziwak xexx8yu xyri2b x18d9i69 x1c1uobl x1hl2dhg x16tdsg8 x1vvkbs\"><a class=\"x1i10hfl xjbqb8w x1ejq31n x18oe1m7 x1sy0etr xstzfhl x972fbf x10w94by x1qhh985 x14e42zd x9f619 x1ypdohk xt0psk2 xe8uvvx xdj266r x14z9mp xat24cr x1lziwak xexx8yu xyri2b x18d9i69 x1c1uobl x16tdsg8 x1hl2dhg xggy1nq x1a2a7pz xkrqix3 x1sur9pj x1fey0fg x1s688f\" tabindex=\"0\" role=\"link\" href=\"https:\/\/www.facebook.com\/hashtag\/fiestasaguasclaras?__eep__=6&amp;__cft__[0]=AZUCEKtP4aND-SWlSr8cIHWm4wJjtAzrCo-4zjzC7vr_nNkt_bEOHtgbkIwVZV2PnDtIAXDGdLxEagfSevM1PcRsrao2UddxxSgHJ3tqpKx4wprV9NqgVOrioH7WaNroIivAso2cLc7xc-KcHfIIbJcVN26vY7LWtI0J8-xxgml-o246-n4ytWD5lyTrqF9qJu4&amp;__tn__=*NK-R\">#FiestasAguasClaras<\/a><\/span> <span class=\"html-span xdj266r x14z9mp xat24cr x1lziwak xexx8yu xyri2b x18d9i69 x1c1uobl x1hl2dhg x16tdsg8 x1vvkbs\"><a class=\"x1i10hfl xjbqb8w x1ejq31n x18oe1m7 x1sy0etr xstzfhl x972fbf x10w94by x1qhh985 x14e42zd x9f619 x1ypdohk xt0psk2 xe8uvvx xdj266r x14z9mp xat24cr x1lziwak xexx8yu xyri2b x18d9i69 x1c1uobl x16tdsg8 x1hl2dhg xggy1nq x1a2a7pz xkrqix3 x1sur9pj x1fey0fg x1s688f\" tabindex=\"0\" role=\"link\" href=\"https:\/\/www.facebook.com\/hashtag\/elecci%C3%B3ndereina?__eep__=6&amp;__cft__[0]=AZUCEKtP4aND-SWlSr8cIHWm4wJjtAzrCo-4zjzC7vr_nNkt_bEOHtgbkIwVZV2PnDtIAXDGdLxEagfSevM1PcRsrao2UddxxSgHJ3tqpKx4wprV9NqgVOrioH7WaNroIivAso2cLc7xc-KcHfIIbJcVN26vY7LWtI0J8-xxgml-o246-n4ytWD5lyTrqF9qJu4&amp;__tn__=*NK-R\">#Elecci\u00f3nDeReina<\/a><\/span> <span class=\"html-span xdj266r x14z9mp xat24cr x1lziwak xexx8yu xyri2b x18d9i69 x1c1uobl x1hl2dhg x16tdsg8 x1vvkbs\"><a class=\"x1i10hfl xjbqb8w x1ejq31n x18oe1m7 x1sy0etr xstzfhl x972fbf x10w94by x1qhh985 x14e42zd x9f619 x1ypdohk xt0psk2 xe8uvvx xdj266r x14z9mp xat24cr x1lziwak xexx8yu xyri2b x18d9i69 x1c1uobl x16tdsg8 x1hl2dhg xggy1nq x1a2a7pz xkrqix3 x1sur9pj x1fey0fg x1s688f\" tabindex=\"0\" role=\"link\" href=\"https:\/\/www.facebook.com\/hashtag\/pregon2025?__eep__=6&amp;__cft__[0]=AZUCEKtP4aND-SWlSr8cIHWm4wJjtAzrCo-4zjzC7vr_nNkt_bEOHtgbkIwVZV2PnDtIAXDGdLxEagfSevM1PcRsrao2UddxxSgHJ3tqpKx4wprV9NqgVOrioH7WaNroIivAso2cLc7xc-KcHfIIbJcVN26vY7LWtI0J8-xxgml-o246-n4ytWD5lyTrqF9qJu4&amp;__tn__=*NK-R\">#Pregon2025<\/a><\/span><\/div>\n<div dir=\"auto\"><img loading=\"lazy\" decoding=\"async\" class=\"alignnone size-medium wp-image-15300\" src=\"https:\/\/gadmuisne.gob.ec\/web\/wp-content\/uploads\/2025\/08\/530189771_679397901824432_2531297814555107958_n-240x300.jpg\" alt=\"\" width=\"240\" height=\"300\" srcset=\"https:\/\/gadmuisne.gob.ec\/web\/wp-content\/uploads\/2025\/08\/530189771_679397901824432_2531297814555107958_n-240x300.jpg 240w, https:\/\/gadmuisne.gob.ec\/web\/wp-content\/uploads\/2025\/08\/530189771_679397901824432_2531297814555107958_n-819x1024.jpg 819w, https:\/\/gadmuisne.gob.ec\/web\/wp-content\/uploads\/2025\/08\/530189771_679397901824432_2531297814555107958_n-768x960.jpg 768w, https:\/\/gadmuisne.gob.ec\/web\/wp-content\/uploads\/2025\/08\/530189771_679397901824432_2531297814555107958_n-270x338.jpg 270w, https:\/\/gadmuisne.gob.ec\/web\/wp-content\/uploads\/2025\/08\/530189771_679397901824432_2531297814555107958_n-370x463.jpg 370w, https:\/\/gadmuisne.gob.ec\/web\/wp-content\/uploads\/2025\/08\/530189771_679397901824432_2531297814555107958_n-570x713.jpg 570w, https:\/\/gadmuisne.gob.ec\/web\/wp-content\/uploads\/2025\/08\/530189771_679397901824432_2531297814555107958_n-770x963.jpg 770w, https:\/\/gadmuisne.gob.ec\/web\/wp-content\/uploads\/2025\/08\/530189771_679397901824432_2531297814555107958_n-870x1088.jpg 870w, https:\/\/gadmuisne.gob.ec\/web\/wp-content\/uploads\/2025\/08\/530189771_679397901824432_2531297814555107958_n.jpg 1080w\" sizes=\"auto, (max-width: 240px) 100vw, 240px\" \/><\/div>\n<\/div>\n","protected":false},"excerpt":{"rendered":"<p>\u00a1La fiesta en Aguas Claras ya se siente! Ven con tu familia y disfruta de esta gran celebraci\u00f3n. El recinto Aguas Claras de la parroquia Daule, al sur del canton Muisne, se apresta celebrar una aniversario m\u00e1s de su creaci\u00f3n, con una variada programaci\u00f3n social., cultural y deportiva. En esta&#8230;<\/p>\n","protected":false},"author":4,"featured_media":15300,"comment_status":"closed","ping_status":"open","sticky":false,"template":"","format":"standard","meta":{"footnotes":""},"categories":[35],"tags":[],"class_list":["post-15299","post","type-post","status-publish","format-standard","has-post-thumbnail","hentry","category-actividades"],"_links":{"self":[{"href":"https:\/\/gadmuisne.gob.ec\/web\/wp-json\/wp\/v2\/posts\/15299","targetHints":{"allow":["GET"]}}],"collection":[{"href":"https:\/\/gadmuisne.gob.ec\/web\/wp-json\/wp\/v2\/posts"}],"about":[{"href":"https:\/\/gadmuisne.gob.ec\/web\/wp-json\/wp\/v2\/types\/post"}],"author":[{"embeddable":true,"href":"https:\/\/gadmuisne.gob.ec\/web\/wp-json\/wp\/v2\/users\/4"}],"replies":[{"embeddable":true,"href":"https:\/\/gadmuisne.gob.ec\/web\/wp-json\/wp\/v2\/comments?post=15299"}],"version-history":[{"count":1,"href":"https:\/\/gadmuisne.gob.ec\/web\/wp-json\/wp\/v2\/posts\/15299\/revisions"}],"predecessor-version":[{"id":15301,"href":"https:\/\/gadmuisne.gob.ec\/web\/wp-json\/wp\/v2\/posts\/15299\/revisions\/15301"}],"wp:featuredmedia":[{"embeddable":true,"href":"https:\/\/gadmuisne.gob.ec\/web\/wp-json\/wp\/v2\/media\/15300"}],"wp:attachment":[{"href":"https:\/\/gadmuisne.gob.ec\/web\/wp-json\/wp\/v2\/media?parent=15299"}],"wp:term":[{"taxonomy":"category","embeddable":true,"href":"https:\/\/gadmuisne.gob.ec\/web\/wp-json\/wp\/v2\/categories?post=15299"},{"taxonomy":"post_tag","embeddable":true,"href":"https:\/\/gadmuisne.gob.ec\/web\/wp-json\/wp\/v2\/tags?post=15299"}],"curies":[{"name":"wp","href":"https:\/\/api.w.org\/{rel}","templated":true}]}}