{"id":15464,"date":"2025-08-13T11:40:24","date_gmt":"2025-08-13T16:40:24","guid":{"rendered":"https:\/\/gadmuisne.gob.ec\/web\/?p=15464"},"modified":"2025-08-13T12:24:43","modified_gmt":"2025-08-13T17:24:43","slug":"on-vision-y-compromiso-por-el-futuro-de-muisne-nuestra-alcaldesa-yuri-colorado-se-reunio-con-la-ministra-de-gobierno-zaida-rovira","status":"publish","type":"post","link":"https:\/\/gadmuisne.gob.ec\/web\/on-vision-y-compromiso-por-el-futuro-de-muisne-nuestra-alcaldesa-yuri-colorado-se-reunio-con-la-ministra-de-gobierno-zaida-rovira\/","title":{"rendered":"ALCALDESA DE MUISNE MANTIENE IMPORTANTE REUNI\u00d3N CON MINISTRA DE GOBIERNO"},"content":{"rendered":"<div class=\"xdj266r x14z9mp xat24cr x1lziwak x1vvkbs x126k92a\">\n<div dir=\"auto\" style=\"text-align: justify;\">\n<p>ALCALDESA DE MUISNE MANTIENE IMPORTANTE REUNI\u00d3N CON MINISTRA DE GOBIERNO<\/p>\n<p>Con visi\u00f3n y compromiso por el futuro de nuestro cant\u00f3n Muisne y los 221 municipios del Pa\u00eds nuestra alcaldesa, Yuri Colorado, se reuni\u00f3 con la ministra de Gobierno del Ecuador, Zaida Rovira.<\/p>\n<p>\u00a1Felicitaciones por su acertada designaci\u00f3n, ministra!<\/p>\n<p>Con su liderazgo y trabajo articulado, avanzaremos en acciones que fortalezcan la seguridad, el desarrollo y el bienestar de quienes m\u00e1s necesitan.<\/p>\n<p>Gracias al Presidente Daniel Noboa por creer en el liderazgo de las mujeres.<\/p>\n<p>#TransformamosMuisne #TrabajoEnEquipo<\/p>\n<\/div>\n<\/div>\n<div class=\"x14z9mp xat24cr x1lziwak x1vvkbs xtlvy1s x126k92a\">\n<div dir=\"auto\"><img loading=\"lazy\" decoding=\"async\" class=\"alignnone size-medium wp-image-15465\" src=\"https:\/\/gadmuisne.gob.ec\/web\/wp-content\/uploads\/2025\/08\/532645943_684069081357314_3442242190812534014_n-240x300.jpg\" alt=\"\" width=\"240\" height=\"300\" srcset=\"https:\/\/gadmuisne.gob.ec\/web\/wp-content\/uploads\/2025\/08\/532645943_684069081357314_3442242190812534014_n-240x300.jpg 240w, https:\/\/gadmuisne.gob.ec\/web\/wp-content\/uploads\/2025\/08\/532645943_684069081357314_3442242190812534014_n-819x1024.jpg 819w, https:\/\/gadmuisne.gob.ec\/web\/wp-content\/uploads\/2025\/08\/532645943_684069081357314_3442242190812534014_n-768x960.jpg 768w, https:\/\/gadmuisne.gob.ec\/web\/wp-content\/uploads\/2025\/08\/532645943_684069081357314_3442242190812534014_n-1229x1536.jpg 1229w, https:\/\/gadmuisne.gob.ec\/web\/wp-content\/uploads\/2025\/08\/532645943_684069081357314_3442242190812534014_n-270x337.jpg 270w, https:\/\/gadmuisne.gob.ec\/web\/wp-content\/uploads\/2025\/08\/532645943_684069081357314_3442242190812534014_n-370x462.jpg 370w, https:\/\/gadmuisne.gob.ec\/web\/wp-content\/uploads\/2025\/08\/532645943_684069081357314_3442242190812534014_n-570x712.jpg 570w, https:\/\/gadmuisne.gob.ec\/web\/wp-content\/uploads\/2025\/08\/532645943_684069081357314_3442242190812534014_n-770x962.jpg 770w, https:\/\/gadmuisne.gob.ec\/web\/wp-content\/uploads\/2025\/08\/532645943_684069081357314_3442242190812534014_n-870x1087.jpg 870w, https:\/\/gadmuisne.gob.ec\/web\/wp-content\/uploads\/2025\/08\/532645943_684069081357314_3442242190812534014_n-1170x1462.jpg 1170w, https:\/\/gadmuisne.gob.ec\/web\/wp-content\/uploads\/2025\/08\/532645943_684069081357314_3442242190812534014_n.jpg 1305w\" sizes=\"auto, (max-width: 240px) 100vw, 240px\" \/><img loading=\"lazy\" decoding=\"async\" class=\"alignnone size-medium wp-image-15466\" src=\"https:\/\/gadmuisne.gob.ec\/web\/wp-content\/uploads\/2025\/08\/533245670_684069121357310_2970331420773108988_n-240x300.jpg\" alt=\"\" width=\"240\" height=\"300\" srcset=\"https:\/\/gadmuisne.gob.ec\/web\/wp-content\/uploads\/2025\/08\/533245670_684069121357310_2970331420773108988_n-240x300.jpg 240w, https:\/\/gadmuisne.gob.ec\/web\/wp-content\/uploads\/2025\/08\/533245670_684069121357310_2970331420773108988_n-819x1024.jpg 819w, https:\/\/gadmuisne.gob.ec\/web\/wp-content\/uploads\/2025\/08\/533245670_684069121357310_2970331420773108988_n-768x960.jpg 768w, https:\/\/gadmuisne.gob.ec\/web\/wp-content\/uploads\/2025\/08\/533245670_684069121357310_2970331420773108988_n-1229x1536.jpg 1229w, https:\/\/gadmuisne.gob.ec\/web\/wp-content\/uploads\/2025\/08\/533245670_684069121357310_2970331420773108988_n-270x337.jpg 270w, https:\/\/gadmuisne.gob.ec\/web\/wp-content\/uploads\/2025\/08\/533245670_684069121357310_2970331420773108988_n-370x462.jpg 370w, https:\/\/gadmuisne.gob.ec\/web\/wp-content\/uploads\/2025\/08\/533245670_684069121357310_2970331420773108988_n-570x712.jpg 570w, https:\/\/gadmuisne.gob.ec\/web\/wp-content\/uploads\/2025\/08\/533245670_684069121357310_2970331420773108988_n-770x962.jpg 770w, https:\/\/gadmuisne.gob.ec\/web\/wp-content\/uploads\/2025\/08\/533245670_684069121357310_2970331420773108988_n-870x1087.jpg 870w, https:\/\/gadmuisne.gob.ec\/web\/wp-content\/uploads\/2025\/08\/533245670_684069121357310_2970331420773108988_n-1170x1462.jpg 1170w, https:\/\/gadmuisne.gob.ec\/web\/wp-content\/uploads\/2025\/08\/533245670_684069121357310_2970331420773108988_n.jpg 1305w\" sizes=\"auto, (max-width: 240px) 100vw, 240px\" \/><\/div>\n<\/div>\n","protected":false},"excerpt":{"rendered":"<p>ALCALDESA DE MUISNE MANTIENE IMPORTANTE REUNI\u00d3N CON MINISTRA DE GOBIERNO Con visi\u00f3n y compromiso por el futuro de nuestro cant\u00f3n Muisne y los 221 municipios del Pa\u00eds nuestra alcaldesa, Yuri Colorado, se reuni\u00f3 con la ministra de Gobierno del Ecuador, Zaida Rovira. \u00a1Felicitaciones por su acertada designaci\u00f3n, ministra! Con su&#8230;<\/p>\n","protected":false},"author":4,"featured_media":15466,"comment_status":"closed","ping_status":"open","sticky":false,"template":"","format":"standard","meta":{"footnotes":""},"categories":[35],"tags":[],"class_list":["post-15464","post","type-post","status-publish","format-standard","has-post-thumbnail","hentry","category-actividades"],"_links":{"self":[{"href":"https:\/\/gadmuisne.gob.ec\/web\/wp-json\/wp\/v2\/posts\/15464","targetHints":{"allow":["GET"]}}],"collection":[{"href":"https:\/\/gadmuisne.gob.ec\/web\/wp-json\/wp\/v2\/posts"}],"about":[{"href":"https:\/\/gadmuisne.gob.ec\/web\/wp-json\/wp\/v2\/types\/post"}],"author":[{"embeddable":true,"href":"https:\/\/gadmuisne.gob.ec\/web\/wp-json\/wp\/v2\/users\/4"}],"replies":[{"embeddable":true,"href":"https:\/\/gadmuisne.gob.ec\/web\/wp-json\/wp\/v2\/comments?post=15464"}],"version-history":[{"count":4,"href":"https:\/\/gadmuisne.gob.ec\/web\/wp-json\/wp\/v2\/posts\/15464\/revisions"}],"predecessor-version":[{"id":15470,"href":"https:\/\/gadmuisne.gob.ec\/web\/wp-json\/wp\/v2\/posts\/15464\/revisions\/15470"}],"wp:featuredmedia":[{"embeddable":true,"href":"https:\/\/gadmuisne.gob.ec\/web\/wp-json\/wp\/v2\/media\/15466"}],"wp:attachment":[{"href":"https:\/\/gadmuisne.gob.ec\/web\/wp-json\/wp\/v2\/media?parent=15464"}],"wp:term":[{"taxonomy":"category","embeddable":true,"href":"https:\/\/gadmuisne.gob.ec\/web\/wp-json\/wp\/v2\/categories?post=15464"},{"taxonomy":"post_tag","embeddable":true,"href":"https:\/\/gadmuisne.gob.ec\/web\/wp-json\/wp\/v2\/tags?post=15464"}],"curies":[{"name":"wp","href":"https:\/\/api.w.org\/{rel}","templated":true}]}}