{"id":15612,"date":"2025-08-17T10:23:18","date_gmt":"2025-08-17T15:23:18","guid":{"rendered":"https:\/\/gadmuisne.gob.ec\/web\/?p=15612"},"modified":"2025-08-20T10:27:14","modified_gmt":"2025-08-20T15:27:14","slug":"el-5o-festival-del-camotillo-brillo-con-danza-musica-en-vivo-y-la-eleccion-de-la-reina","status":"publish","type":"post","link":"https:\/\/gadmuisne.gob.ec\/web\/el-5o-festival-del-camotillo-brillo-con-danza-musica-en-vivo-y-la-eleccion-de-la-reina\/","title":{"rendered":"El 5\u00ba Festival del Camotillo brill\u00f3 con danza, m\u00fasica en vivo y la elecci\u00f3n de la Reina\u00a0"},"content":{"rendered":"<div class=\"xdj266r x14z9mp xat24cr x1lziwak x1vvkbs x126k92a\">\n<div dir=\"auto\" style=\"text-align: justify;\">\u00a1Fiesta total en Bunche!<\/div>\n<\/div>\n<div class=\"x14z9mp xat24cr x1lziwak x1vvkbs xtlvy1s x126k92a\" style=\"text-align: justify;\">\n<div dir=\"auto\">El 5\u00ba Festival del Camotillo brill\u00f3 con danza, m\u00fasica en vivo y la elecci\u00f3n de la Reina<\/div>\n<\/div>\n<div class=\"x14z9mp xat24cr x1lziwak x1vvkbs xtlvy1s x126k92a\" style=\"text-align: justify;\">\n<div dir=\"auto\">Una jornada de arte, belleza y alegr\u00eda.<\/div>\n<div dir=\"auto\"><\/div>\n<\/div>\n<div class=\"x14z9mp xat24cr x1lziwak x1vvkbs xtlvy1s x126k92a\" style=\"text-align: justify;\">\n<div dir=\"auto\">Gracias a la gesti\u00f3n de la alcaldesa Yuri Colorado por hacer posible estos espacios.<\/div>\n<\/div>\n<div class=\"x14z9mp xat24cr x1lziwak x1vvkbs xtlvy1s x126k92a\">\n<div dir=\"auto\" style=\"text-align: justify;\"><span class=\"html-span xdj266r x14z9mp xat24cr x1lziwak xexx8yu xyri2b x18d9i69 x1c1uobl x1hl2dhg x16tdsg8 x1vvkbs\"><a class=\"x1i10hfl xjbqb8w x1ejq31n x18oe1m7 x1sy0etr xstzfhl x972fbf x10w94by x1qhh985 x14e42zd x9f619 x1ypdohk xt0psk2 x3ct3a4 xdj266r x14z9mp xat24cr x1lziwak xexx8yu xyri2b x18d9i69 x1c1uobl x16tdsg8 x1hl2dhg xggy1nq x1a2a7pz xkrqix3 x1sur9pj x1fey0fg x1s688f\" tabindex=\"0\" role=\"link\" href=\"https:\/\/www.facebook.com\/hashtag\/festivaldelcamotillo?__eep__=6&amp;__cft__[0]=AZVA0KcKnQGQjZxgYVKxNfTZZWmRT42V3CR0VZ7ySshWuw38v51YnjSLP5hfqd0TntOOsFULoMstuyEUO8LrXcWL4US1bNSyXDYx8LGAN6YRj0HqLGrH74a63WMQOmH57tMf-LC7Ph7-E27w-cwWcb47l6pd3bVM2I5V3QIIkuVwIrbQ82c6SLxstgNgGWM0iXw&amp;__tn__=*NK-R\">#FestivalDelCamotillo<\/a><\/span> <span class=\"html-span xdj266r x14z9mp xat24cr x1lziwak xexx8yu xyri2b x18d9i69 x1c1uobl x1hl2dhg x16tdsg8 x1vvkbs\"><a class=\"x1i10hfl xjbqb8w x1ejq31n x18oe1m7 x1sy0etr xstzfhl x972fbf x10w94by x1qhh985 x14e42zd x9f619 x1ypdohk xt0psk2 x3ct3a4 xdj266r x14z9mp xat24cr x1lziwak xexx8yu xyri2b x18d9i69 x1c1uobl x16tdsg8 x1hl2dhg xggy1nq x1a2a7pz xkrqix3 x1sur9pj x1fey0fg x1s688f\" tabindex=\"0\" role=\"link\" href=\"https:\/\/www.facebook.com\/hashtag\/bunche?__eep__=6&amp;__cft__[0]=AZVA0KcKnQGQjZxgYVKxNfTZZWmRT42V3CR0VZ7ySshWuw38v51YnjSLP5hfqd0TntOOsFULoMstuyEUO8LrXcWL4US1bNSyXDYx8LGAN6YRj0HqLGrH74a63WMQOmH57tMf-LC7Ph7-E27w-cwWcb47l6pd3bVM2I5V3QIIkuVwIrbQ82c6SLxstgNgGWM0iXw&amp;__tn__=*NK-R\">#Bunche<\/a><\/span><\/div>\n<div dir=\"auto\"><img loading=\"lazy\" decoding=\"async\" class=\"alignnone size-medium wp-image-15613\" src=\"https:\/\/gadmuisne.gob.ec\/web\/wp-content\/uploads\/2025\/08\/533690113_687592687671620_6265446366103310722_n-300x200.jpg\" alt=\"\" width=\"300\" height=\"200\" srcset=\"https:\/\/gadmuisne.gob.ec\/web\/wp-content\/uploads\/2025\/08\/533690113_687592687671620_6265446366103310722_n-300x200.jpg 300w, https:\/\/gadmuisne.gob.ec\/web\/wp-content\/uploads\/2025\/08\/533690113_687592687671620_6265446366103310722_n-1024x683.jpg 1024w, https:\/\/gadmuisne.gob.ec\/web\/wp-content\/uploads\/2025\/08\/533690113_687592687671620_6265446366103310722_n-768x512.jpg 768w, https:\/\/gadmuisne.gob.ec\/web\/wp-content\/uploads\/2025\/08\/533690113_687592687671620_6265446366103310722_n-270x180.jpg 270w, https:\/\/gadmuisne.gob.ec\/web\/wp-content\/uploads\/2025\/08\/533690113_687592687671620_6265446366103310722_n-370x247.jpg 370w, https:\/\/gadmuisne.gob.ec\/web\/wp-content\/uploads\/2025\/08\/533690113_687592687671620_6265446366103310722_n-570x380.jpg 570w, https:\/\/gadmuisne.gob.ec\/web\/wp-content\/uploads\/2025\/08\/533690113_687592687671620_6265446366103310722_n-770x513.jpg 770w, https:\/\/gadmuisne.gob.ec\/web\/wp-content\/uploads\/2025\/08\/533690113_687592687671620_6265446366103310722_n-870x580.jpg 870w, https:\/\/gadmuisne.gob.ec\/web\/wp-content\/uploads\/2025\/08\/533690113_687592687671620_6265446366103310722_n.jpg 1032w\" sizes=\"auto, (max-width: 300px) 100vw, 300px\" \/><img loading=\"lazy\" decoding=\"async\" class=\"alignnone size-medium wp-image-15614\" src=\"https:\/\/gadmuisne.gob.ec\/web\/wp-content\/uploads\/2025\/08\/533699611_687592487671640_2604461493207989816_n-300x200.jpg\" alt=\"\" width=\"300\" height=\"200\" srcset=\"https:\/\/gadmuisne.gob.ec\/web\/wp-content\/uploads\/2025\/08\/533699611_687592487671640_2604461493207989816_n-300x200.jpg 300w, https:\/\/gadmuisne.gob.ec\/web\/wp-content\/uploads\/2025\/08\/533699611_687592487671640_2604461493207989816_n-1024x683.jpg 1024w, https:\/\/gadmuisne.gob.ec\/web\/wp-content\/uploads\/2025\/08\/533699611_687592487671640_2604461493207989816_n-768x512.jpg 768w, https:\/\/gadmuisne.gob.ec\/web\/wp-content\/uploads\/2025\/08\/533699611_687592487671640_2604461493207989816_n-270x180.jpg 270w, https:\/\/gadmuisne.gob.ec\/web\/wp-content\/uploads\/2025\/08\/533699611_687592487671640_2604461493207989816_n-370x247.jpg 370w, https:\/\/gadmuisne.gob.ec\/web\/wp-content\/uploads\/2025\/08\/533699611_687592487671640_2604461493207989816_n-570x380.jpg 570w, https:\/\/gadmuisne.gob.ec\/web\/wp-content\/uploads\/2025\/08\/533699611_687592487671640_2604461493207989816_n-770x513.jpg 770w, https:\/\/gadmuisne.gob.ec\/web\/wp-content\/uploads\/2025\/08\/533699611_687592487671640_2604461493207989816_n-870x580.jpg 870w, https:\/\/gadmuisne.gob.ec\/web\/wp-content\/uploads\/2025\/08\/533699611_687592487671640_2604461493207989816_n.jpg 1032w\" sizes=\"auto, (max-width: 300px) 100vw, 300px\" \/><img loading=\"lazy\" decoding=\"async\" class=\"alignnone size-medium wp-image-15615\" src=\"https:\/\/gadmuisne.gob.ec\/web\/wp-content\/uploads\/2025\/08\/533758579_687592447671644_6524243473087511341_n-300x200.jpg\" alt=\"\" width=\"300\" height=\"200\" srcset=\"https:\/\/gadmuisne.gob.ec\/web\/wp-content\/uploads\/2025\/08\/533758579_687592447671644_6524243473087511341_n-300x200.jpg 300w, https:\/\/gadmuisne.gob.ec\/web\/wp-content\/uploads\/2025\/08\/533758579_687592447671644_6524243473087511341_n-1024x683.jpg 1024w, https:\/\/gadmuisne.gob.ec\/web\/wp-content\/uploads\/2025\/08\/533758579_687592447671644_6524243473087511341_n-768x512.jpg 768w, https:\/\/gadmuisne.gob.ec\/web\/wp-content\/uploads\/2025\/08\/533758579_687592447671644_6524243473087511341_n-270x180.jpg 270w, https:\/\/gadmuisne.gob.ec\/web\/wp-content\/uploads\/2025\/08\/533758579_687592447671644_6524243473087511341_n-370x247.jpg 370w, https:\/\/gadmuisne.gob.ec\/web\/wp-content\/uploads\/2025\/08\/533758579_687592447671644_6524243473087511341_n-570x380.jpg 570w, https:\/\/gadmuisne.gob.ec\/web\/wp-content\/uploads\/2025\/08\/533758579_687592447671644_6524243473087511341_n-770x513.jpg 770w, https:\/\/gadmuisne.gob.ec\/web\/wp-content\/uploads\/2025\/08\/533758579_687592447671644_6524243473087511341_n-870x580.jpg 870w, https:\/\/gadmuisne.gob.ec\/web\/wp-content\/uploads\/2025\/08\/533758579_687592447671644_6524243473087511341_n.jpg 1032w\" sizes=\"auto, (max-width: 300px) 100vw, 300px\" \/><img loading=\"lazy\" decoding=\"async\" class=\"alignnone size-medium wp-image-15616\" src=\"https:\/\/gadmuisne.gob.ec\/web\/wp-content\/uploads\/2025\/08\/534140945_687592721004950_8449317445593124471_n-300x200.jpg\" alt=\"\" width=\"300\" height=\"200\" srcset=\"https:\/\/gadmuisne.gob.ec\/web\/wp-content\/uploads\/2025\/08\/534140945_687592721004950_8449317445593124471_n-300x200.jpg 300w, https:\/\/gadmuisne.gob.ec\/web\/wp-content\/uploads\/2025\/08\/534140945_687592721004950_8449317445593124471_n-1024x683.jpg 1024w, https:\/\/gadmuisne.gob.ec\/web\/wp-content\/uploads\/2025\/08\/534140945_687592721004950_8449317445593124471_n-768x512.jpg 768w, https:\/\/gadmuisne.gob.ec\/web\/wp-content\/uploads\/2025\/08\/534140945_687592721004950_8449317445593124471_n-270x180.jpg 270w, https:\/\/gadmuisne.gob.ec\/web\/wp-content\/uploads\/2025\/08\/534140945_687592721004950_8449317445593124471_n-370x247.jpg 370w, https:\/\/gadmuisne.gob.ec\/web\/wp-content\/uploads\/2025\/08\/534140945_687592721004950_8449317445593124471_n-570x380.jpg 570w, https:\/\/gadmuisne.gob.ec\/web\/wp-content\/uploads\/2025\/08\/534140945_687592721004950_8449317445593124471_n-770x513.jpg 770w, https:\/\/gadmuisne.gob.ec\/web\/wp-content\/uploads\/2025\/08\/534140945_687592721004950_8449317445593124471_n-870x580.jpg 870w, https:\/\/gadmuisne.gob.ec\/web\/wp-content\/uploads\/2025\/08\/534140945_687592721004950_8449317445593124471_n.jpg 1032w\" sizes=\"auto, (max-width: 300px) 100vw, 300px\" \/><img loading=\"lazy\" decoding=\"async\" class=\"alignnone size-medium wp-image-15617\" src=\"https:\/\/gadmuisne.gob.ec\/web\/wp-content\/uploads\/2025\/08\/534436646_687592577671631_8058861787483564120_n-300x200.jpg\" alt=\"\" width=\"300\" height=\"200\" srcset=\"https:\/\/gadmuisne.gob.ec\/web\/wp-content\/uploads\/2025\/08\/534436646_687592577671631_8058861787483564120_n-300x200.jpg 300w, https:\/\/gadmuisne.gob.ec\/web\/wp-content\/uploads\/2025\/08\/534436646_687592577671631_8058861787483564120_n-1024x683.jpg 1024w, https:\/\/gadmuisne.gob.ec\/web\/wp-content\/uploads\/2025\/08\/534436646_687592577671631_8058861787483564120_n-768x512.jpg 768w, https:\/\/gadmuisne.gob.ec\/web\/wp-content\/uploads\/2025\/08\/534436646_687592577671631_8058861787483564120_n-270x180.jpg 270w, https:\/\/gadmuisne.gob.ec\/web\/wp-content\/uploads\/2025\/08\/534436646_687592577671631_8058861787483564120_n-370x247.jpg 370w, https:\/\/gadmuisne.gob.ec\/web\/wp-content\/uploads\/2025\/08\/534436646_687592577671631_8058861787483564120_n-570x380.jpg 570w, https:\/\/gadmuisne.gob.ec\/web\/wp-content\/uploads\/2025\/08\/534436646_687592577671631_8058861787483564120_n-770x513.jpg 770w, https:\/\/gadmuisne.gob.ec\/web\/wp-content\/uploads\/2025\/08\/534436646_687592577671631_8058861787483564120_n-870x580.jpg 870w, https:\/\/gadmuisne.gob.ec\/web\/wp-content\/uploads\/2025\/08\/534436646_687592577671631_8058861787483564120_n.jpg 1032w\" sizes=\"auto, (max-width: 300px) 100vw, 300px\" \/><img loading=\"lazy\" decoding=\"async\" class=\"alignnone size-medium wp-image-15618\" src=\"https:\/\/gadmuisne.gob.ec\/web\/wp-content\/uploads\/2025\/08\/535423666_687592654338290_8496830251191547742_n-300x200.jpg\" alt=\"\" width=\"300\" height=\"200\" srcset=\"https:\/\/gadmuisne.gob.ec\/web\/wp-content\/uploads\/2025\/08\/535423666_687592654338290_8496830251191547742_n-300x200.jpg 300w, https:\/\/gadmuisne.gob.ec\/web\/wp-content\/uploads\/2025\/08\/535423666_687592654338290_8496830251191547742_n-1024x683.jpg 1024w, https:\/\/gadmuisne.gob.ec\/web\/wp-content\/uploads\/2025\/08\/535423666_687592654338290_8496830251191547742_n-768x512.jpg 768w, https:\/\/gadmuisne.gob.ec\/web\/wp-content\/uploads\/2025\/08\/535423666_687592654338290_8496830251191547742_n-270x180.jpg 270w, https:\/\/gadmuisne.gob.ec\/web\/wp-content\/uploads\/2025\/08\/535423666_687592654338290_8496830251191547742_n-370x247.jpg 370w, https:\/\/gadmuisne.gob.ec\/web\/wp-content\/uploads\/2025\/08\/535423666_687592654338290_8496830251191547742_n-570x380.jpg 570w, https:\/\/gadmuisne.gob.ec\/web\/wp-content\/uploads\/2025\/08\/535423666_687592654338290_8496830251191547742_n-770x513.jpg 770w, https:\/\/gadmuisne.gob.ec\/web\/wp-content\/uploads\/2025\/08\/535423666_687592654338290_8496830251191547742_n-870x580.jpg 870w, https:\/\/gadmuisne.gob.ec\/web\/wp-content\/uploads\/2025\/08\/535423666_687592654338290_8496830251191547742_n.jpg 1032w\" sizes=\"auto, (max-width: 300px) 100vw, 300px\" \/><\/div>\n<\/div>\n","protected":false},"excerpt":{"rendered":"<p>\u00a1Fiesta total en Bunche! El 5\u00ba Festival del Camotillo brill\u00f3 con danza, m\u00fasica en vivo y la elecci\u00f3n de la Reina Una jornada de arte, belleza y alegr\u00eda. Gracias a la gesti\u00f3n de la alcaldesa Yuri Colorado por hacer posible estos espacios. #FestivalDelCamotillo #Bunche<\/p>\n","protected":false},"author":4,"featured_media":15619,"comment_status":"closed","ping_status":"open","sticky":false,"template":"","format":"standard","meta":{"footnotes":""},"categories":[35],"tags":[],"class_list":["post-15612","post","type-post","status-publish","format-standard","has-post-thumbnail","hentry","category-actividades"],"_links":{"self":[{"href":"https:\/\/gadmuisne.gob.ec\/web\/wp-json\/wp\/v2\/posts\/15612","targetHints":{"allow":["GET"]}}],"collection":[{"href":"https:\/\/gadmuisne.gob.ec\/web\/wp-json\/wp\/v2\/posts"}],"about":[{"href":"https:\/\/gadmuisne.gob.ec\/web\/wp-json\/wp\/v2\/types\/post"}],"author":[{"embeddable":true,"href":"https:\/\/gadmuisne.gob.ec\/web\/wp-json\/wp\/v2\/users\/4"}],"replies":[{"embeddable":true,"href":"https:\/\/gadmuisne.gob.ec\/web\/wp-json\/wp\/v2\/comments?post=15612"}],"version-history":[{"count":1,"href":"https:\/\/gadmuisne.gob.ec\/web\/wp-json\/wp\/v2\/posts\/15612\/revisions"}],"predecessor-version":[{"id":15620,"href":"https:\/\/gadmuisne.gob.ec\/web\/wp-json\/wp\/v2\/posts\/15612\/revisions\/15620"}],"wp:featuredmedia":[{"embeddable":true,"href":"https:\/\/gadmuisne.gob.ec\/web\/wp-json\/wp\/v2\/media\/15619"}],"wp:attachment":[{"href":"https:\/\/gadmuisne.gob.ec\/web\/wp-json\/wp\/v2\/media?parent=15612"}],"wp:term":[{"taxonomy":"category","embeddable":true,"href":"https:\/\/gadmuisne.gob.ec\/web\/wp-json\/wp\/v2\/categories?post=15612"},{"taxonomy":"post_tag","embeddable":true,"href":"https:\/\/gadmuisne.gob.ec\/web\/wp-json\/wp\/v2\/tags?post=15612"}],"curies":[{"name":"wp","href":"https:\/\/api.w.org\/{rel}","templated":true}]}}