{"id":15645,"date":"2025-08-19T10:38:47","date_gmt":"2025-08-19T15:38:47","guid":{"rendered":"https:\/\/gadmuisne.gob.ec\/web\/?p=15645"},"modified":"2025-08-20T10:42:08","modified_gmt":"2025-08-20T15:42:08","slug":"semana-de-la-lactancia-materna","status":"publish","type":"post","link":"https:\/\/gadmuisne.gob.ec\/web\/semana-de-la-lactancia-materna\/","title":{"rendered":"Semana de la lactancia materna\u00a0"},"content":{"rendered":"<div class=\"xdj266r x14z9mp xat24cr x1lziwak x1vvkbs x126k92a\">\n<div dir=\"auto\" style=\"text-align: justify;\"><span class=\"html-span xdj266r x14z9mp xat24cr x1lziwak xexx8yu xyri2b x18d9i69 x1c1uobl x1hl2dhg x16tdsg8 x1vvkbs\">Semana de la lactancia materna\u00a0<\/span><\/div>\n<\/div>\n<div class=\"x14z9mp xat24cr x1lziwak x1vvkbs xtlvy1s x126k92a\" style=\"text-align: justify;\">\n<div dir=\"auto\">La lactancia materna es un derecho fundamental que garantiza el desarrollo saludable desde el nacimiento.<\/div>\n<div dir=\"auto\"><\/div>\n<\/div>\n<div class=\"x14z9mp xat24cr x1lziwak x1vvkbs xtlvy1s x126k92a\" style=\"text-align: justify;\">\n<div dir=\"auto\"><span class=\"html-span xexx8yu xyri2b x18d9i69 x1c1uobl x1hl2dhg x16tdsg8 x1vvkbs x3nfvp2 x1j61x8r x1fcty0u xdj266r xat24cr xm2jcoa x1mpyi22 xxymvpz xlup9mm x1kky2od\"><img loading=\"lazy\" decoding=\"async\" class=\"xz74otr x15mokao x1ga7v0g x16uus16 xbiv7yw\" src=\"https:\/\/static.xx.fbcdn.net\/images\/emoji.php\/v9\/tef\/1\/16\/1f931.png\" alt=\"\ud83e\udd31\" width=\"16\" height=\"16\" \/><\/span> Es el primer alimento, el m\u00e1s completo y el \u00fanico que un beb\u00e9 necesita durante sus primeros seis meses de vida.<\/div>\n<\/div>\n<div class=\"x14z9mp xat24cr x1lziwak x1vvkbs xtlvy1s x126k92a\" style=\"text-align: justify;\">\n<div dir=\"auto\"><span class=\"html-span xexx8yu xyri2b x18d9i69 x1c1uobl x1hl2dhg x16tdsg8 x1vvkbs x3nfvp2 x1j61x8r x1fcty0u xdj266r xat24cr xm2jcoa x1mpyi22 xxymvpz xlup9mm x1kky2od\"><img loading=\"lazy\" decoding=\"async\" class=\"xz74otr x15mokao x1ga7v0g x16uus16 xbiv7yw\" src=\"https:\/\/static.xx.fbcdn.net\/images\/emoji.php\/v9\/t9d\/1\/16\/1f469_200d_2695.png\" alt=\"\ud83d\udc69\u200d\u2695\" width=\"16\" height=\"16\" \/><\/span> Promoverla es proteger la salud, la vida y el desarrollo de cada ni\u00f1o y ni\u00f1a.<\/div>\n<\/div>\n<div class=\"x14z9mp xat24cr x1lziwak x1vvkbs xtlvy1s x126k92a\" style=\"text-align: justify;\">\n<div dir=\"auto\"><span class=\"html-span xexx8yu xyri2b x18d9i69 x1c1uobl x1hl2dhg x16tdsg8 x1vvkbs x3nfvp2 x1j61x8r x1fcty0u xdj266r xat24cr xm2jcoa x1mpyi22 xxymvpz xlup9mm x1kky2od\"><img loading=\"lazy\" decoding=\"async\" class=\"xz74otr x15mokao x1ga7v0g x16uus16 xbiv7yw\" src=\"https:\/\/static.xx.fbcdn.net\/images\/emoji.php\/v9\/tba\/1\/16\/1f4e3.png\" alt=\"\ud83d\udce3\" width=\"16\" height=\"16\" \/><\/span> Desde la Alcald\u00eda de Muisne recordamos:<\/div>\n<div dir=\"auto\"><span class=\"html-span xexx8yu xyri2b x18d9i69 x1c1uobl x1hl2dhg x16tdsg8 x1vvkbs x3nfvp2 x1j61x8r x1fcty0u xdj266r xat24cr xm2jcoa x1mpyi22 xxymvpz xlup9mm x1kky2od\"><img loading=\"lazy\" decoding=\"async\" class=\"xz74otr x15mokao x1ga7v0g x16uus16 xbiv7yw\" src=\"https:\/\/static.xx.fbcdn.net\/images\/emoji.php\/v9\/t33\/1\/16\/2705.png\" alt=\"\u2705\" width=\"16\" height=\"16\" \/><\/span> La lactancia es un derecho que debe ser protegido.<\/div>\n<div dir=\"auto\"><span class=\"html-span xexx8yu xyri2b x18d9i69 x1c1uobl x1hl2dhg x16tdsg8 x1vvkbs x3nfvp2 x1j61x8r x1fcty0u xdj266r xat24cr xm2jcoa x1mpyi22 xxymvpz xlup9mm x1kky2od\"><img loading=\"lazy\" decoding=\"async\" class=\"xz74otr x15mokao x1ga7v0g x16uus16 xbiv7yw\" src=\"https:\/\/static.xx.fbcdn.net\/images\/emoji.php\/v9\/t33\/1\/16\/2705.png\" alt=\"\u2705\" width=\"16\" height=\"16\" \/><\/span> Todos los ni\u00f1os tienen derecho a ser amamantados.<\/div>\n<div dir=\"auto\"><span class=\"html-span xexx8yu xyri2b x18d9i69 x1c1uobl x1hl2dhg x16tdsg8 x1vvkbs x3nfvp2 x1j61x8r x1fcty0u xdj266r xat24cr xm2jcoa x1mpyi22 xxymvpz xlup9mm x1kky2od\"><img loading=\"lazy\" decoding=\"async\" class=\"xz74otr x15mokao x1ga7v0g x16uus16 xbiv7yw\" src=\"https:\/\/static.xx.fbcdn.net\/images\/emoji.php\/v9\/t33\/1\/16\/2705.png\" alt=\"\u2705\" width=\"16\" height=\"16\" \/><\/span> Las madres necesitan apoyo, informaci\u00f3n y tiempo para hacerlo libremente.<\/div>\n<\/div>\n<div class=\"x14z9mp xat24cr x1lziwak x1vvkbs xtlvy1s x126k92a\">\n<div dir=\"auto\" style=\"text-align: justify;\"><span class=\"html-span xexx8yu xyri2b x18d9i69 x1c1uobl x1hl2dhg x16tdsg8 x1vvkbs x3nfvp2 x1j61x8r x1fcty0u xdj266r xat24cr xm2jcoa x1mpyi22 xxymvpz xlup9mm x1kky2od\"><img loading=\"lazy\" decoding=\"async\" class=\"xz74otr x15mokao x1ga7v0g x16uus16 xbiv7yw\" src=\"https:\/\/static.xx.fbcdn.net\/images\/emoji.php\/v9\/t15\/1\/16\/1f49b.png\" alt=\"\ud83d\udc9b\" width=\"16\" height=\"16\" \/><\/span> Proteger la lactancia es apostar por una sociedad m\u00e1s sana y un mejor futuro.<\/div>\n<div dir=\"auto\"><img loading=\"lazy\" decoding=\"async\" class=\"alignnone size-medium wp-image-15646\" src=\"https:\/\/gadmuisne.gob.ec\/web\/wp-content\/uploads\/2025\/08\/535815423_689246790839543_8378835278892716258_n-212x300.jpg\" alt=\"\" width=\"212\" height=\"300\" srcset=\"https:\/\/gadmuisne.gob.ec\/web\/wp-content\/uploads\/2025\/08\/535815423_689246790839543_8378835278892716258_n-212x300.jpg 212w, https:\/\/gadmuisne.gob.ec\/web\/wp-content\/uploads\/2025\/08\/535815423_689246790839543_8378835278892716258_n-724x1024.jpg 724w, https:\/\/gadmuisne.gob.ec\/web\/wp-content\/uploads\/2025\/08\/535815423_689246790839543_8378835278892716258_n-768x1086.jpg 768w, https:\/\/gadmuisne.gob.ec\/web\/wp-content\/uploads\/2025\/08\/535815423_689246790839543_8378835278892716258_n-1086x1536.jpg 1086w, https:\/\/gadmuisne.gob.ec\/web\/wp-content\/uploads\/2025\/08\/535815423_689246790839543_8378835278892716258_n-270x382.jpg 270w, https:\/\/gadmuisne.gob.ec\/web\/wp-content\/uploads\/2025\/08\/535815423_689246790839543_8378835278892716258_n-370x523.jpg 370w, https:\/\/gadmuisne.gob.ec\/web\/wp-content\/uploads\/2025\/08\/535815423_689246790839543_8378835278892716258_n-570x806.jpg 570w, https:\/\/gadmuisne.gob.ec\/web\/wp-content\/uploads\/2025\/08\/535815423_689246790839543_8378835278892716258_n-770x1089.jpg 770w, https:\/\/gadmuisne.gob.ec\/web\/wp-content\/uploads\/2025\/08\/535815423_689246790839543_8378835278892716258_n-870x1231.jpg 870w, https:\/\/gadmuisne.gob.ec\/web\/wp-content\/uploads\/2025\/08\/535815423_689246790839543_8378835278892716258_n.jpg 1131w\" sizes=\"auto, (max-width: 212px) 100vw, 212px\" \/><\/div>\n<\/div>\n","protected":false},"excerpt":{"rendered":"<p>Semana de la lactancia materna\u00a0 La lactancia materna es un derecho fundamental que garantiza el desarrollo saludable desde el nacimiento. Es el primer alimento, el m\u00e1s completo y el \u00fanico que un beb\u00e9 necesita durante sus primeros seis meses de vida. Promoverla es proteger la salud, la vida y el&#8230;<\/p>\n","protected":false},"author":4,"featured_media":15646,"comment_status":"closed","ping_status":"open","sticky":false,"template":"","format":"standard","meta":{"footnotes":""},"categories":[35],"tags":[],"class_list":["post-15645","post","type-post","status-publish","format-standard","has-post-thumbnail","hentry","category-actividades"],"_links":{"self":[{"href":"https:\/\/gadmuisne.gob.ec\/web\/wp-json\/wp\/v2\/posts\/15645","targetHints":{"allow":["GET"]}}],"collection":[{"href":"https:\/\/gadmuisne.gob.ec\/web\/wp-json\/wp\/v2\/posts"}],"about":[{"href":"https:\/\/gadmuisne.gob.ec\/web\/wp-json\/wp\/v2\/types\/post"}],"author":[{"embeddable":true,"href":"https:\/\/gadmuisne.gob.ec\/web\/wp-json\/wp\/v2\/users\/4"}],"replies":[{"embeddable":true,"href":"https:\/\/gadmuisne.gob.ec\/web\/wp-json\/wp\/v2\/comments?post=15645"}],"version-history":[{"count":1,"href":"https:\/\/gadmuisne.gob.ec\/web\/wp-json\/wp\/v2\/posts\/15645\/revisions"}],"predecessor-version":[{"id":15647,"href":"https:\/\/gadmuisne.gob.ec\/web\/wp-json\/wp\/v2\/posts\/15645\/revisions\/15647"}],"wp:featuredmedia":[{"embeddable":true,"href":"https:\/\/gadmuisne.gob.ec\/web\/wp-json\/wp\/v2\/media\/15646"}],"wp:attachment":[{"href":"https:\/\/gadmuisne.gob.ec\/web\/wp-json\/wp\/v2\/media?parent=15645"}],"wp:term":[{"taxonomy":"category","embeddable":true,"href":"https:\/\/gadmuisne.gob.ec\/web\/wp-json\/wp\/v2\/categories?post=15645"},{"taxonomy":"post_tag","embeddable":true,"href":"https:\/\/gadmuisne.gob.ec\/web\/wp-json\/wp\/v2\/tags?post=15645"}],"curies":[{"name":"wp","href":"https:\/\/api.w.org\/{rel}","templated":true}]}}