{"id":15742,"date":"2025-08-26T10:35:01","date_gmt":"2025-08-26T15:35:01","guid":{"rendered":"https:\/\/gadmuisne.gob.ec\/web\/?p=15742"},"modified":"2025-08-26T10:35:01","modified_gmt":"2025-08-26T15:35:01","slug":"alcaldesa-se-reunio-con-representantes-de-3-recintos-de-san-gregorio","status":"publish","type":"post","link":"https:\/\/gadmuisne.gob.ec\/web\/alcaldesa-se-reunio-con-representantes-de-3-recintos-de-san-gregorio\/","title":{"rendered":"Alcaldesa se reuni\u00f3 con representantes de 3 recintos de San Gregorio."},"content":{"rendered":"<div class=\"xdj266r x14z9mp xat24cr x1lziwak x1vvkbs x126k92a\">\n<div dir=\"auto\" style=\"text-align: justify;\">Alcaldesa se reuni\u00f3 con representantes de 3 recintos de San Gregorio.<\/div>\n<\/div>\n<div style=\"text-align: justify;\">\n<div dir=\"auto\">La alcaldesa <a tabindex=\"0\" role=\"link\" href=\"https:\/\/www.facebook.com\/jurycm?__cft__[0]=AZV-HSrUgBIG3oZoCbwLD4C7Gb7wVjxLZ8fwQd9Cv84YMaYymQklDacRGJqQS7cAOcH4QRem1GRCmfrw9vDIG8m773Hwf3LUTb_87g9PCHHzTRV-J66O1dYkcqDr6vpvNxz4ERNRvp1VBmukNI1XcPD-gSklnPogVzq6YKCwad95wPBTMNZ0VbclO2XaTda0kNs&amp;__tn__=-]K-R\">Yuri Colorado M\u00e1rquez<\/a> se reuni\u00f3 en su despacho con los representantes de la junta de agua de los recintos Tres V\u00edas, La Correntada y El Mamey de la parroquia San Gregorio. En este encuentro se expusieron las principales necesidades:<\/div>\n<div dir=\"auto\"><\/div>\n<\/div>\n<div style=\"text-align: justify;\">\n<div dir=\"auto\"><img loading=\"lazy\" decoding=\"async\" src=\"https:\/\/static.xx.fbcdn.net\/images\/emoji.php\/v9\/t42\/1\/16\/1f4a7.png\" alt=\"\ud83d\udca7\" width=\"16\" height=\"16\" \/> Solicitud para la adquisici\u00f3n de un nuevo equipo de bombeo.<\/div>\n<div dir=\"auto\"><img loading=\"lazy\" decoding=\"async\" src=\"https:\/\/static.xx.fbcdn.net\/images\/emoji.php\/v9\/t18\/1\/16\/1f69c.png\" alt=\"\ud83d\ude9c\" width=\"16\" height=\"16\" \/> Intervenci\u00f3n vial con material de lastre en sus calles transversales.<\/div>\n<div dir=\"auto\"><img loading=\"lazy\" decoding=\"async\" src=\"https:\/\/static.xx.fbcdn.net\/images\/emoji.php\/v9\/t6b\/1\/16\/1f333.png\" alt=\"\ud83c\udf33\" width=\"16\" height=\"16\" \/> Proyecci\u00f3n del parque infantil y regeneraci\u00f3n urbana.<\/div>\n<\/div>\n<div style=\"text-align: justify;\">\n<div dir=\"auto\"><img loading=\"lazy\" decoding=\"async\" src=\"https:\/\/static.xx.fbcdn.net\/images\/emoji.php\/v9\/tde\/1\/16\/1f3d7.png\" alt=\"\ud83c\udfd7\" width=\"16\" height=\"16\" \/> Continuamos trabajando de la mano con las comunidades, escuchando sus demandas y buscando soluciones que mejoren la calidad de vida de los ciudadanos.<\/div>\n<\/div>\n<div>\n<div dir=\"auto\" style=\"text-align: justify;\"><a tabindex=\"0\" role=\"link\" href=\"https:\/\/www.facebook.com\/hashtag\/sangregorio?__eep__=6&amp;__cft__[0]=AZV-HSrUgBIG3oZoCbwLD4C7Gb7wVjxLZ8fwQd9Cv84YMaYymQklDacRGJqQS7cAOcH4QRem1GRCmfrw9vDIG8m773Hwf3LUTb_87g9PCHHzTRV-J66O1dYkcqDr6vpvNxz4ERNRvp1VBmukNI1XcPD-gSklnPogVzq6YKCwad95wPBTMNZ0VbclO2XaTda0kNs&amp;__tn__=*NK-R\">#SanGregorio<\/a> <a tabindex=\"0\" role=\"link\" href=\"https:\/\/www.facebook.com\/hashtag\/aguapotable?__eep__=6&amp;__cft__[0]=AZV-HSrUgBIG3oZoCbwLD4C7Gb7wVjxLZ8fwQd9Cv84YMaYymQklDacRGJqQS7cAOcH4QRem1GRCmfrw9vDIG8m773Hwf3LUTb_87g9PCHHzTRV-J66O1dYkcqDr6vpvNxz4ERNRvp1VBmukNI1XcPD-gSklnPogVzq6YKCwad95wPBTMNZ0VbclO2XaTda0kNs&amp;__tn__=*NK-R\">#AguaPotable<\/a> <a tabindex=\"0\" role=\"link\" href=\"https:\/\/www.facebook.com\/hashtag\/obras?__eep__=6&amp;__cft__[0]=AZV-HSrUgBIG3oZoCbwLD4C7Gb7wVjxLZ8fwQd9Cv84YMaYymQklDacRGJqQS7cAOcH4QRem1GRCmfrw9vDIG8m773Hwf3LUTb_87g9PCHHzTRV-J66O1dYkcqDr6vpvNxz4ERNRvp1VBmukNI1XcPD-gSklnPogVzq6YKCwad95wPBTMNZ0VbclO2XaTda0kNs&amp;__tn__=*NK-R\">#Obras<\/a> <a tabindex=\"0\" role=\"link\" href=\"https:\/\/www.facebook.com\/hashtag\/yuricolorado?__eep__=6&amp;__cft__[0]=AZV-HSrUgBIG3oZoCbwLD4C7Gb7wVjxLZ8fwQd9Cv84YMaYymQklDacRGJqQS7cAOcH4QRem1GRCmfrw9vDIG8m773Hwf3LUTb_87g9PCHHzTRV-J66O1dYkcqDr6vpvNxz4ERNRvp1VBmukNI1XcPD-gSklnPogVzq6YKCwad95wPBTMNZ0VbclO2XaTda0kNs&amp;__tn__=*NK-R\">#YuriColorado<\/a><\/div>\n<div dir=\"auto\"><img loading=\"lazy\" decoding=\"async\" class=\"alignnone size-medium wp-image-15743\" src=\"https:\/\/gadmuisne.gob.ec\/web\/wp-content\/uploads\/2025\/08\/538167635_694753223622233_7148135622023557076_n-1-300x200.jpg\" alt=\"\" width=\"300\" height=\"200\" srcset=\"https:\/\/gadmuisne.gob.ec\/web\/wp-content\/uploads\/2025\/08\/538167635_694753223622233_7148135622023557076_n-1-300x200.jpg 300w, https:\/\/gadmuisne.gob.ec\/web\/wp-content\/uploads\/2025\/08\/538167635_694753223622233_7148135622023557076_n-1-1024x682.jpg 1024w, https:\/\/gadmuisne.gob.ec\/web\/wp-content\/uploads\/2025\/08\/538167635_694753223622233_7148135622023557076_n-1-768x512.jpg 768w, https:\/\/gadmuisne.gob.ec\/web\/wp-content\/uploads\/2025\/08\/538167635_694753223622233_7148135622023557076_n-1-270x180.jpg 270w, https:\/\/gadmuisne.gob.ec\/web\/wp-content\/uploads\/2025\/08\/538167635_694753223622233_7148135622023557076_n-1-370x247.jpg 370w, https:\/\/gadmuisne.gob.ec\/web\/wp-content\/uploads\/2025\/08\/538167635_694753223622233_7148135622023557076_n-1-570x380.jpg 570w, https:\/\/gadmuisne.gob.ec\/web\/wp-content\/uploads\/2025\/08\/538167635_694753223622233_7148135622023557076_n-1-770x513.jpg 770w, https:\/\/gadmuisne.gob.ec\/web\/wp-content\/uploads\/2025\/08\/538167635_694753223622233_7148135622023557076_n-1-870x580.jpg 870w, https:\/\/gadmuisne.gob.ec\/web\/wp-content\/uploads\/2025\/08\/538167635_694753223622233_7148135622023557076_n-1-1170x780.jpg 1170w, https:\/\/gadmuisne.gob.ec\/web\/wp-content\/uploads\/2025\/08\/538167635_694753223622233_7148135622023557076_n-1.jpg 1280w\" sizes=\"auto, (max-width: 300px) 100vw, 300px\" \/><img loading=\"lazy\" decoding=\"async\" class=\"alignnone size-medium wp-image-15744\" src=\"https:\/\/gadmuisne.gob.ec\/web\/wp-content\/uploads\/2025\/08\/538273259_694753286955560_468307516141909864_n-300x200.jpg\" alt=\"\" width=\"300\" height=\"200\" srcset=\"https:\/\/gadmuisne.gob.ec\/web\/wp-content\/uploads\/2025\/08\/538273259_694753286955560_468307516141909864_n-300x200.jpg 300w, https:\/\/gadmuisne.gob.ec\/web\/wp-content\/uploads\/2025\/08\/538273259_694753286955560_468307516141909864_n-1024x683.jpg 1024w, https:\/\/gadmuisne.gob.ec\/web\/wp-content\/uploads\/2025\/08\/538273259_694753286955560_468307516141909864_n-768x512.jpg 768w, https:\/\/gadmuisne.gob.ec\/web\/wp-content\/uploads\/2025\/08\/538273259_694753286955560_468307516141909864_n-270x180.jpg 270w, https:\/\/gadmuisne.gob.ec\/web\/wp-content\/uploads\/2025\/08\/538273259_694753286955560_468307516141909864_n-370x247.jpg 370w, https:\/\/gadmuisne.gob.ec\/web\/wp-content\/uploads\/2025\/08\/538273259_694753286955560_468307516141909864_n-570x380.jpg 570w, https:\/\/gadmuisne.gob.ec\/web\/wp-content\/uploads\/2025\/08\/538273259_694753286955560_468307516141909864_n-770x513.jpg 770w, https:\/\/gadmuisne.gob.ec\/web\/wp-content\/uploads\/2025\/08\/538273259_694753286955560_468307516141909864_n-870x580.jpg 870w, https:\/\/gadmuisne.gob.ec\/web\/wp-content\/uploads\/2025\/08\/538273259_694753286955560_468307516141909864_n.jpg 1083w\" sizes=\"auto, (max-width: 300px) 100vw, 300px\" \/><img loading=\"lazy\" decoding=\"async\" class=\"alignnone size-medium wp-image-15745\" src=\"https:\/\/gadmuisne.gob.ec\/web\/wp-content\/uploads\/2025\/08\/539425656_694753563622199_7635497201493001550_n-300x200.jpg\" alt=\"\" width=\"300\" height=\"200\" srcset=\"https:\/\/gadmuisne.gob.ec\/web\/wp-content\/uploads\/2025\/08\/539425656_694753563622199_7635497201493001550_n-300x200.jpg 300w, https:\/\/gadmuisne.gob.ec\/web\/wp-content\/uploads\/2025\/08\/539425656_694753563622199_7635497201493001550_n-1024x683.jpg 1024w, https:\/\/gadmuisne.gob.ec\/web\/wp-content\/uploads\/2025\/08\/539425656_694753563622199_7635497201493001550_n-768x512.jpg 768w, https:\/\/gadmuisne.gob.ec\/web\/wp-content\/uploads\/2025\/08\/539425656_694753563622199_7635497201493001550_n-270x180.jpg 270w, https:\/\/gadmuisne.gob.ec\/web\/wp-content\/uploads\/2025\/08\/539425656_694753563622199_7635497201493001550_n-370x247.jpg 370w, https:\/\/gadmuisne.gob.ec\/web\/wp-content\/uploads\/2025\/08\/539425656_694753563622199_7635497201493001550_n-570x380.jpg 570w, https:\/\/gadmuisne.gob.ec\/web\/wp-content\/uploads\/2025\/08\/539425656_694753563622199_7635497201493001550_n-770x513.jpg 770w, https:\/\/gadmuisne.gob.ec\/web\/wp-content\/uploads\/2025\/08\/539425656_694753563622199_7635497201493001550_n-870x580.jpg 870w, https:\/\/gadmuisne.gob.ec\/web\/wp-content\/uploads\/2025\/08\/539425656_694753563622199_7635497201493001550_n.jpg 1083w\" sizes=\"auto, (max-width: 300px) 100vw, 300px\" \/><img loading=\"lazy\" decoding=\"async\" class=\"alignnone size-medium wp-image-15746\" src=\"https:\/\/gadmuisne.gob.ec\/web\/wp-content\/uploads\/2025\/08\/539843977_694753486955540_2983705245786005598_n-300x200.jpg\" alt=\"\" width=\"300\" height=\"200\" srcset=\"https:\/\/gadmuisne.gob.ec\/web\/wp-content\/uploads\/2025\/08\/539843977_694753486955540_2983705245786005598_n-300x200.jpg 300w, https:\/\/gadmuisne.gob.ec\/web\/wp-content\/uploads\/2025\/08\/539843977_694753486955540_2983705245786005598_n-1024x683.jpg 1024w, https:\/\/gadmuisne.gob.ec\/web\/wp-content\/uploads\/2025\/08\/539843977_694753486955540_2983705245786005598_n-768x512.jpg 768w, https:\/\/gadmuisne.gob.ec\/web\/wp-content\/uploads\/2025\/08\/539843977_694753486955540_2983705245786005598_n-270x180.jpg 270w, https:\/\/gadmuisne.gob.ec\/web\/wp-content\/uploads\/2025\/08\/539843977_694753486955540_2983705245786005598_n-370x247.jpg 370w, https:\/\/gadmuisne.gob.ec\/web\/wp-content\/uploads\/2025\/08\/539843977_694753486955540_2983705245786005598_n-570x380.jpg 570w, https:\/\/gadmuisne.gob.ec\/web\/wp-content\/uploads\/2025\/08\/539843977_694753486955540_2983705245786005598_n-770x513.jpg 770w, https:\/\/gadmuisne.gob.ec\/web\/wp-content\/uploads\/2025\/08\/539843977_694753486955540_2983705245786005598_n-870x580.jpg 870w, https:\/\/gadmuisne.gob.ec\/web\/wp-content\/uploads\/2025\/08\/539843977_694753486955540_2983705245786005598_n.jpg 1083w\" sizes=\"auto, (max-width: 300px) 100vw, 300px\" \/><\/div>\n<\/div>\n","protected":false},"excerpt":{"rendered":"<p>Alcaldesa se reuni\u00f3 con representantes de 3 recintos de San Gregorio. La alcaldesa Yuri Colorado M\u00e1rquez se reuni\u00f3 en su despacho con los representantes de la junta de agua de los recintos Tres V\u00edas, La Correntada y El Mamey de la parroquia San Gregorio. En este encuentro se expusieron las&#8230;<\/p>\n","protected":false},"author":4,"featured_media":15745,"comment_status":"closed","ping_status":"open","sticky":false,"template":"","format":"standard","meta":{"footnotes":""},"categories":[35],"tags":[],"class_list":["post-15742","post","type-post","status-publish","format-standard","has-post-thumbnail","hentry","category-actividades"],"_links":{"self":[{"href":"https:\/\/gadmuisne.gob.ec\/web\/wp-json\/wp\/v2\/posts\/15742","targetHints":{"allow":["GET"]}}],"collection":[{"href":"https:\/\/gadmuisne.gob.ec\/web\/wp-json\/wp\/v2\/posts"}],"about":[{"href":"https:\/\/gadmuisne.gob.ec\/web\/wp-json\/wp\/v2\/types\/post"}],"author":[{"embeddable":true,"href":"https:\/\/gadmuisne.gob.ec\/web\/wp-json\/wp\/v2\/users\/4"}],"replies":[{"embeddable":true,"href":"https:\/\/gadmuisne.gob.ec\/web\/wp-json\/wp\/v2\/comments?post=15742"}],"version-history":[{"count":1,"href":"https:\/\/gadmuisne.gob.ec\/web\/wp-json\/wp\/v2\/posts\/15742\/revisions"}],"predecessor-version":[{"id":15747,"href":"https:\/\/gadmuisne.gob.ec\/web\/wp-json\/wp\/v2\/posts\/15742\/revisions\/15747"}],"wp:featuredmedia":[{"embeddable":true,"href":"https:\/\/gadmuisne.gob.ec\/web\/wp-json\/wp\/v2\/media\/15745"}],"wp:attachment":[{"href":"https:\/\/gadmuisne.gob.ec\/web\/wp-json\/wp\/v2\/media?parent=15742"}],"wp:term":[{"taxonomy":"category","embeddable":true,"href":"https:\/\/gadmuisne.gob.ec\/web\/wp-json\/wp\/v2\/categories?post=15742"},{"taxonomy":"post_tag","embeddable":true,"href":"https:\/\/gadmuisne.gob.ec\/web\/wp-json\/wp\/v2\/tags?post=15742"}],"curies":[{"name":"wp","href":"https:\/\/api.w.org\/{rel}","templated":true}]}}