{"id":15798,"date":"2025-08-28T11:02:19","date_gmt":"2025-08-28T16:02:19","guid":{"rendered":"https:\/\/gadmuisne.gob.ec\/web\/?p=15798"},"modified":"2025-09-02T11:09:59","modified_gmt":"2025-09-02T16:09:59","slug":"alcaldesa-de-muisne-yuri-colorado-marquez-mantiene-una-importante-reunion-con-zaida-rovira-de-ministra-de-gobierno-y-sariha-moya-ministra-de-economia-y-finanzas","status":"publish","type":"post","link":"https:\/\/gadmuisne.gob.ec\/web\/alcaldesa-de-muisne-yuri-colorado-marquez-mantiene-una-importante-reunion-con-zaida-rovira-de-ministra-de-gobierno-y-sariha-moya-ministra-de-economia-y-finanzas\/","title":{"rendered":"Alcaldesa de Muisne Yuri Colorado M\u00e1rquez mantiene una importante reuni\u00f3n con Zaida Rovira de ministra de Gobierno y Sariha Moya ministra de Econom\u00eda y Finanzas."},"content":{"rendered":"<div class=\"xdj266r x14z9mp xat24cr x1lziwak x1vvkbs x126k92a\">\n<div dir=\"auto\" style=\"text-align: justify;\">Alcaldesa de Muisne <span class=\"html-span xdj266r x14z9mp xat24cr x1lziwak xexx8yu xyri2b x18d9i69 x1c1uobl x1hl2dhg x16tdsg8 x1vvkbs\"><a class=\"x1i10hfl xjbqb8w x1ejq31n x18oe1m7 x1sy0etr xstzfhl x972fbf x10w94by x1qhh985 x14e42zd x9f619 x1ypdohk xt0psk2 x3ct3a4 xdj266r x14z9mp xat24cr x1lziwak xexx8yu xyri2b x18d9i69 x1c1uobl x16tdsg8 x1hl2dhg xggy1nq x1a2a7pz xkrqix3 x1sur9pj x1fey0fg x1s688f\" tabindex=\"0\" role=\"link\" href=\"https:\/\/www.facebook.com\/jurycm?__cft__[0]=AZUBHv0V3lSomwVq9wGHRNLxI_YVat8DGEfQ_qf0-wabNATZ0lgCxcL5E0Y-O_qKagXoxbnXkHRhkxjLMW3c4h0_yC3KJZWQxCVtJf-9POvZTVfnujl_2kka-lLtdcFKRPFV1Tkbfb_6wAjsql45LvsCpqA9W677G5xfNVsvFPjTvw0NSLmDnGK-g7Qe7WoCnjI&amp;__tn__=-]K-R\"><span class=\"xt0psk2\"><span class=\"xjp7ctv\">Yuri Colorado M\u00e1rquez<\/span><\/span><\/a><\/span> mantiene una importante reuni\u00f3n con Zaida Rovira de ministra <span class=\"html-span xdj266r x14z9mp xat24cr x1lziwak xexx8yu xyri2b x18d9i69 x1c1uobl x1hl2dhg x16tdsg8 x1vvkbs\"><a class=\"x1i10hfl xjbqb8w x1ejq31n x18oe1m7 x1sy0etr xstzfhl x972fbf x10w94by x1qhh985 x14e42zd x9f619 x1ypdohk xt0psk2 x3ct3a4 xdj266r x14z9mp xat24cr x1lziwak xexx8yu xyri2b x18d9i69 x1c1uobl x16tdsg8 x1hl2dhg xggy1nq x1a2a7pz xkrqix3 x1sur9pj x1fey0fg x1s688f\" tabindex=\"0\" role=\"link\" href=\"https:\/\/www.facebook.com\/MinisterioDeGobiernoEcuador?__cft__[0]=AZUBHv0V3lSomwVq9wGHRNLxI_YVat8DGEfQ_qf0-wabNATZ0lgCxcL5E0Y-O_qKagXoxbnXkHRhkxjLMW3c4h0_yC3KJZWQxCVtJf-9POvZTVfnujl_2kka-lLtdcFKRPFV1Tkbfb_6wAjsql45LvsCpqA9W677G5xfNVsvFPjTvw0NSLmDnGK-g7Qe7WoCnjI&amp;__tn__=-]K-R\"><span class=\"xt0psk2\"><span class=\"xjp7ctv\">de Gobierno<\/span><\/span><\/a><\/span> y Sariha Moya ministra <span class=\"html-span xdj266r x14z9mp xat24cr x1lziwak xexx8yu xyri2b x18d9i69 x1c1uobl x1hl2dhg x16tdsg8 x1vvkbs\"><a class=\"x1i10hfl xjbqb8w x1ejq31n x18oe1m7 x1sy0etr xstzfhl x972fbf x10w94by x1qhh985 x14e42zd x9f619 x1ypdohk xt0psk2 x3ct3a4 xdj266r x14z9mp xat24cr x1lziwak xexx8yu xyri2b x18d9i69 x1c1uobl x16tdsg8 x1hl2dhg xggy1nq x1a2a7pz xkrqix3 x1sur9pj x1fey0fg x1s688f\" tabindex=\"0\" role=\"link\" href=\"https:\/\/www.facebook.com\/FinanzasEcuador?__cft__[0]=AZUBHv0V3lSomwVq9wGHRNLxI_YVat8DGEfQ_qf0-wabNATZ0lgCxcL5E0Y-O_qKagXoxbnXkHRhkxjLMW3c4h0_yC3KJZWQxCVtJf-9POvZTVfnujl_2kka-lLtdcFKRPFV1Tkbfb_6wAjsql45LvsCpqA9W677G5xfNVsvFPjTvw0NSLmDnGK-g7Qe7WoCnjI&amp;__tn__=-]K-R\"><span class=\"xt0psk2\"><span class=\"xjp7ctv\">de Econom\u00eda y Finanzas<\/span><\/span><\/a><\/span>.<\/div>\n<div dir=\"auto\"><\/div>\n<\/div>\n<div class=\"x14z9mp xat24cr x1lziwak x1vvkbs xtlvy1s x126k92a\" style=\"text-align: justify;\">\n<div dir=\"auto\">En este encuentro se abordaron temas de gran relevancia para el pa\u00eds, como la asignaci\u00f3n de recursos del Modelo de Equidad Territorial para los municipios, y la importancia de mantener un canal de di\u00e1logo permanente con el Gobierno Nacional, que tiene toda la voluntad pol\u00edtica de trabajar de manera articulada con todas las autoridades.<\/div>\n<div dir=\"auto\"><\/div>\n<\/div>\n<div class=\"x14z9mp xat24cr x1lziwak x1vvkbs xtlvy1s x126k92a\" style=\"text-align: justify;\">\n<div dir=\"auto\"><span class=\"html-span xexx8yu xyri2b x18d9i69 x1c1uobl x1hl2dhg x16tdsg8 x1vvkbs x3nfvp2 x1j61x8r x1fcty0u xdj266r xat24cr xm2jcoa x1mpyi22 xxymvpz xlup9mm x1kky2od\"><img loading=\"lazy\" decoding=\"async\" class=\"xz74otr x15mokao x1ga7v0g x16uus16 xbiv7yw\" src=\"https:\/\/static.xx.fbcdn.net\/images\/emoji.php\/v9\/tf4\/1\/16\/2728.png\" alt=\"\u2728\" width=\"16\" height=\"16\" \/><\/span>&gt;&gt; \u00danete a nuestra comunidad exclusiva de Alcald\u00eda de Muisne y recibe las noticias actuales y del momento.<\/div>\n<div dir=\"auto\"><span class=\"html-span xdj266r x14z9mp xat24cr x1lziwak xexx8yu xyri2b x18d9i69 x1c1uobl x1hl2dhg x16tdsg8 x1vvkbs\"><a class=\"x1i10hfl xjbqb8w x1ejq31n x18oe1m7 x1sy0etr xstzfhl x972fbf x10w94by x1qhh985 x14e42zd x9f619 x1ypdohk xt0psk2 x3ct3a4 xdj266r x14z9mp xat24cr x1lziwak xexx8yu xyri2b x18d9i69 x1c1uobl x16tdsg8 x1hl2dhg xggy1nq x1a2a7pz xkrqix3 x1sur9pj x1fey0fg x1s688f\" tabindex=\"0\" role=\"link\" href=\"https:\/\/l.facebook.com\/l.php?u=https%3A%2F%2Fwhatsapp.com%2Fchannel%2F0029Vb6Evf68qIztMd9sPg3T%3Ffbclid%3DIwZXh0bgNhZW0CMTAAYnJpZBExU3Bud0NkcGFreDFtZXF2QgEeb-mL1XQRoae22_p8MyX_S2B0iEKXTtoS5gu4gYWPYGl82MFrL1XpFeJtevg_aem_jmSvZ2dIEDsenU4ww0Zw4w&amp;h=AT2KCdbHIkIEg7cjXMxkIHvGz6AmoYmOo-jnJXyR4FXgyqZ-oeiveMJy-OY-lu3puOJ2dOsSxWwXJqDcoPgdakvi15TiAWv09ccf0pz3AQtk-7h6RsvcwDCN5dpokouTMrMR6cjyV-3SM78I&amp;__tn__=-UK-R&amp;c[0]=AT3JF4tHWVzelPITXM-98LCvpSVTY_9CxIzc-iTAfPmDG6AodCz4gvvEDCJ3DGYXDYmJKeBvRKIXs0A27vQo75kuQC776E2IYr1n6noLNUACbDB51tiu6pIHWjDehzo8OYeRk2H9BOs1TR8hPx1vQPfgamFB15WNa8U3h9o6GrGIsV2hkRnGbnFN95ucxx2E7gdysyKcIF-SAaoQz6ICU5fX\" target=\"_blank\" rel=\"nofollow noopener noreferrer\">https:\/\/whatsapp.com\/channel\/0029Vb6Evf68qIztMd9sPg3T<\/a><\/span><\/div>\n<\/div>\n<div class=\"x14z9mp xat24cr x1lziwak x1vvkbs xtlvy1s x126k92a\">\n<div dir=\"auto\" style=\"text-align: justify;\"><span class=\"html-span xdj266r x14z9mp xat24cr x1lziwak xexx8yu xyri2b x18d9i69 x1c1uobl x1hl2dhg x16tdsg8 x1vvkbs\"><a class=\"x1i10hfl xjbqb8w x1ejq31n x18oe1m7 x1sy0etr xstzfhl x972fbf x10w94by x1qhh985 x14e42zd x9f619 x1ypdohk xt0psk2 x3ct3a4 xdj266r x14z9mp xat24cr x1lziwak xexx8yu xyri2b x18d9i69 x1c1uobl x16tdsg8 x1hl2dhg xggy1nq x1a2a7pz xkrqix3 x1sur9pj x1fey0fg x1s688f\" tabindex=\"0\" role=\"link\" href=\"https:\/\/www.facebook.com\/hashtag\/muisne?__eep__=6&amp;__cft__[0]=AZUBHv0V3lSomwVq9wGHRNLxI_YVat8DGEfQ_qf0-wabNATZ0lgCxcL5E0Y-O_qKagXoxbnXkHRhkxjLMW3c4h0_yC3KJZWQxCVtJf-9POvZTVfnujl_2kka-lLtdcFKRPFV1Tkbfb_6wAjsql45LvsCpqA9W677G5xfNVsvFPjTvw0NSLmDnGK-g7Qe7WoCnjI&amp;__tn__=*NK-R\">#Muisne<\/a><\/span> <span class=\"html-span xdj266r x14z9mp xat24cr x1lziwak xexx8yu xyri2b x18d9i69 x1c1uobl x1hl2dhg x16tdsg8 x1vvkbs\"><a class=\"x1i10hfl xjbqb8w x1ejq31n x18oe1m7 x1sy0etr xstzfhl x972fbf x10w94by x1qhh985 x14e42zd x9f619 x1ypdohk xt0psk2 x3ct3a4 xdj266r x14z9mp xat24cr x1lziwak xexx8yu xyri2b x18d9i69 x1c1uobl x16tdsg8 x1hl2dhg xggy1nq x1a2a7pz xkrqix3 x1sur9pj x1fey0fg x1s688f\" tabindex=\"0\" role=\"link\" href=\"https:\/\/www.facebook.com\/hashtag\/yuricoloradoalcaldesa?__eep__=6&amp;__cft__[0]=AZUBHv0V3lSomwVq9wGHRNLxI_YVat8DGEfQ_qf0-wabNATZ0lgCxcL5E0Y-O_qKagXoxbnXkHRhkxjLMW3c4h0_yC3KJZWQxCVtJf-9POvZTVfnujl_2kka-lLtdcFKRPFV1Tkbfb_6wAjsql45LvsCpqA9W677G5xfNVsvFPjTvw0NSLmDnGK-g7Qe7WoCnjI&amp;__tn__=*NK-R\">#YuriColoradoAlcaldesa<\/a><\/span> <span class=\"html-span xdj266r x14z9mp xat24cr x1lziwak xexx8yu xyri2b x18d9i69 x1c1uobl x1hl2dhg x16tdsg8 x1vvkbs\"><a class=\"x1i10hfl xjbqb8w x1ejq31n x18oe1m7 x1sy0etr xstzfhl x972fbf x10w94by x1qhh985 x14e42zd x9f619 x1ypdohk xt0psk2 x3ct3a4 xdj266r x14z9mp xat24cr x1lziwak xexx8yu xyri2b x18d9i69 x1c1uobl x16tdsg8 x1hl2dhg xggy1nq x1a2a7pz xkrqix3 x1sur9pj x1fey0fg x1s688f\" tabindex=\"0\" role=\"link\" href=\"https:\/\/www.facebook.com\/hashtag\/gobiernonacional?__eep__=6&amp;__cft__[0]=AZUBHv0V3lSomwVq9wGHRNLxI_YVat8DGEfQ_qf0-wabNATZ0lgCxcL5E0Y-O_qKagXoxbnXkHRhkxjLMW3c4h0_yC3KJZWQxCVtJf-9POvZTVfnujl_2kka-lLtdcFKRPFV1Tkbfb_6wAjsql45LvsCpqA9W677G5xfNVsvFPjTvw0NSLmDnGK-g7Qe7WoCnjI&amp;__tn__=*NK-R\">#GobiernoNacional<\/a><\/span><\/div>\n<div dir=\"auto\"><img loading=\"lazy\" decoding=\"async\" class=\"alignnone size-medium wp-image-15800\" src=\"https:\/\/gadmuisne.gob.ec\/web\/wp-content\/uploads\/2025\/09\/539440919_696594456771443_2409435519917907852_n-204x300.jpg\" alt=\"\" width=\"204\" height=\"300\" srcset=\"https:\/\/gadmuisne.gob.ec\/web\/wp-content\/uploads\/2025\/09\/539440919_696594456771443_2409435519917907852_n-204x300.jpg 204w, https:\/\/gadmuisne.gob.ec\/web\/wp-content\/uploads\/2025\/09\/539440919_696594456771443_2409435519917907852_n-697x1024.jpg 697w, https:\/\/gadmuisne.gob.ec\/web\/wp-content\/uploads\/2025\/09\/539440919_696594456771443_2409435519917907852_n-768x1128.jpg 768w, https:\/\/gadmuisne.gob.ec\/web\/wp-content\/uploads\/2025\/09\/539440919_696594456771443_2409435519917907852_n-270x397.jpg 270w, https:\/\/gadmuisne.gob.ec\/web\/wp-content\/uploads\/2025\/09\/539440919_696594456771443_2409435519917907852_n-370x543.jpg 370w, https:\/\/gadmuisne.gob.ec\/web\/wp-content\/uploads\/2025\/09\/539440919_696594456771443_2409435519917907852_n-570x837.jpg 570w, https:\/\/gadmuisne.gob.ec\/web\/wp-content\/uploads\/2025\/09\/539440919_696594456771443_2409435519917907852_n-770x1131.jpg 770w, https:\/\/gadmuisne.gob.ec\/web\/wp-content\/uploads\/2025\/09\/539440919_696594456771443_2409435519917907852_n-870x1278.jpg 870w, https:\/\/gadmuisne.gob.ec\/web\/wp-content\/uploads\/2025\/09\/539440919_696594456771443_2409435519917907852_n.jpg 900w\" sizes=\"auto, (max-width: 204px) 100vw, 204px\" \/><\/div>\n<\/div>\n","protected":false},"excerpt":{"rendered":"<p>Alcaldesa de Muisne Yuri Colorado M\u00e1rquez mantiene una importante reuni\u00f3n con Zaida Rovira de ministra de Gobierno y Sariha Moya ministra de Econom\u00eda y Finanzas. En este encuentro se abordaron temas de gran relevancia para el pa\u00eds, como la asignaci\u00f3n de recursos del Modelo de Equidad Territorial para los municipios,&#8230;<\/p>\n","protected":false},"author":4,"featured_media":15800,"comment_status":"closed","ping_status":"open","sticky":false,"template":"","format":"standard","meta":{"footnotes":""},"categories":[35],"tags":[],"class_list":["post-15798","post","type-post","status-publish","format-standard","has-post-thumbnail","hentry","category-actividades"],"_links":{"self":[{"href":"https:\/\/gadmuisne.gob.ec\/web\/wp-json\/wp\/v2\/posts\/15798","targetHints":{"allow":["GET"]}}],"collection":[{"href":"https:\/\/gadmuisne.gob.ec\/web\/wp-json\/wp\/v2\/posts"}],"about":[{"href":"https:\/\/gadmuisne.gob.ec\/web\/wp-json\/wp\/v2\/types\/post"}],"author":[{"embeddable":true,"href":"https:\/\/gadmuisne.gob.ec\/web\/wp-json\/wp\/v2\/users\/4"}],"replies":[{"embeddable":true,"href":"https:\/\/gadmuisne.gob.ec\/web\/wp-json\/wp\/v2\/comments?post=15798"}],"version-history":[{"count":1,"href":"https:\/\/gadmuisne.gob.ec\/web\/wp-json\/wp\/v2\/posts\/15798\/revisions"}],"predecessor-version":[{"id":15801,"href":"https:\/\/gadmuisne.gob.ec\/web\/wp-json\/wp\/v2\/posts\/15798\/revisions\/15801"}],"wp:featuredmedia":[{"embeddable":true,"href":"https:\/\/gadmuisne.gob.ec\/web\/wp-json\/wp\/v2\/media\/15800"}],"wp:attachment":[{"href":"https:\/\/gadmuisne.gob.ec\/web\/wp-json\/wp\/v2\/media?parent=15798"}],"wp:term":[{"taxonomy":"category","embeddable":true,"href":"https:\/\/gadmuisne.gob.ec\/web\/wp-json\/wp\/v2\/categories?post=15798"},{"taxonomy":"post_tag","embeddable":true,"href":"https:\/\/gadmuisne.gob.ec\/web\/wp-json\/wp\/v2\/tags?post=15798"}],"curies":[{"name":"wp","href":"https:\/\/api.w.org\/{rel}","templated":true}]}}