{"id":16179,"date":"2025-09-25T08:34:43","date_gmt":"2025-09-25T13:34:43","guid":{"rendered":"https:\/\/gadmuisne.gob.ec\/web\/?p=16179"},"modified":"2025-09-25T08:34:43","modified_gmt":"2025-09-25T13:34:43","slug":"la-junta-cantonal-de-proteccion-de-derechos-lleva-servicios-de-atencion-a-las-parroquias-del-canton","status":"publish","type":"post","link":"https:\/\/gadmuisne.gob.ec\/web\/la-junta-cantonal-de-proteccion-de-derechos-lleva-servicios-de-atencion-a-las-parroquias-del-canton\/","title":{"rendered":"La Junta Cantonal de Protecci\u00f3n de Derechos lleva servicios de atenci\u00f3n a las parroquias del cant\u00f3n."},"content":{"rendered":"<div class=\"xdj266r x14z9mp xat24cr x1lziwak x1vvkbs x126k92a\">\n<div dir=\"auto\" style=\"text-align: justify;\">La Junta Cantonal de Protecci\u00f3n de Derechos lleva servicios de atenci\u00f3n a las parroquias del cant\u00f3n.<\/div>\n<\/div>\n<div class=\"x14z9mp xat24cr x1lziwak x1vvkbs xtlvy1s x126k92a\" style=\"text-align: justify;\">\n<div dir=\"auto\">Nuestro compromiso es garantizar el cuidado y la protecci\u00f3n de ni\u00f1as, ni\u00f1os, adolescentes, mujeres en situaci\u00f3n de violencia, adultos mayores y toda la comunidad.<\/div>\n<div dir=\"auto\"><\/div>\n<\/div>\n<div class=\"x14z9mp xat24cr x1lziwak x1vvkbs xtlvy1s x126k92a\" style=\"text-align: justify;\">\n<div dir=\"auto\">Te esperamos desde las 10h00 el viernes 26 de septiembre en la Junta Parroquial de Salima. Queremos llegar a ti con servicios de atenci\u00f3n oportunos y efectivos.<\/div>\n<\/div>\n<div class=\"x14z9mp xat24cr x1lziwak x1vvkbs xtlvy1s x126k92a\">\n<div dir=\"auto\" style=\"text-align: justify;\">Juntos construimos un cant\u00f3n m\u00e1s justo, seguro y solidarios.<\/div>\n<div dir=\"auto\"><img loading=\"lazy\" decoding=\"async\" class=\"alignnone size-medium wp-image-16180\" src=\"https:\/\/gadmuisne.gob.ec\/web\/wp-content\/uploads\/2025\/09\/553217049_718400587924163_4336399870238509846_n-240x300.jpg\" alt=\"\" width=\"240\" height=\"300\" srcset=\"https:\/\/gadmuisne.gob.ec\/web\/wp-content\/uploads\/2025\/09\/553217049_718400587924163_4336399870238509846_n-240x300.jpg 240w, https:\/\/gadmuisne.gob.ec\/web\/wp-content\/uploads\/2025\/09\/553217049_718400587924163_4336399870238509846_n-819x1024.jpg 819w, https:\/\/gadmuisne.gob.ec\/web\/wp-content\/uploads\/2025\/09\/553217049_718400587924163_4336399870238509846_n-768x960.jpg 768w, https:\/\/gadmuisne.gob.ec\/web\/wp-content\/uploads\/2025\/09\/553217049_718400587924163_4336399870238509846_n-270x338.jpg 270w, https:\/\/gadmuisne.gob.ec\/web\/wp-content\/uploads\/2025\/09\/553217049_718400587924163_4336399870238509846_n-370x463.jpg 370w, https:\/\/gadmuisne.gob.ec\/web\/wp-content\/uploads\/2025\/09\/553217049_718400587924163_4336399870238509846_n-570x713.jpg 570w, https:\/\/gadmuisne.gob.ec\/web\/wp-content\/uploads\/2025\/09\/553217049_718400587924163_4336399870238509846_n-770x963.jpg 770w, https:\/\/gadmuisne.gob.ec\/web\/wp-content\/uploads\/2025\/09\/553217049_718400587924163_4336399870238509846_n-870x1088.jpg 870w, https:\/\/gadmuisne.gob.ec\/web\/wp-content\/uploads\/2025\/09\/553217049_718400587924163_4336399870238509846_n.jpg 1080w\" sizes=\"auto, (max-width: 240px) 100vw, 240px\" \/><\/div>\n<\/div>\n","protected":false},"excerpt":{"rendered":"<p>La Junta Cantonal de Protecci\u00f3n de Derechos lleva servicios de atenci\u00f3n a las parroquias del cant\u00f3n. Nuestro compromiso es garantizar el cuidado y la protecci\u00f3n de ni\u00f1as, ni\u00f1os, adolescentes, mujeres en situaci\u00f3n de violencia, adultos mayores y toda la comunidad. Te esperamos desde las 10h00 el viernes 26 de septiembre&#8230;<\/p>\n","protected":false},"author":4,"featured_media":16180,"comment_status":"closed","ping_status":"open","sticky":false,"template":"","format":"standard","meta":{"footnotes":""},"categories":[35],"tags":[],"class_list":["post-16179","post","type-post","status-publish","format-standard","has-post-thumbnail","hentry","category-actividades"],"_links":{"self":[{"href":"https:\/\/gadmuisne.gob.ec\/web\/wp-json\/wp\/v2\/posts\/16179","targetHints":{"allow":["GET"]}}],"collection":[{"href":"https:\/\/gadmuisne.gob.ec\/web\/wp-json\/wp\/v2\/posts"}],"about":[{"href":"https:\/\/gadmuisne.gob.ec\/web\/wp-json\/wp\/v2\/types\/post"}],"author":[{"embeddable":true,"href":"https:\/\/gadmuisne.gob.ec\/web\/wp-json\/wp\/v2\/users\/4"}],"replies":[{"embeddable":true,"href":"https:\/\/gadmuisne.gob.ec\/web\/wp-json\/wp\/v2\/comments?post=16179"}],"version-history":[{"count":1,"href":"https:\/\/gadmuisne.gob.ec\/web\/wp-json\/wp\/v2\/posts\/16179\/revisions"}],"predecessor-version":[{"id":16181,"href":"https:\/\/gadmuisne.gob.ec\/web\/wp-json\/wp\/v2\/posts\/16179\/revisions\/16181"}],"wp:featuredmedia":[{"embeddable":true,"href":"https:\/\/gadmuisne.gob.ec\/web\/wp-json\/wp\/v2\/media\/16180"}],"wp:attachment":[{"href":"https:\/\/gadmuisne.gob.ec\/web\/wp-json\/wp\/v2\/media?parent=16179"}],"wp:term":[{"taxonomy":"category","embeddable":true,"href":"https:\/\/gadmuisne.gob.ec\/web\/wp-json\/wp\/v2\/categories?post=16179"},{"taxonomy":"post_tag","embeddable":true,"href":"https:\/\/gadmuisne.gob.ec\/web\/wp-json\/wp\/v2\/tags?post=16179"}],"curies":[{"name":"wp","href":"https:\/\/api.w.org\/{rel}","templated":true}]}}