{"id":16189,"date":"2025-09-25T08:40:29","date_gmt":"2025-09-25T13:40:29","guid":{"rendered":"https:\/\/gadmuisne.gob.ec\/web\/?p=16189"},"modified":"2025-09-25T08:40:29","modified_gmt":"2025-09-25T13:40:29","slug":"muisne-celebra-a-lo-grande-sus-69-anos-de-cantonizacion","status":"publish","type":"post","link":"https:\/\/gadmuisne.gob.ec\/web\/muisne-celebra-a-lo-grande-sus-69-anos-de-cantonizacion\/","title":{"rendered":"Muisne celebra a lo grande sus 69 a\u00f1os de cantonizaci\u00f3n!"},"content":{"rendered":"<div class=\"xdj266r x14z9mp xat24cr x1lziwak x1vvkbs x126k92a\">\n<div dir=\"auto\">Muisne celebra a lo grande sus 69 a\u00f1os de cantonizaci\u00f3n!<\/div>\n<\/div>\n<div class=\"x14z9mp xat24cr x1lziwak x1vvkbs xtlvy1s x126k92a\">\n<div dir=\"auto\">La cabalgata llega este 28 de septiembre para llenar de alegr\u00eda y tradici\u00f3n nuestras calles. Una fiesta que une generaciones y mantiene viva la esencia de nuestro pueblo.<\/div>\n<div dir=\"auto\"><\/div>\n<\/div>\n<div class=\"x14z9mp xat24cr x1lziwak x1vvkbs xtlvy1s x126k92a\">\n<div dir=\"auto\"><span class=\"html-span xexx8yu xyri2b x18d9i69 x1c1uobl x1hl2dhg x16tdsg8 x1vvkbs x3nfvp2 x1j61x8r x1fcty0u xdj266r xat24cr xm2jcoa x1mpyi22 xxymvpz xlup9mm x1kky2od\"><img loading=\"lazy\" decoding=\"async\" class=\"xz74otr x15mokao x1ga7v0g x16uus16 xbiv7yw\" src=\"https:\/\/static.xx.fbcdn.net\/images\/emoji.php\/v9\/t2d\/1\/16\/1f4cd.png\" alt=\"\ud83d\udccd\" width=\"16\" height=\"16\" \/><\/span> Recorrido: Desde la entrada de Bunche hasta la explanada del Municipio (Av. Isidro Ayora)<\/div>\n<div dir=\"auto\"><span class=\"html-span xexx8yu xyri2b x18d9i69 x1c1uobl x1hl2dhg x16tdsg8 x1vvkbs x3nfvp2 x1j61x8r x1fcty0u xdj266r xat24cr xm2jcoa x1mpyi22 xxymvpz xlup9mm x1kky2od\"><img loading=\"lazy\" decoding=\"async\" class=\"xz74otr x15mokao x1ga7v0g x16uus16 xbiv7yw\" src=\"https:\/\/static.xx.fbcdn.net\/images\/emoji.php\/v9\/t29\/1\/16\/1f551.png\" alt=\"\ud83d\udd51\" width=\"16\" height=\"16\" \/><\/span> Hora: 14h00<\/div>\n<div dir=\"auto\"><\/div>\n<\/div>\n<div class=\"x14z9mp xat24cr x1lziwak x1vvkbs xtlvy1s x126k92a\">\n<div dir=\"auto\">Vive nuestras ra\u00edces, la pasi\u00f3n de nuestra gente y la hermandad de una comunidad que celebra con orgullo su historia.<\/div>\n<\/div>\n<div class=\"x14z9mp xat24cr x1lziwak x1vvkbs xtlvy1s x126k92a\">\n<div dir=\"auto\">Ven con tu familia y amigos y se parte de esta tradici\u00f3n.<\/div>\n<div dir=\"auto\"><img loading=\"lazy\" decoding=\"async\" class=\"alignnone size-medium wp-image-16190\" src=\"https:\/\/gadmuisne.gob.ec\/web\/wp-content\/uploads\/2025\/09\/553360154_718525417911680_7677395905152674057_n-300x300.jpg\" alt=\"\" width=\"300\" height=\"300\" srcset=\"https:\/\/gadmuisne.gob.ec\/web\/wp-content\/uploads\/2025\/09\/553360154_718525417911680_7677395905152674057_n-300x300.jpg 300w, https:\/\/gadmuisne.gob.ec\/web\/wp-content\/uploads\/2025\/09\/553360154_718525417911680_7677395905152674057_n-1024x1024.jpg 1024w, https:\/\/gadmuisne.gob.ec\/web\/wp-content\/uploads\/2025\/09\/553360154_718525417911680_7677395905152674057_n-150x150.jpg 150w, https:\/\/gadmuisne.gob.ec\/web\/wp-content\/uploads\/2025\/09\/553360154_718525417911680_7677395905152674057_n-768x768.jpg 768w, https:\/\/gadmuisne.gob.ec\/web\/wp-content\/uploads\/2025\/09\/553360154_718525417911680_7677395905152674057_n-1536x1536.jpg 1536w, https:\/\/gadmuisne.gob.ec\/web\/wp-content\/uploads\/2025\/09\/553360154_718525417911680_7677395905152674057_n-70x70.jpg 70w, https:\/\/gadmuisne.gob.ec\/web\/wp-content\/uploads\/2025\/09\/553360154_718525417911680_7677395905152674057_n-270x270.jpg 270w, https:\/\/gadmuisne.gob.ec\/web\/wp-content\/uploads\/2025\/09\/553360154_718525417911680_7677395905152674057_n-370x370.jpg 370w, https:\/\/gadmuisne.gob.ec\/web\/wp-content\/uploads\/2025\/09\/553360154_718525417911680_7677395905152674057_n-570x570.jpg 570w, https:\/\/gadmuisne.gob.ec\/web\/wp-content\/uploads\/2025\/09\/553360154_718525417911680_7677395905152674057_n-770x770.jpg 770w, https:\/\/gadmuisne.gob.ec\/web\/wp-content\/uploads\/2025\/09\/553360154_718525417911680_7677395905152674057_n-870x870.jpg 870w, https:\/\/gadmuisne.gob.ec\/web\/wp-content\/uploads\/2025\/09\/553360154_718525417911680_7677395905152674057_n-1170x1170.jpg 1170w, https:\/\/gadmuisne.gob.ec\/web\/wp-content\/uploads\/2025\/09\/553360154_718525417911680_7677395905152674057_n-1570x1570.jpg 1570w, https:\/\/gadmuisne.gob.ec\/web\/wp-content\/uploads\/2025\/09\/553360154_718525417911680_7677395905152674057_n.jpg 2048w\" sizes=\"auto, (max-width: 300px) 100vw, 300px\" \/><\/div>\n<\/div>\n","protected":false},"excerpt":{"rendered":"<p>Muisne celebra a lo grande sus 69 a\u00f1os de cantonizaci\u00f3n! La cabalgata llega este 28 de septiembre para llenar de alegr\u00eda y tradici\u00f3n nuestras calles. Una fiesta que une generaciones y mantiene viva la esencia de nuestro pueblo. Recorrido: Desde la entrada de Bunche hasta la explanada del Municipio (Av&#8230;.<\/p>\n","protected":false},"author":4,"featured_media":16190,"comment_status":"closed","ping_status":"open","sticky":false,"template":"","format":"standard","meta":{"footnotes":""},"categories":[35],"tags":[],"class_list":["post-16189","post","type-post","status-publish","format-standard","has-post-thumbnail","hentry","category-actividades"],"_links":{"self":[{"href":"https:\/\/gadmuisne.gob.ec\/web\/wp-json\/wp\/v2\/posts\/16189","targetHints":{"allow":["GET"]}}],"collection":[{"href":"https:\/\/gadmuisne.gob.ec\/web\/wp-json\/wp\/v2\/posts"}],"about":[{"href":"https:\/\/gadmuisne.gob.ec\/web\/wp-json\/wp\/v2\/types\/post"}],"author":[{"embeddable":true,"href":"https:\/\/gadmuisne.gob.ec\/web\/wp-json\/wp\/v2\/users\/4"}],"replies":[{"embeddable":true,"href":"https:\/\/gadmuisne.gob.ec\/web\/wp-json\/wp\/v2\/comments?post=16189"}],"version-history":[{"count":1,"href":"https:\/\/gadmuisne.gob.ec\/web\/wp-json\/wp\/v2\/posts\/16189\/revisions"}],"predecessor-version":[{"id":16191,"href":"https:\/\/gadmuisne.gob.ec\/web\/wp-json\/wp\/v2\/posts\/16189\/revisions\/16191"}],"wp:featuredmedia":[{"embeddable":true,"href":"https:\/\/gadmuisne.gob.ec\/web\/wp-json\/wp\/v2\/media\/16190"}],"wp:attachment":[{"href":"https:\/\/gadmuisne.gob.ec\/web\/wp-json\/wp\/v2\/media?parent=16189"}],"wp:term":[{"taxonomy":"category","embeddable":true,"href":"https:\/\/gadmuisne.gob.ec\/web\/wp-json\/wp\/v2\/categories?post=16189"},{"taxonomy":"post_tag","embeddable":true,"href":"https:\/\/gadmuisne.gob.ec\/web\/wp-json\/wp\/v2\/tags?post=16189"}],"curies":[{"name":"wp","href":"https:\/\/api.w.org\/{rel}","templated":true}]}}