{"id":16269,"date":"2025-09-27T11:49:23","date_gmt":"2025-09-27T16:49:23","guid":{"rendered":"https:\/\/gadmuisne.gob.ec\/web\/?p=16269"},"modified":"2025-09-27T11:49:23","modified_gmt":"2025-09-27T16:49:23","slug":"dia-mundial-del-turismo","status":"publish","type":"post","link":"https:\/\/gadmuisne.gob.ec\/web\/dia-mundial-del-turismo\/","title":{"rendered":"D\u00eda Mundial del Turismo\u00a0"},"content":{"rendered":"<div class=\"xdj266r x14z9mp xat24cr x1lziwak x1vvkbs x126k92a\">\n<div dir=\"auto\" style=\"text-align: justify;\">D\u00eda Mundial del Turismo<\/div>\n<\/div>\n<div class=\"x14z9mp xat24cr x1lziwak x1vvkbs xtlvy1s x126k92a\" style=\"text-align: justify;\">\n<div dir=\"auto\">Muisne late en cada playa, en su gente y en su cultura.<\/div>\n<div dir=\"auto\">Hoy celebramos al turismo como motor de identidad, orgullo y desarrollo.<\/div>\n<\/div>\n<div class=\"x14z9mp xat24cr x1lziwak x1vvkbs xtlvy1s x126k92a\" style=\"text-align: justify;\">\n<div dir=\"auto\"><span class=\"html-span xexx8yu xyri2b x18d9i69 x1c1uobl x1hl2dhg x16tdsg8 x1vvkbs x3nfvp2 x1j61x8r x1fcty0u xdj266r xat24cr xm2jcoa x1mpyi22 xxymvpz xlup9mm x1kky2od\"><img loading=\"lazy\" decoding=\"async\" class=\"xz74otr x15mokao x1ga7v0g x16uus16 xbiv7yw\" src=\"https:\/\/static.xx.fbcdn.net\/images\/emoji.php\/v9\/t51\/1\/16\/1f449.png\" alt=\"\ud83d\udc49\" width=\"16\" height=\"16\" \/><\/span> \u00bfQu\u00e9 lugar m\u00e1gico de Muisne le mostrar\u00edas al mundo?<\/div>\n<\/div>\n<div class=\"x14z9mp xat24cr x1lziwak x1vvkbs xtlvy1s x126k92a\">\n<div dir=\"auto\" style=\"text-align: justify;\"><span class=\"html-span xdj266r x14z9mp xat24cr x1lziwak xexx8yu xyri2b x18d9i69 x1c1uobl x1hl2dhg x16tdsg8 x1vvkbs\"><a class=\"x1i10hfl xjbqb8w x1ejq31n x18oe1m7 x1sy0etr xstzfhl x972fbf x10w94by x1qhh985 x14e42zd x9f619 x1ypdohk xt0psk2 x3ct3a4 xdj266r x14z9mp xat24cr x1lziwak xexx8yu xyri2b x18d9i69 x1c1uobl x16tdsg8 x1hl2dhg xggy1nq x1a2a7pz xkrqix3 x1sur9pj x1fey0fg x1s688f\" tabindex=\"0\" role=\"link\" href=\"https:\/\/www.facebook.com\/hashtag\/d%C3%ADamundialdelturismo?__cft__[0]=AZVNWEmMVBsrh5DmWWyXMtuR_T0sbiRirrhh95hlhQfExglq8FthyALSbcvWXwMcFuSl1_U1NI6XkbW20wmd9uZO68jTZ7RQMwOuXUFXmpxgflssVEVEK_4-rYfxQ2_lyKZci4LRTMrJH44hFJ54e94tbkWEtIt19kYETwLS0xD6zZldejKUW5b6Xuo-wouPMPY&amp;__tn__=*NK-R\">#D\u00edaMundialDelTurismo<\/a><\/span><\/div>\n<div dir=\"auto\"><img loading=\"lazy\" decoding=\"async\" class=\"alignnone size-medium wp-image-16270\" src=\"https:\/\/gadmuisne.gob.ec\/web\/wp-content\/uploads\/2025\/09\/556286565_720664364364452_6692309226139743831_n-300x300.jpg\" alt=\"\" width=\"300\" height=\"300\" srcset=\"https:\/\/gadmuisne.gob.ec\/web\/wp-content\/uploads\/2025\/09\/556286565_720664364364452_6692309226139743831_n-300x300.jpg 300w, https:\/\/gadmuisne.gob.ec\/web\/wp-content\/uploads\/2025\/09\/556286565_720664364364452_6692309226139743831_n-1024x1024.jpg 1024w, https:\/\/gadmuisne.gob.ec\/web\/wp-content\/uploads\/2025\/09\/556286565_720664364364452_6692309226139743831_n-150x150.jpg 150w, https:\/\/gadmuisne.gob.ec\/web\/wp-content\/uploads\/2025\/09\/556286565_720664364364452_6692309226139743831_n-768x768.jpg 768w, https:\/\/gadmuisne.gob.ec\/web\/wp-content\/uploads\/2025\/09\/556286565_720664364364452_6692309226139743831_n-1536x1536.jpg 1536w, https:\/\/gadmuisne.gob.ec\/web\/wp-content\/uploads\/2025\/09\/556286565_720664364364452_6692309226139743831_n-70x70.jpg 70w, https:\/\/gadmuisne.gob.ec\/web\/wp-content\/uploads\/2025\/09\/556286565_720664364364452_6692309226139743831_n-270x270.jpg 270w, https:\/\/gadmuisne.gob.ec\/web\/wp-content\/uploads\/2025\/09\/556286565_720664364364452_6692309226139743831_n-370x370.jpg 370w, https:\/\/gadmuisne.gob.ec\/web\/wp-content\/uploads\/2025\/09\/556286565_720664364364452_6692309226139743831_n-570x570.jpg 570w, https:\/\/gadmuisne.gob.ec\/web\/wp-content\/uploads\/2025\/09\/556286565_720664364364452_6692309226139743831_n-770x770.jpg 770w, https:\/\/gadmuisne.gob.ec\/web\/wp-content\/uploads\/2025\/09\/556286565_720664364364452_6692309226139743831_n-870x870.jpg 870w, https:\/\/gadmuisne.gob.ec\/web\/wp-content\/uploads\/2025\/09\/556286565_720664364364452_6692309226139743831_n-1170x1170.jpg 1170w, https:\/\/gadmuisne.gob.ec\/web\/wp-content\/uploads\/2025\/09\/556286565_720664364364452_6692309226139743831_n-1570x1570.jpg 1570w, https:\/\/gadmuisne.gob.ec\/web\/wp-content\/uploads\/2025\/09\/556286565_720664364364452_6692309226139743831_n.jpg 1600w\" sizes=\"auto, (max-width: 300px) 100vw, 300px\" \/><\/div>\n<\/div>\n","protected":false},"excerpt":{"rendered":"<p>D\u00eda Mundial del Turismo Muisne late en cada playa, en su gente y en su cultura. Hoy celebramos al turismo como motor de identidad, orgullo y desarrollo. \u00bfQu\u00e9 lugar m\u00e1gico de Muisne le mostrar\u00edas al mundo? #D\u00edaMundialDelTurismo<\/p>\n","protected":false},"author":4,"featured_media":16270,"comment_status":"closed","ping_status":"open","sticky":false,"template":"","format":"standard","meta":{"footnotes":""},"categories":[35],"tags":[],"class_list":["post-16269","post","type-post","status-publish","format-standard","has-post-thumbnail","hentry","category-actividades"],"_links":{"self":[{"href":"https:\/\/gadmuisne.gob.ec\/web\/wp-json\/wp\/v2\/posts\/16269","targetHints":{"allow":["GET"]}}],"collection":[{"href":"https:\/\/gadmuisne.gob.ec\/web\/wp-json\/wp\/v2\/posts"}],"about":[{"href":"https:\/\/gadmuisne.gob.ec\/web\/wp-json\/wp\/v2\/types\/post"}],"author":[{"embeddable":true,"href":"https:\/\/gadmuisne.gob.ec\/web\/wp-json\/wp\/v2\/users\/4"}],"replies":[{"embeddable":true,"href":"https:\/\/gadmuisne.gob.ec\/web\/wp-json\/wp\/v2\/comments?post=16269"}],"version-history":[{"count":1,"href":"https:\/\/gadmuisne.gob.ec\/web\/wp-json\/wp\/v2\/posts\/16269\/revisions"}],"predecessor-version":[{"id":16271,"href":"https:\/\/gadmuisne.gob.ec\/web\/wp-json\/wp\/v2\/posts\/16269\/revisions\/16271"}],"wp:featuredmedia":[{"embeddable":true,"href":"https:\/\/gadmuisne.gob.ec\/web\/wp-json\/wp\/v2\/media\/16270"}],"wp:attachment":[{"href":"https:\/\/gadmuisne.gob.ec\/web\/wp-json\/wp\/v2\/media?parent=16269"}],"wp:term":[{"taxonomy":"category","embeddable":true,"href":"https:\/\/gadmuisne.gob.ec\/web\/wp-json\/wp\/v2\/categories?post=16269"},{"taxonomy":"post_tag","embeddable":true,"href":"https:\/\/gadmuisne.gob.ec\/web\/wp-json\/wp\/v2\/tags?post=16269"}],"curies":[{"name":"wp","href":"https:\/\/api.w.org\/{rel}","templated":true}]}}