{"id":1628,"date":"2020-01-21T15:19:16","date_gmt":"2020-01-21T14:19:16","guid":{"rendered":"http:\/\/gadmuisne.gob.ec\/web\/?p=1628"},"modified":"2020-01-22T19:06:26","modified_gmt":"2020-01-22T18:06:26","slug":"alcalde-de-muisne-continuan-con-las-atenciones-publicas-ciudadanas-en-los-patios-del-edificio-municipal","status":"publish","type":"post","link":"https:\/\/gadmuisne.gob.ec\/web\/alcalde-de-muisne-continuan-con-las-atenciones-publicas-ciudadanas-en-los-patios-del-edificio-municipal\/","title":{"rendered":"Atenciones ciudadanas"},"content":{"rendered":"\r\n<p><img loading=\"lazy\" decoding=\"async\" class=\"size-medium wp-image-1616 alignleft\" src=\"http:\/\/gadmuisne.gob.ec\/web\/wp-content\/uploads\/2020\/01\/82238187_458160198465914_4120820249186533376_o-2-300x225.jpg\" alt=\"\" width=\"300\" height=\"225\" srcset=\"https:\/\/gadmuisne.gob.ec\/web\/wp-content\/uploads\/2020\/01\/82238187_458160198465914_4120820249186533376_o-2-300x225.jpg 300w, https:\/\/gadmuisne.gob.ec\/web\/wp-content\/uploads\/2020\/01\/82238187_458160198465914_4120820249186533376_o-2-768x576.jpg 768w, https:\/\/gadmuisne.gob.ec\/web\/wp-content\/uploads\/2020\/01\/82238187_458160198465914_4120820249186533376_o-2-1024x768.jpg 1024w, https:\/\/gadmuisne.gob.ec\/web\/wp-content\/uploads\/2020\/01\/82238187_458160198465914_4120820249186533376_o-2-270x203.jpg 270w, https:\/\/gadmuisne.gob.ec\/web\/wp-content\/uploads\/2020\/01\/82238187_458160198465914_4120820249186533376_o-2-370x278.jpg 370w, https:\/\/gadmuisne.gob.ec\/web\/wp-content\/uploads\/2020\/01\/82238187_458160198465914_4120820249186533376_o-2-570x428.jpg 570w, https:\/\/gadmuisne.gob.ec\/web\/wp-content\/uploads\/2020\/01\/82238187_458160198465914_4120820249186533376_o-2-770x578.jpg 770w, https:\/\/gadmuisne.gob.ec\/web\/wp-content\/uploads\/2020\/01\/82238187_458160198465914_4120820249186533376_o-2-870x653.jpg 870w, https:\/\/gadmuisne.gob.ec\/web\/wp-content\/uploads\/2020\/01\/82238187_458160198465914_4120820249186533376_o-2-1170x878.jpg 1170w, https:\/\/gadmuisne.gob.ec\/web\/wp-content\/uploads\/2020\/01\/82238187_458160198465914_4120820249186533376_o-2-1570x1178.jpg 1570w, https:\/\/gadmuisne.gob.ec\/web\/wp-content\/uploads\/2020\/01\/82238187_458160198465914_4120820249186533376_o-2.jpg 2048w\" sizes=\"auto, (max-width: 300px) 100vw, 300px\" \/><\/p>\r\n<p style=\"padding-left: 120px;\">Alcalde de Muisne contin\u00faan con las atenciones p\u00fablicas ciudadanas en los patios del edificio municipal esta decisi\u00f3n la tom\u00f3 el pasado lunes 6 de enero del a\u00f1o 2020 en la hora c\u00edvica, en la que manifest\u00f3 que esta decisi\u00f3n de atender a la ciudadan\u00eda fuera de la oficina de la alcald\u00eda fue una promesa de campa\u00f1a y que ahora la est\u00e1 cumpliendo.<\/p>\r\n\r\n\r\n\r\n<p style=\"text-align: left; padding-left: 120px;\">Esta iniciativa de que el alcalde Tairon Quintero Vera atienda al p\u00fablico fuera de su oficina ha sido considerada de manera positiva por parte de los ciudadanos y ciudadanas del cant\u00f3n Muisne, que acuden a las audiencias p\u00fablicas ciudadanas que por primera vez en la historia de Muisne un alcalde las realiza.<\/p>\r\n<figure style=\"padding-left: 120px;\">\r\n<figure style=\"padding-left: 120px;\"><\/figure>\r\n<\/figure>\r\n","protected":false},"excerpt":{"rendered":"<p>Alcalde de Muisne contin\u00faan con las atenciones p\u00fablicas ciudadanas en los patios del edificio municipal esta decisi\u00f3n la tom\u00f3 el pasado lunes 6 de enero del a\u00f1o 2020 en la hora c\u00edvica, en la que manifest\u00f3 que esta decisi\u00f3n de atender a la ciudadan\u00eda fuera de la oficina de la&#8230;<\/p>\n","protected":false},"author":1,"featured_media":1615,"comment_status":"closed","ping_status":"open","sticky":false,"template":"","format":"standard","meta":{"footnotes":""},"categories":[35],"tags":[],"class_list":["post-1628","post","type-post","status-publish","format-standard","has-post-thumbnail","hentry","category-actividades"],"_links":{"self":[{"href":"https:\/\/gadmuisne.gob.ec\/web\/wp-json\/wp\/v2\/posts\/1628","targetHints":{"allow":["GET"]}}],"collection":[{"href":"https:\/\/gadmuisne.gob.ec\/web\/wp-json\/wp\/v2\/posts"}],"about":[{"href":"https:\/\/gadmuisne.gob.ec\/web\/wp-json\/wp\/v2\/types\/post"}],"author":[{"embeddable":true,"href":"https:\/\/gadmuisne.gob.ec\/web\/wp-json\/wp\/v2\/users\/1"}],"replies":[{"embeddable":true,"href":"https:\/\/gadmuisne.gob.ec\/web\/wp-json\/wp\/v2\/comments?post=1628"}],"version-history":[{"count":13,"href":"https:\/\/gadmuisne.gob.ec\/web\/wp-json\/wp\/v2\/posts\/1628\/revisions"}],"predecessor-version":[{"id":1668,"href":"https:\/\/gadmuisne.gob.ec\/web\/wp-json\/wp\/v2\/posts\/1628\/revisions\/1668"}],"wp:featuredmedia":[{"embeddable":true,"href":"https:\/\/gadmuisne.gob.ec\/web\/wp-json\/wp\/v2\/media\/1615"}],"wp:attachment":[{"href":"https:\/\/gadmuisne.gob.ec\/web\/wp-json\/wp\/v2\/media?parent=1628"}],"wp:term":[{"taxonomy":"category","embeddable":true,"href":"https:\/\/gadmuisne.gob.ec\/web\/wp-json\/wp\/v2\/categories?post=1628"},{"taxonomy":"post_tag","embeddable":true,"href":"https:\/\/gadmuisne.gob.ec\/web\/wp-json\/wp\/v2\/tags?post=1628"}],"curies":[{"name":"wp","href":"https:\/\/api.w.org\/{rel}","templated":true}]}}