{"id":1639,"date":"2020-01-21T15:51:53","date_gmt":"2020-01-21T14:51:53","guid":{"rendered":"http:\/\/gadmuisne.gob.ec\/web\/?p=1639"},"modified":"2020-02-18T16:25:44","modified_gmt":"2020-02-18T15:25:44","slug":"convenios-de-obras-para-salima","status":"publish","type":"post","link":"https:\/\/gadmuisne.gob.ec\/web\/convenios-de-obras-para-salima\/","title":{"rendered":"Convenios de obras para Salima."},"content":{"rendered":"\r\n\r\n\r\n\r\n\r\n<p>Por motivo de la celebraci\u00f3n de los 58 de parroquializaci\u00f3n de Salima ubicada al sur del cant\u00f3n Muisne y provincia de Esmeraldas, el alcalde Tairon Quintero Vera presidi\u00f3 la sesi\u00f3n solemne, la misma que cont\u00f3 con la presencia de algunas autoridades locales y provinciales.<\/p>\r\n\r\n\r\n\r\n<p>El alcalde aprovech\u00f3 el momento para realizar la firma importantes convenios de obra social con el presidente del Gobierno Aut\u00f3nomo Descentralizado Parroquial Parroquial de Salima Joffre Esmeraldas.<\/p>\r\n\r\n\r\n\r\n<p>De acuerdo a lo manifestado por el alcalde Tairon Quintero Vera la firma de convenios, y que ir\u00e1n en beneficio de esta importante comunidad Muisne\u00f1a consiste en la regeneraci\u00f3n de la cabecera parroquial de Salima donde se construir\u00e1 el sistema de agua potable y el sistema integral del alcantarillado.<\/p>\r\n\r\n\r\n\r\n<p>Por su parte los moradores de esta comunidad expresaron su agradecimiento al alcalde por su apoyo a la parroquia Salima quien a trav\u00e9s de la firma de este convenio se ve reflejado esa preocupaci\u00f3n que hay por parte de la alcald\u00eda en llegar con la obra p\u00fablica para esta comunidad.<!--more--><\/p>\r\n","protected":false},"excerpt":{"rendered":"<p>Por motivo de la celebraci\u00f3n de los 58 de parroquializaci\u00f3n de Salima ubicada al sur del cant\u00f3n Muisne y provincia de Esmeraldas, el alcalde Tairon Quintero Vera presidi\u00f3 la sesi\u00f3n solemne, la misma que cont\u00f3 con la presencia de algunas autoridades locales y provinciales. El alcalde aprovech\u00f3 el momento para&#8230;<\/p>\n","protected":false},"author":1,"featured_media":0,"comment_status":"closed","ping_status":"open","sticky":false,"template":"","format":"standard","meta":{"footnotes":""},"categories":[35],"tags":[],"class_list":["post-1639","post","type-post","status-publish","format-standard","hentry","category-actividades"],"_links":{"self":[{"href":"https:\/\/gadmuisne.gob.ec\/web\/wp-json\/wp\/v2\/posts\/1639","targetHints":{"allow":["GET"]}}],"collection":[{"href":"https:\/\/gadmuisne.gob.ec\/web\/wp-json\/wp\/v2\/posts"}],"about":[{"href":"https:\/\/gadmuisne.gob.ec\/web\/wp-json\/wp\/v2\/types\/post"}],"author":[{"embeddable":true,"href":"https:\/\/gadmuisne.gob.ec\/web\/wp-json\/wp\/v2\/users\/1"}],"replies":[{"embeddable":true,"href":"https:\/\/gadmuisne.gob.ec\/web\/wp-json\/wp\/v2\/comments?post=1639"}],"version-history":[{"count":6,"href":"https:\/\/gadmuisne.gob.ec\/web\/wp-json\/wp\/v2\/posts\/1639\/revisions"}],"predecessor-version":[{"id":1690,"href":"https:\/\/gadmuisne.gob.ec\/web\/wp-json\/wp\/v2\/posts\/1639\/revisions\/1690"}],"wp:attachment":[{"href":"https:\/\/gadmuisne.gob.ec\/web\/wp-json\/wp\/v2\/media?parent=1639"}],"wp:term":[{"taxonomy":"category","embeddable":true,"href":"https:\/\/gadmuisne.gob.ec\/web\/wp-json\/wp\/v2\/categories?post=1639"},{"taxonomy":"post_tag","embeddable":true,"href":"https:\/\/gadmuisne.gob.ec\/web\/wp-json\/wp\/v2\/tags?post=1639"}],"curies":[{"name":"wp","href":"https:\/\/api.w.org\/{rel}","templated":true}]}}