{"id":1653,"date":"2020-01-21T17:47:08","date_gmt":"2020-01-21T16:47:08","guid":{"rendered":"http:\/\/gadmuisne.gob.ec\/web\/?p=1653"},"modified":"2020-02-18T16:24:30","modified_gmt":"2020-02-18T15:24:30","slug":"sesion-itinerante-de-concejo-en-portete","status":"publish","type":"post","link":"https:\/\/gadmuisne.gob.ec\/web\/sesion-itinerante-de-concejo-en-portete\/","title":{"rendered":"Sesi\u00f3n itinerante de concejo en Portete"},"content":{"rendered":"<div id=\"js_1oo\" class=\"_5pbx userContent _3576\" data-testid=\"post_message\" data-ft=\"{&quot;tn&quot;:&quot;K&quot;}\">\n<p>&nbsp;<\/p>\n<p>Con absoluta normalidad se desarroll\u00f3 la sesi\u00f3n itinerante de concejo en el recinto Portete perteneciente a la parroquia Bolivar, los moradores presentes aprovecharon para realizar sus tr\u00e1mites municipales en la feria ciudadana que se llev\u00f3 acabo de manera simult\u00e1nea.<\/p>\n<\/div>\n<p><!--more--><\/p>\n","protected":false},"excerpt":{"rendered":"<p>&nbsp; Con absoluta normalidad se desarroll\u00f3 la sesi\u00f3n itinerante de concejo en el recinto Portete perteneciente a la parroquia Bolivar, los moradores presentes aprovecharon para realizar sus tr\u00e1mites municipales en la feria ciudadana que se llev\u00f3 acabo de manera simult\u00e1nea.<\/p>\n","protected":false},"author":1,"featured_media":1654,"comment_status":"closed","ping_status":"open","sticky":false,"template":"","format":"image","meta":{"footnotes":""},"categories":[35],"tags":[],"class_list":["post-1653","post","type-post","status-publish","format-image","has-post-thumbnail","hentry","category-actividades","post_format-post-format-image"],"_links":{"self":[{"href":"https:\/\/gadmuisne.gob.ec\/web\/wp-json\/wp\/v2\/posts\/1653","targetHints":{"allow":["GET"]}}],"collection":[{"href":"https:\/\/gadmuisne.gob.ec\/web\/wp-json\/wp\/v2\/posts"}],"about":[{"href":"https:\/\/gadmuisne.gob.ec\/web\/wp-json\/wp\/v2\/types\/post"}],"author":[{"embeddable":true,"href":"https:\/\/gadmuisne.gob.ec\/web\/wp-json\/wp\/v2\/users\/1"}],"replies":[{"embeddable":true,"href":"https:\/\/gadmuisne.gob.ec\/web\/wp-json\/wp\/v2\/comments?post=1653"}],"version-history":[{"count":4,"href":"https:\/\/gadmuisne.gob.ec\/web\/wp-json\/wp\/v2\/posts\/1653\/revisions"}],"predecessor-version":[{"id":1689,"href":"https:\/\/gadmuisne.gob.ec\/web\/wp-json\/wp\/v2\/posts\/1653\/revisions\/1689"}],"wp:featuredmedia":[{"embeddable":true,"href":"https:\/\/gadmuisne.gob.ec\/web\/wp-json\/wp\/v2\/media\/1654"}],"wp:attachment":[{"href":"https:\/\/gadmuisne.gob.ec\/web\/wp-json\/wp\/v2\/media?parent=1653"}],"wp:term":[{"taxonomy":"category","embeddable":true,"href":"https:\/\/gadmuisne.gob.ec\/web\/wp-json\/wp\/v2\/categories?post=1653"},{"taxonomy":"post_tag","embeddable":true,"href":"https:\/\/gadmuisne.gob.ec\/web\/wp-json\/wp\/v2\/tags?post=1653"}],"curies":[{"name":"wp","href":"https:\/\/api.w.org\/{rel}","templated":true}]}}