{"id":16802,"date":"2025-10-21T15:43:02","date_gmt":"2025-10-21T20:43:02","guid":{"rendered":"https:\/\/gadmuisne.gob.ec\/web\/?p=16802"},"modified":"2025-10-21T15:43:02","modified_gmt":"2025-10-21T20:43:02","slug":"yuri-colorado-asume-oficialmente-la-presidencia-nacional-de-la-ame-junto-al-nuevo-directorio-nacional-en-un-hecho-historico-para-el-municipalismo-ecuatoriano-la-alcaldesa-de-muisne-yuri-colorado-m","status":"publish","type":"post","link":"https:\/\/gadmuisne.gob.ec\/web\/yuri-colorado-asume-oficialmente-la-presidencia-nacional-de-la-ame-junto-al-nuevo-directorio-nacional-en-un-hecho-historico-para-el-municipalismo-ecuatoriano-la-alcaldesa-de-muisne-yuri-colorado-m\/","title":{"rendered":"Yuri Colorado asume oficialmente la presidencia nacional de la AME junto al nuevo Directorio Nacional.  En un hecho hist\u00f3rico para el municipalismo ecuatoriano, la alcaldesa de Muisne, Yuri Colorado M\u00e1rquez, tom\u00f3 posesi\u00f3n como presidenta nacional de la Asociaci\u00f3n de Municipalidades Ecuatorianas (AME),"},"content":{"rendered":"<div class=\"xdj266r x14z9mp xat24cr x1lziwak x1vvkbs x126k92a\">\n<div dir=\"auto\" style=\"text-align: justify;\">Yuri Colorado asume oficialmente la presidencia nacional de la AME junto al nuevo Directorio Nacional<\/div>\n<\/div>\n<div class=\"x14z9mp xat24cr x1lziwak x1vvkbs xtlvy1s x126k92a\" style=\"text-align: justify;\">\n<div dir=\"auto\">En un hecho hist\u00f3rico para el municipalismo ecuatoriano, la alcaldesa de Muisne, Yuri Colorado M\u00e1rquez, tom\u00f3 posesi\u00f3n como presidenta nacional de la Asociaci\u00f3n de Municipalidades Ecuatorianas (AME), acompa\u00f1ada por los integrantes del nuevo Directorio Nacional, en la sede institucional de Quito.<\/div>\n<div dir=\"auto\"><\/div>\n<\/div>\n<div class=\"x14z9mp xat24cr x1lziwak x1vvkbs xtlvy1s x126k92a\" style=\"text-align: justify;\">\n<div dir=\"auto\">Esta nueva administraci\u00f3n, elegida por la mayor\u00eda de alcaldes y alcaldesas del pa\u00eds, marca el inicio de una etapa basada en la unidad, la transparencia y el fortalecimiento institucional de los gobiernos locales.<\/div>\n<\/div>\n<div class=\"x14z9mp xat24cr x1lziwak x1vvkbs xtlvy1s x126k92a\">\n<div dir=\"auto\" style=\"text-align: justify;\"><span class=\"html-span xexx8yu xyri2b x18d9i69 x1c1uobl x1hl2dhg x16tdsg8 x1vvkbs x3nfvp2 x1j61x8r x1fcty0u xdj266r xat24cr xm2jcoa x1mpyi22 xxymvpz xlup9mm x1kky2od\"><img loading=\"lazy\" decoding=\"async\" class=\"xz74otr x15mokao x1ga7v0g x16uus16 xbiv7yw\" src=\"https:\/\/static.xx.fbcdn.net\/images\/emoji.php\/v9\/tf4\/1\/16\/2728.png\" alt=\"\u2728\" width=\"16\" height=\"16\" \/><\/span>Bajo el liderazgo de Yuri Colorado, el Directorio Nacional trabajar\u00e1 por el desarrollo territorial, la gesti\u00f3n eficiente y la defensa de los intereses de los 222 municipios del Ecuador.<\/div>\n<div dir=\"auto\"><img loading=\"lazy\" decoding=\"async\" class=\"alignnone size-medium wp-image-16807\" src=\"https:\/\/gadmuisne.gob.ec\/web\/wp-content\/uploads\/2025\/10\/569105730_741851635579058_2230238653311638458_n-300x172.jpg\" alt=\"\" width=\"300\" height=\"172\" srcset=\"https:\/\/gadmuisne.gob.ec\/web\/wp-content\/uploads\/2025\/10\/569105730_741851635579058_2230238653311638458_n-300x172.jpg 300w, https:\/\/gadmuisne.gob.ec\/web\/wp-content\/uploads\/2025\/10\/569105730_741851635579058_2230238653311638458_n-1024x585.jpg 1024w, https:\/\/gadmuisne.gob.ec\/web\/wp-content\/uploads\/2025\/10\/569105730_741851635579058_2230238653311638458_n-768x439.jpg 768w, https:\/\/gadmuisne.gob.ec\/web\/wp-content\/uploads\/2025\/10\/569105730_741851635579058_2230238653311638458_n-270x154.jpg 270w, https:\/\/gadmuisne.gob.ec\/web\/wp-content\/uploads\/2025\/10\/569105730_741851635579058_2230238653311638458_n-370x212.jpg 370w, https:\/\/gadmuisne.gob.ec\/web\/wp-content\/uploads\/2025\/10\/569105730_741851635579058_2230238653311638458_n-570x326.jpg 570w, https:\/\/gadmuisne.gob.ec\/web\/wp-content\/uploads\/2025\/10\/569105730_741851635579058_2230238653311638458_n-770x440.jpg 770w, https:\/\/gadmuisne.gob.ec\/web\/wp-content\/uploads\/2025\/10\/569105730_741851635579058_2230238653311638458_n-870x497.jpg 870w, https:\/\/gadmuisne.gob.ec\/web\/wp-content\/uploads\/2025\/10\/569105730_741851635579058_2230238653311638458_n-1170x669.jpg 1170w, https:\/\/gadmuisne.gob.ec\/web\/wp-content\/uploads\/2025\/10\/569105730_741851635579058_2230238653311638458_n.jpg 1172w\" sizes=\"auto, (max-width: 300px) 100vw, 300px\" \/><img loading=\"lazy\" decoding=\"async\" class=\"alignnone size-medium wp-image-16805\" src=\"https:\/\/gadmuisne.gob.ec\/web\/wp-content\/uploads\/2025\/10\/565640322_741635318934023_5638049645672241296_n-1-300x225.jpg\" alt=\"\" width=\"300\" height=\"225\" srcset=\"https:\/\/gadmuisne.gob.ec\/web\/wp-content\/uploads\/2025\/10\/565640322_741635318934023_5638049645672241296_n-1-300x225.jpg 300w, https:\/\/gadmuisne.gob.ec\/web\/wp-content\/uploads\/2025\/10\/565640322_741635318934023_5638049645672241296_n-1-1024x768.jpg 1024w, https:\/\/gadmuisne.gob.ec\/web\/wp-content\/uploads\/2025\/10\/565640322_741635318934023_5638049645672241296_n-1-768x576.jpg 768w, https:\/\/gadmuisne.gob.ec\/web\/wp-content\/uploads\/2025\/10\/565640322_741635318934023_5638049645672241296_n-1-270x203.jpg 270w, https:\/\/gadmuisne.gob.ec\/web\/wp-content\/uploads\/2025\/10\/565640322_741635318934023_5638049645672241296_n-1-370x278.jpg 370w, https:\/\/gadmuisne.gob.ec\/web\/wp-content\/uploads\/2025\/10\/565640322_741635318934023_5638049645672241296_n-1-570x428.jpg 570w, https:\/\/gadmuisne.gob.ec\/web\/wp-content\/uploads\/2025\/10\/565640322_741635318934023_5638049645672241296_n-1-770x578.jpg 770w, https:\/\/gadmuisne.gob.ec\/web\/wp-content\/uploads\/2025\/10\/565640322_741635318934023_5638049645672241296_n-1-870x653.jpg 870w, https:\/\/gadmuisne.gob.ec\/web\/wp-content\/uploads\/2025\/10\/565640322_741635318934023_5638049645672241296_n-1-1170x878.jpg 1170w, https:\/\/gadmuisne.gob.ec\/web\/wp-content\/uploads\/2025\/10\/565640322_741635318934023_5638049645672241296_n-1.jpg 1280w\" sizes=\"auto, (max-width: 300px) 100vw, 300px\" \/><img loading=\"lazy\" decoding=\"async\" class=\"alignnone size-medium wp-image-16806\" src=\"https:\/\/gadmuisne.gob.ec\/web\/wp-content\/uploads\/2025\/10\/565667906_741824022248486_5298580713502294712_n-300x200.jpg\" alt=\"\" width=\"300\" height=\"200\" srcset=\"https:\/\/gadmuisne.gob.ec\/web\/wp-content\/uploads\/2025\/10\/565667906_741824022248486_5298580713502294712_n-300x200.jpg 300w, https:\/\/gadmuisne.gob.ec\/web\/wp-content\/uploads\/2025\/10\/565667906_741824022248486_5298580713502294712_n-1024x683.jpg 1024w, https:\/\/gadmuisne.gob.ec\/web\/wp-content\/uploads\/2025\/10\/565667906_741824022248486_5298580713502294712_n-768x512.jpg 768w, https:\/\/gadmuisne.gob.ec\/web\/wp-content\/uploads\/2025\/10\/565667906_741824022248486_5298580713502294712_n-270x180.jpg 270w, https:\/\/gadmuisne.gob.ec\/web\/wp-content\/uploads\/2025\/10\/565667906_741824022248486_5298580713502294712_n-370x247.jpg 370w, https:\/\/gadmuisne.gob.ec\/web\/wp-content\/uploads\/2025\/10\/565667906_741824022248486_5298580713502294712_n-570x380.jpg 570w, https:\/\/gadmuisne.gob.ec\/web\/wp-content\/uploads\/2025\/10\/565667906_741824022248486_5298580713502294712_n-770x513.jpg 770w, https:\/\/gadmuisne.gob.ec\/web\/wp-content\/uploads\/2025\/10\/565667906_741824022248486_5298580713502294712_n-870x580.jpg 870w, https:\/\/gadmuisne.gob.ec\/web\/wp-content\/uploads\/2025\/10\/565667906_741824022248486_5298580713502294712_n.jpg 1032w\" sizes=\"auto, (max-width: 300px) 100vw, 300px\" \/><img loading=\"lazy\" decoding=\"async\" class=\"alignnone size-medium wp-image-16804\" src=\"https:\/\/gadmuisne.gob.ec\/web\/wp-content\/uploads\/2025\/10\/565625315_741826608914894_5052872870194286493_n-300x200.jpg\" alt=\"\" width=\"300\" height=\"200\" srcset=\"https:\/\/gadmuisne.gob.ec\/web\/wp-content\/uploads\/2025\/10\/565625315_741826608914894_5052872870194286493_n-300x200.jpg 300w, https:\/\/gadmuisne.gob.ec\/web\/wp-content\/uploads\/2025\/10\/565625315_741826608914894_5052872870194286493_n-1024x683.jpg 1024w, https:\/\/gadmuisne.gob.ec\/web\/wp-content\/uploads\/2025\/10\/565625315_741826608914894_5052872870194286493_n-768x512.jpg 768w, https:\/\/gadmuisne.gob.ec\/web\/wp-content\/uploads\/2025\/10\/565625315_741826608914894_5052872870194286493_n-270x180.jpg 270w, https:\/\/gadmuisne.gob.ec\/web\/wp-content\/uploads\/2025\/10\/565625315_741826608914894_5052872870194286493_n-370x247.jpg 370w, https:\/\/gadmuisne.gob.ec\/web\/wp-content\/uploads\/2025\/10\/565625315_741826608914894_5052872870194286493_n-570x380.jpg 570w, https:\/\/gadmuisne.gob.ec\/web\/wp-content\/uploads\/2025\/10\/565625315_741826608914894_5052872870194286493_n-770x513.jpg 770w, https:\/\/gadmuisne.gob.ec\/web\/wp-content\/uploads\/2025\/10\/565625315_741826608914894_5052872870194286493_n-870x580.jpg 870w, https:\/\/gadmuisne.gob.ec\/web\/wp-content\/uploads\/2025\/10\/565625315_741826608914894_5052872870194286493_n.jpg 1032w\" sizes=\"auto, (max-width: 300px) 100vw, 300px\" \/><img loading=\"lazy\" decoding=\"async\" class=\"alignnone size-medium wp-image-16795\" src=\"https:\/\/gadmuisne.gob.ec\/web\/wp-content\/uploads\/2025\/10\/564628538_741635315600690_4713606523043618828_n-300x225.jpg\" alt=\"\" width=\"300\" height=\"225\" srcset=\"https:\/\/gadmuisne.gob.ec\/web\/wp-content\/uploads\/2025\/10\/564628538_741635315600690_4713606523043618828_n-300x225.jpg 300w, https:\/\/gadmuisne.gob.ec\/web\/wp-content\/uploads\/2025\/10\/564628538_741635315600690_4713606523043618828_n-1024x767.jpg 1024w, https:\/\/gadmuisne.gob.ec\/web\/wp-content\/uploads\/2025\/10\/564628538_741635315600690_4713606523043618828_n-768x575.jpg 768w, https:\/\/gadmuisne.gob.ec\/web\/wp-content\/uploads\/2025\/10\/564628538_741635315600690_4713606523043618828_n-270x202.jpg 270w, https:\/\/gadmuisne.gob.ec\/web\/wp-content\/uploads\/2025\/10\/564628538_741635315600690_4713606523043618828_n-370x277.jpg 370w, https:\/\/gadmuisne.gob.ec\/web\/wp-content\/uploads\/2025\/10\/564628538_741635315600690_4713606523043618828_n-570x427.jpg 570w, https:\/\/gadmuisne.gob.ec\/web\/wp-content\/uploads\/2025\/10\/564628538_741635315600690_4713606523043618828_n-770x577.jpg 770w, https:\/\/gadmuisne.gob.ec\/web\/wp-content\/uploads\/2025\/10\/564628538_741635315600690_4713606523043618828_n-870x652.jpg 870w, https:\/\/gadmuisne.gob.ec\/web\/wp-content\/uploads\/2025\/10\/564628538_741635315600690_4713606523043618828_n-1170x877.jpg 1170w, https:\/\/gadmuisne.gob.ec\/web\/wp-content\/uploads\/2025\/10\/564628538_741635315600690_4713606523043618828_n.jpg 1280w\" sizes=\"auto, (max-width: 300px) 100vw, 300px\" \/><img loading=\"lazy\" decoding=\"async\" class=\"alignnone size-medium wp-image-16794\" src=\"https:\/\/gadmuisne.gob.ec\/web\/wp-content\/uploads\/2025\/10\/514279965_741635308934024_4640464400548404999_n-300x225.jpg\" alt=\"\" width=\"300\" height=\"225\" srcset=\"https:\/\/gadmuisne.gob.ec\/web\/wp-content\/uploads\/2025\/10\/514279965_741635308934024_4640464400548404999_n-300x225.jpg 300w, https:\/\/gadmuisne.gob.ec\/web\/wp-content\/uploads\/2025\/10\/514279965_741635308934024_4640464400548404999_n-1024x767.jpg 1024w, https:\/\/gadmuisne.gob.ec\/web\/wp-content\/uploads\/2025\/10\/514279965_741635308934024_4640464400548404999_n-768x575.jpg 768w, https:\/\/gadmuisne.gob.ec\/web\/wp-content\/uploads\/2025\/10\/514279965_741635308934024_4640464400548404999_n-270x202.jpg 270w, https:\/\/gadmuisne.gob.ec\/web\/wp-content\/uploads\/2025\/10\/514279965_741635308934024_4640464400548404999_n-370x277.jpg 370w, https:\/\/gadmuisne.gob.ec\/web\/wp-content\/uploads\/2025\/10\/514279965_741635308934024_4640464400548404999_n-570x427.jpg 570w, https:\/\/gadmuisne.gob.ec\/web\/wp-content\/uploads\/2025\/10\/514279965_741635308934024_4640464400548404999_n-770x577.jpg 770w, https:\/\/gadmuisne.gob.ec\/web\/wp-content\/uploads\/2025\/10\/514279965_741635308934024_4640464400548404999_n-870x652.jpg 870w, https:\/\/gadmuisne.gob.ec\/web\/wp-content\/uploads\/2025\/10\/514279965_741635308934024_4640464400548404999_n-1170x877.jpg 1170w, https:\/\/gadmuisne.gob.ec\/web\/wp-content\/uploads\/2025\/10\/514279965_741635308934024_4640464400548404999_n.jpg 1280w\" sizes=\"auto, (max-width: 300px) 100vw, 300px\" \/><\/div>\n<\/div>\n","protected":false},"excerpt":{"rendered":"<p>Yuri Colorado asume oficialmente la presidencia nacional de la AME junto al nuevo Directorio Nacional En un hecho hist\u00f3rico para el municipalismo ecuatoriano, la alcaldesa de Muisne, Yuri Colorado M\u00e1rquez, tom\u00f3 posesi\u00f3n como presidenta nacional de la Asociaci\u00f3n de Municipalidades Ecuatorianas (AME), acompa\u00f1ada por los integrantes del nuevo Directorio Nacional,&#8230;<\/p>\n","protected":false},"author":4,"featured_media":16805,"comment_status":"closed","ping_status":"open","sticky":false,"template":"","format":"standard","meta":{"footnotes":""},"categories":[35],"tags":[],"class_list":["post-16802","post","type-post","status-publish","format-standard","has-post-thumbnail","hentry","category-actividades"],"_links":{"self":[{"href":"https:\/\/gadmuisne.gob.ec\/web\/wp-json\/wp\/v2\/posts\/16802","targetHints":{"allow":["GET"]}}],"collection":[{"href":"https:\/\/gadmuisne.gob.ec\/web\/wp-json\/wp\/v2\/posts"}],"about":[{"href":"https:\/\/gadmuisne.gob.ec\/web\/wp-json\/wp\/v2\/types\/post"}],"author":[{"embeddable":true,"href":"https:\/\/gadmuisne.gob.ec\/web\/wp-json\/wp\/v2\/users\/4"}],"replies":[{"embeddable":true,"href":"https:\/\/gadmuisne.gob.ec\/web\/wp-json\/wp\/v2\/comments?post=16802"}],"version-history":[{"count":1,"href":"https:\/\/gadmuisne.gob.ec\/web\/wp-json\/wp\/v2\/posts\/16802\/revisions"}],"predecessor-version":[{"id":16808,"href":"https:\/\/gadmuisne.gob.ec\/web\/wp-json\/wp\/v2\/posts\/16802\/revisions\/16808"}],"wp:featuredmedia":[{"embeddable":true,"href":"https:\/\/gadmuisne.gob.ec\/web\/wp-json\/wp\/v2\/media\/16805"}],"wp:attachment":[{"href":"https:\/\/gadmuisne.gob.ec\/web\/wp-json\/wp\/v2\/media?parent=16802"}],"wp:term":[{"taxonomy":"category","embeddable":true,"href":"https:\/\/gadmuisne.gob.ec\/web\/wp-json\/wp\/v2\/categories?post=16802"},{"taxonomy":"post_tag","embeddable":true,"href":"https:\/\/gadmuisne.gob.ec\/web\/wp-json\/wp\/v2\/tags?post=16802"}],"curies":[{"name":"wp","href":"https:\/\/api.w.org\/{rel}","templated":true}]}}