{"id":1681,"date":"2020-01-22T19:53:17","date_gmt":"2020-01-22T18:53:17","guid":{"rendered":"http:\/\/gadmuisne.gob.ec\/web\/?p=1681"},"modified":"2020-01-23T17:50:08","modified_gmt":"2020-01-23T16:50:08","slug":"capacitacion-de-gestion-de-riesgos","status":"publish","type":"post","link":"https:\/\/gadmuisne.gob.ec\/web\/capacitacion-de-gestion-de-riesgos\/","title":{"rendered":"Capacitaci\u00f3n de Gesti\u00f3n de Riesgos"},"content":{"rendered":"<p><img loading=\"lazy\" decoding=\"async\" class=\" wp-image-1683 alignleft\" src=\"http:\/\/gadmuisne.gob.ec\/web\/wp-content\/uploads\/2020\/01\/83693410_464830024465598_2863190066128224256_o-1-300x169.jpg\" alt=\"\" width=\"502\" height=\"283\" srcset=\"https:\/\/gadmuisne.gob.ec\/web\/wp-content\/uploads\/2020\/01\/83693410_464830024465598_2863190066128224256_o-1-300x169.jpg 300w, https:\/\/gadmuisne.gob.ec\/web\/wp-content\/uploads\/2020\/01\/83693410_464830024465598_2863190066128224256_o-1-768x432.jpg 768w, https:\/\/gadmuisne.gob.ec\/web\/wp-content\/uploads\/2020\/01\/83693410_464830024465598_2863190066128224256_o-1-1024x576.jpg 1024w, https:\/\/gadmuisne.gob.ec\/web\/wp-content\/uploads\/2020\/01\/83693410_464830024465598_2863190066128224256_o-1-270x152.jpg 270w, https:\/\/gadmuisne.gob.ec\/web\/wp-content\/uploads\/2020\/01\/83693410_464830024465598_2863190066128224256_o-1-370x208.jpg 370w, https:\/\/gadmuisne.gob.ec\/web\/wp-content\/uploads\/2020\/01\/83693410_464830024465598_2863190066128224256_o-1-570x321.jpg 570w, https:\/\/gadmuisne.gob.ec\/web\/wp-content\/uploads\/2020\/01\/83693410_464830024465598_2863190066128224256_o-1-770x433.jpg 770w, https:\/\/gadmuisne.gob.ec\/web\/wp-content\/uploads\/2020\/01\/83693410_464830024465598_2863190066128224256_o-1-870x489.jpg 870w, https:\/\/gadmuisne.gob.ec\/web\/wp-content\/uploads\/2020\/01\/83693410_464830024465598_2863190066128224256_o-1-1170x658.jpg 1170w, https:\/\/gadmuisne.gob.ec\/web\/wp-content\/uploads\/2020\/01\/83693410_464830024465598_2863190066128224256_o-1-1570x883.jpg 1570w, https:\/\/gadmuisne.gob.ec\/web\/wp-content\/uploads\/2020\/01\/83693410_464830024465598_2863190066128224256_o-1.jpg 1920w\" sizes=\"auto, (max-width: 502px) 100vw, 502px\" \/>T\u00e9cnicos de Gesti\u00f3n de Riesgo de la coordinaci\u00f3n zonal 1 capacitaron al personal del Municipio de Muisne sobre c\u00f3mo se debe utilizar el manual del Comit\u00e9 de Operaciones de Emergencia.<\/p>\n<p>De acuerdo al t\u00e9cnico de gesti\u00f3n de Riesgo este manual debe de ser utilizado por parte del se\u00f1or alcalde, en caso de presentarse alguna emergencia ante un evento adverso en el que todos debemos estar preparados.<\/p>\n<p>Por ello se ha socializado con el alcalde junto a los directores y jefes departamentales los ejercicios sobre simulacro de evacuaci\u00f3n que se desarrollara el pr\u00f3ximo 31 de enero del 2020 a partir de la 10 de la ma\u00f1ana.<\/p>\n<p>Seg\u00fan lo manifestado Jos\u00e9 Michelena t\u00e9cnico de Riesgo de la zonal 1, este evento se lo realiza con la finalidad de medir nivel de la poblaci\u00f3n y la respuesta de las instituciones en territorios ante un evento adverso.<\/p>\n<p>En este evento participaran todos los niveles de gobierno, como como municipios, Gobiernos provinciales, y gobiernos parroquiales adem\u00e1s se van activar 19 cantones, 6 provincias y el centro de mando que estar\u00e1 ubicado en Atacames.<\/p>\n","protected":false},"excerpt":{"rendered":"<p>T\u00e9cnicos de Gesti\u00f3n de Riesgo de la coordinaci\u00f3n zonal 1 capacitaron al personal del Municipio de Muisne sobre c\u00f3mo se debe utilizar el manual del Comit\u00e9 de Operaciones de Emergencia. De acuerdo al t\u00e9cnico de gesti\u00f3n de Riesgo este manual debe de ser utilizado por parte del se\u00f1or alcalde, en&#8230;<\/p>\n","protected":false},"author":1,"featured_media":1683,"comment_status":"closed","ping_status":"open","sticky":false,"template":"","format":"standard","meta":{"footnotes":""},"categories":[35],"tags":[],"class_list":["post-1681","post","type-post","status-publish","format-standard","has-post-thumbnail","hentry","category-actividades"],"_links":{"self":[{"href":"https:\/\/gadmuisne.gob.ec\/web\/wp-json\/wp\/v2\/posts\/1681","targetHints":{"allow":["GET"]}}],"collection":[{"href":"https:\/\/gadmuisne.gob.ec\/web\/wp-json\/wp\/v2\/posts"}],"about":[{"href":"https:\/\/gadmuisne.gob.ec\/web\/wp-json\/wp\/v2\/types\/post"}],"author":[{"embeddable":true,"href":"https:\/\/gadmuisne.gob.ec\/web\/wp-json\/wp\/v2\/users\/1"}],"replies":[{"embeddable":true,"href":"https:\/\/gadmuisne.gob.ec\/web\/wp-json\/wp\/v2\/comments?post=1681"}],"version-history":[{"count":3,"href":"https:\/\/gadmuisne.gob.ec\/web\/wp-json\/wp\/v2\/posts\/1681\/revisions"}],"predecessor-version":[{"id":1686,"href":"https:\/\/gadmuisne.gob.ec\/web\/wp-json\/wp\/v2\/posts\/1681\/revisions\/1686"}],"wp:featuredmedia":[{"embeddable":true,"href":"https:\/\/gadmuisne.gob.ec\/web\/wp-json\/wp\/v2\/media\/1683"}],"wp:attachment":[{"href":"https:\/\/gadmuisne.gob.ec\/web\/wp-json\/wp\/v2\/media?parent=1681"}],"wp:term":[{"taxonomy":"category","embeddable":true,"href":"https:\/\/gadmuisne.gob.ec\/web\/wp-json\/wp\/v2\/categories?post=1681"},{"taxonomy":"post_tag","embeddable":true,"href":"https:\/\/gadmuisne.gob.ec\/web\/wp-json\/wp\/v2\/tags?post=1681"}],"curies":[{"name":"wp","href":"https:\/\/api.w.org\/{rel}","templated":true}]}}