{"id":16812,"date":"2025-10-21T15:47:45","date_gmt":"2025-10-21T20:47:45","guid":{"rendered":"https:\/\/gadmuisne.gob.ec\/web\/?p=16812"},"modified":"2025-10-21T15:48:14","modified_gmt":"2025-10-21T20:48:14","slug":"presidenta-de-la-ame-en-reunion-con-ministra-de-gobierno-para-articular-trabajo-con-municipios-del-pais","status":"publish","type":"post","link":"https:\/\/gadmuisne.gob.ec\/web\/presidenta-de-la-ame-en-reunion-con-ministra-de-gobierno-para-articular-trabajo-con-municipios-del-pais\/","title":{"rendered":"Presidenta de la AME en reuni\u00f3n con ministra de Gobierno para art\u00edcular trabajo con municipios del pa\u00eds."},"content":{"rendered":"<div class=\"xdj266r x14z9mp xat24cr x1lziwak x1vvkbs x126k92a\">\n<div dir=\"auto\" style=\"text-align: justify;\">Presidenta de la AME en reuni\u00f3n con ministra de Gobierno para articular trabajo con municipios del pa\u00eds.<\/div>\n<\/div>\n<div class=\"x14z9mp xat24cr x1lziwak x1vvkbs xtlvy1s x126k92a\" style=\"text-align: justify;\">\n<div dir=\"auto\">La alcaldesa de Muisne y presidenta nacional de la Asociaci\u00f3n de Municipalidades Ecuatorianas (AME), Yuri Colorado M\u00e1rquez, sostuvo una reuni\u00f3n estrat\u00e9gica con la ministra de Gobierno, Zaida Rovira, para fortalecer la articulaci\u00f3n entre los 222 municipios del pa\u00eds y el Gobierno del presidente Daniel Noboa Az\u00edn.<\/div>\n<div dir=\"auto\"><\/div>\n<\/div>\n<div class=\"x14z9mp xat24cr x1lziwak x1vvkbs xtlvy1s x126k92a\">\n<div dir=\"auto\" style=\"text-align: justify;\">Esta coordinaci\u00f3n marca un paso importante hacia un municipalismo m\u00e1s unido, eficiente y comprometido con el bienestar ciudadano.<\/div>\n<div dir=\"auto\"><img loading=\"lazy\" decoding=\"async\" class=\"alignnone size-medium wp-image-16813\" src=\"https:\/\/gadmuisne.gob.ec\/web\/wp-content\/uploads\/2025\/10\/569112118_742595138838041_5091173582075897502_n-1-300x300.jpg\" alt=\"\" width=\"300\" height=\"300\" srcset=\"https:\/\/gadmuisne.gob.ec\/web\/wp-content\/uploads\/2025\/10\/569112118_742595138838041_5091173582075897502_n-1-300x300.jpg 300w, https:\/\/gadmuisne.gob.ec\/web\/wp-content\/uploads\/2025\/10\/569112118_742595138838041_5091173582075897502_n-1-1024x1024.jpg 1024w, https:\/\/gadmuisne.gob.ec\/web\/wp-content\/uploads\/2025\/10\/569112118_742595138838041_5091173582075897502_n-1-150x150.jpg 150w, https:\/\/gadmuisne.gob.ec\/web\/wp-content\/uploads\/2025\/10\/569112118_742595138838041_5091173582075897502_n-1-768x768.jpg 768w, https:\/\/gadmuisne.gob.ec\/web\/wp-content\/uploads\/2025\/10\/569112118_742595138838041_5091173582075897502_n-1-70x70.jpg 70w, https:\/\/gadmuisne.gob.ec\/web\/wp-content\/uploads\/2025\/10\/569112118_742595138838041_5091173582075897502_n-1-270x270.jpg 270w, https:\/\/gadmuisne.gob.ec\/web\/wp-content\/uploads\/2025\/10\/569112118_742595138838041_5091173582075897502_n-1-370x370.jpg 370w, https:\/\/gadmuisne.gob.ec\/web\/wp-content\/uploads\/2025\/10\/569112118_742595138838041_5091173582075897502_n-1-570x570.jpg 570w, https:\/\/gadmuisne.gob.ec\/web\/wp-content\/uploads\/2025\/10\/569112118_742595138838041_5091173582075897502_n-1-770x770.jpg 770w, https:\/\/gadmuisne.gob.ec\/web\/wp-content\/uploads\/2025\/10\/569112118_742595138838041_5091173582075897502_n-1-870x870.jpg 870w, https:\/\/gadmuisne.gob.ec\/web\/wp-content\/uploads\/2025\/10\/569112118_742595138838041_5091173582075897502_n-1-1170x1170.jpg 1170w, https:\/\/gadmuisne.gob.ec\/web\/wp-content\/uploads\/2025\/10\/569112118_742595138838041_5091173582075897502_n-1.jpg 1280w\" sizes=\"auto, (max-width: 300px) 100vw, 300px\" \/><\/div>\n<\/div>\n","protected":false},"excerpt":{"rendered":"<p>Presidenta de la AME en reuni\u00f3n con ministra de Gobierno para articular trabajo con municipios del pa\u00eds. La alcaldesa de Muisne y presidenta nacional de la Asociaci\u00f3n de Municipalidades Ecuatorianas (AME), Yuri Colorado M\u00e1rquez, sostuvo una reuni\u00f3n estrat\u00e9gica con la ministra de Gobierno, Zaida Rovira, para fortalecer la articulaci\u00f3n entre&#8230;<\/p>\n","protected":false},"author":4,"featured_media":16813,"comment_status":"closed","ping_status":"open","sticky":false,"template":"","format":"standard","meta":{"footnotes":""},"categories":[35],"tags":[],"class_list":["post-16812","post","type-post","status-publish","format-standard","has-post-thumbnail","hentry","category-actividades"],"_links":{"self":[{"href":"https:\/\/gadmuisne.gob.ec\/web\/wp-json\/wp\/v2\/posts\/16812","targetHints":{"allow":["GET"]}}],"collection":[{"href":"https:\/\/gadmuisne.gob.ec\/web\/wp-json\/wp\/v2\/posts"}],"about":[{"href":"https:\/\/gadmuisne.gob.ec\/web\/wp-json\/wp\/v2\/types\/post"}],"author":[{"embeddable":true,"href":"https:\/\/gadmuisne.gob.ec\/web\/wp-json\/wp\/v2\/users\/4"}],"replies":[{"embeddable":true,"href":"https:\/\/gadmuisne.gob.ec\/web\/wp-json\/wp\/v2\/comments?post=16812"}],"version-history":[{"count":1,"href":"https:\/\/gadmuisne.gob.ec\/web\/wp-json\/wp\/v2\/posts\/16812\/revisions"}],"predecessor-version":[{"id":16814,"href":"https:\/\/gadmuisne.gob.ec\/web\/wp-json\/wp\/v2\/posts\/16812\/revisions\/16814"}],"wp:featuredmedia":[{"embeddable":true,"href":"https:\/\/gadmuisne.gob.ec\/web\/wp-json\/wp\/v2\/media\/16813"}],"wp:attachment":[{"href":"https:\/\/gadmuisne.gob.ec\/web\/wp-json\/wp\/v2\/media?parent=16812"}],"wp:term":[{"taxonomy":"category","embeddable":true,"href":"https:\/\/gadmuisne.gob.ec\/web\/wp-json\/wp\/v2\/categories?post=16812"},{"taxonomy":"post_tag","embeddable":true,"href":"https:\/\/gadmuisne.gob.ec\/web\/wp-json\/wp\/v2\/tags?post=16812"}],"curies":[{"name":"wp","href":"https:\/\/api.w.org\/{rel}","templated":true}]}}