{"id":1692,"date":"2020-02-18T16:42:23","date_gmt":"2020-02-18T15:42:23","guid":{"rendered":"http:\/\/gadmuisne.gob.ec\/web\/?p=1692"},"modified":"2020-02-18T17:26:56","modified_gmt":"2020-02-18T16:26:56","slug":"cursos-vacacionales","status":"publish","type":"post","link":"https:\/\/gadmuisne.gob.ec\/web\/cursos-vacacionales\/","title":{"rendered":"Departamento de Cultura inaugur\u00f3 Cursos vacacionales"},"content":{"rendered":"<div class=\"wpb-content-wrapper\"><p>[vc_row][vc_column][vc_column_text]<img loading=\"lazy\" decoding=\"async\" class=\"wp-image-1693 alignleft\" src=\"http:\/\/gadmuisne.gob.ec\/web\/wp-content\/uploads\/2020\/02\/BCG09355-300x169.jpg\" alt=\"\" width=\"459\" height=\"259\" srcset=\"https:\/\/gadmuisne.gob.ec\/web\/wp-content\/uploads\/2020\/02\/BCG09355-300x169.jpg 300w, https:\/\/gadmuisne.gob.ec\/web\/wp-content\/uploads\/2020\/02\/BCG09355-768x432.jpg 768w, https:\/\/gadmuisne.gob.ec\/web\/wp-content\/uploads\/2020\/02\/BCG09355-1024x576.jpg 1024w, https:\/\/gadmuisne.gob.ec\/web\/wp-content\/uploads\/2020\/02\/BCG09355-270x152.jpg 270w, https:\/\/gadmuisne.gob.ec\/web\/wp-content\/uploads\/2020\/02\/BCG09355-370x208.jpg 370w, https:\/\/gadmuisne.gob.ec\/web\/wp-content\/uploads\/2020\/02\/BCG09355-570x321.jpg 570w, https:\/\/gadmuisne.gob.ec\/web\/wp-content\/uploads\/2020\/02\/BCG09355-770x433.jpg 770w, https:\/\/gadmuisne.gob.ec\/web\/wp-content\/uploads\/2020\/02\/BCG09355-870x490.jpg 870w, https:\/\/gadmuisne.gob.ec\/web\/wp-content\/uploads\/2020\/02\/BCG09355-1170x658.jpg 1170w, https:\/\/gadmuisne.gob.ec\/web\/wp-content\/uploads\/2020\/02\/BCG09355-1570x883.jpg 1570w\" sizes=\"auto, (max-width: 459px) 100vw, 459px\" \/><\/p>\n<p style=\"text-align: justify;\">La\u00a0 alcald\u00eda\u00a0 de\u00a0 Muisne\u00a0 que\u00a0 dirige\u00a0 \u00a0Tairon Quintero\u00a0 Vera a\u00a0 trav\u00e9s del Departamento de Cultura y\u00a0 Deportes\u00a0 procedi\u00f3\u00a0 este lunes 17 de febrero\u00a0 del\u00a0 2020\u00a0 a\u00a0 las\u00a0 14\u00a0 horas a inaugurar los\u00a0 cursos\u00a0 vacacionales,\u00a0 cerca\u00a0 de\u00a0 200 ni\u00f1os junto\u00a0 a\u00a0 los\u00a0 padres\u00a0 de\u00a0 familia\u00a0 \u00a0participaron de\u00a0 este\u00a0 evento\u00a0 que\u00a0 tuvo\u00a0 lugar\u00a0 en\u00a0 el Coliseo Olmedo Perdomo Franco de esta ciudad.<\/p>\n<p style=\"text-align: justify;\"><img loading=\"lazy\" decoding=\"async\" class=\" wp-image-1698 alignleft\" src=\"http:\/\/gadmuisne.gob.ec\/web\/wp-content\/uploads\/2020\/02\/BCG09365-300x169.jpg\" alt=\"\" width=\"461\" height=\"260\" srcset=\"https:\/\/gadmuisne.gob.ec\/web\/wp-content\/uploads\/2020\/02\/BCG09365-300x169.jpg 300w, https:\/\/gadmuisne.gob.ec\/web\/wp-content\/uploads\/2020\/02\/BCG09365-768x432.jpg 768w, https:\/\/gadmuisne.gob.ec\/web\/wp-content\/uploads\/2020\/02\/BCG09365-1024x576.jpg 1024w, https:\/\/gadmuisne.gob.ec\/web\/wp-content\/uploads\/2020\/02\/BCG09365-270x152.jpg 270w, https:\/\/gadmuisne.gob.ec\/web\/wp-content\/uploads\/2020\/02\/BCG09365-370x208.jpg 370w, https:\/\/gadmuisne.gob.ec\/web\/wp-content\/uploads\/2020\/02\/BCG09365-570x321.jpg 570w, https:\/\/gadmuisne.gob.ec\/web\/wp-content\/uploads\/2020\/02\/BCG09365-770x433.jpg 770w, https:\/\/gadmuisne.gob.ec\/web\/wp-content\/uploads\/2020\/02\/BCG09365-870x490.jpg 870w, https:\/\/gadmuisne.gob.ec\/web\/wp-content\/uploads\/2020\/02\/BCG09365-1170x658.jpg 1170w, https:\/\/gadmuisne.gob.ec\/web\/wp-content\/uploads\/2020\/02\/BCG09365-1570x883.jpg 1570w\" sizes=\"auto, (max-width: 461px) 100vw, 461px\" \/>Tairon\u00a0 Quintero\u00a0 Vera\u00a0 alcalde\u00a0 de Muisne indic\u00f3 que una de sus propuestas de campa\u00f1a fue priorizar el fomento al deporte la cultura y\u00a0 la\u00a0 educaci\u00f3n\u00a0 y\u00a0 es\u00a0 eso lo que est\u00e1 haciendo ahora\u00a0 a\u00a0 trav\u00e9s\u00a0 del respectivo departamento responsable\u00a0 en trabajar en este tema cultural que permita a los ni\u00f1os y j\u00f3venes participar en los diferentes cursos vacacionales que se vienen promocionando.<\/p>\n<p style=\"text-align: justify;\">Por su Parte Linver Nazareno Castillo Jefe del Departamento de Cultura indic\u00f3 que estos cursos vacacionales cuentan con el apoyo del alcalde Tairon Quintero Vera e hizo un llamado a los padres de familias a que lleven a sus hijos a participar de los diferentes cursos vacacionales que promociona la alcald\u00eda de Muisne.<\/p>\n<p style=\"text-align: justify;\">Nazareno manifest\u00f3 adem\u00e1s que todos los ni\u00f1os y j\u00f3venes que est\u00e1n en los cursos vacacionales al final recibir\u00e1n un certificado por su participaci\u00f3n.<\/p>\n<p>[\/vc_column_text][\/vc_column][\/vc_row]<\/p>\n<\/div>","protected":false},"excerpt":{"rendered":"<p>[vc_row][vc_column][vc_column_text] La\u00a0 alcald\u00eda\u00a0 de\u00a0 Muisne\u00a0 que\u00a0 dirige\u00a0 \u00a0Tairon Quintero\u00a0 Vera a\u00a0 trav\u00e9s del Departamento de Cultura y\u00a0 Deportes\u00a0 procedi\u00f3\u00a0 este lunes 17 de febrero\u00a0 del\u00a0 2020\u00a0 a\u00a0 las\u00a0 14\u00a0 horas a inaugurar los\u00a0 cursos\u00a0 vacacionales,\u00a0 cerca\u00a0 de\u00a0 200 ni\u00f1os junto\u00a0 a\u00a0 los\u00a0 padres\u00a0 de\u00a0 familia\u00a0 \u00a0participaron de\u00a0 este\u00a0 evento\u00a0 que\u00a0&#8230;<\/p>\n","protected":false},"author":1,"featured_media":1695,"comment_status":"closed","ping_status":"open","sticky":false,"template":"","format":"standard","meta":{"footnotes":""},"categories":[35],"tags":[],"class_list":["post-1692","post","type-post","status-publish","format-standard","has-post-thumbnail","hentry","category-actividades"],"_links":{"self":[{"href":"https:\/\/gadmuisne.gob.ec\/web\/wp-json\/wp\/v2\/posts\/1692","targetHints":{"allow":["GET"]}}],"collection":[{"href":"https:\/\/gadmuisne.gob.ec\/web\/wp-json\/wp\/v2\/posts"}],"about":[{"href":"https:\/\/gadmuisne.gob.ec\/web\/wp-json\/wp\/v2\/types\/post"}],"author":[{"embeddable":true,"href":"https:\/\/gadmuisne.gob.ec\/web\/wp-json\/wp\/v2\/users\/1"}],"replies":[{"embeddable":true,"href":"https:\/\/gadmuisne.gob.ec\/web\/wp-json\/wp\/v2\/comments?post=1692"}],"version-history":[{"count":9,"href":"https:\/\/gadmuisne.gob.ec\/web\/wp-json\/wp\/v2\/posts\/1692\/revisions"}],"predecessor-version":[{"id":1697,"href":"https:\/\/gadmuisne.gob.ec\/web\/wp-json\/wp\/v2\/posts\/1692\/revisions\/1697"}],"wp:featuredmedia":[{"embeddable":true,"href":"https:\/\/gadmuisne.gob.ec\/web\/wp-json\/wp\/v2\/media\/1695"}],"wp:attachment":[{"href":"https:\/\/gadmuisne.gob.ec\/web\/wp-json\/wp\/v2\/media?parent=1692"}],"wp:term":[{"taxonomy":"category","embeddable":true,"href":"https:\/\/gadmuisne.gob.ec\/web\/wp-json\/wp\/v2\/categories?post=1692"},{"taxonomy":"post_tag","embeddable":true,"href":"https:\/\/gadmuisne.gob.ec\/web\/wp-json\/wp\/v2\/tags?post=1692"}],"curies":[{"name":"wp","href":"https:\/\/api.w.org\/{rel}","templated":true}]}}