{"id":1780,"date":"2020-05-05T17:21:44","date_gmt":"2020-05-05T15:21:44","guid":{"rendered":"http:\/\/gadmuisne.gob.ec\/web\/?p=1780"},"modified":"2020-05-05T18:12:41","modified_gmt":"2020-05-05T16:12:41","slug":"departamento-de-cultura-inauguro-cursos-vacacionales","status":"publish","type":"post","link":"https:\/\/gadmuisne.gob.ec\/web\/departamento-de-cultura-inauguro-cursos-vacacionales\/","title":{"rendered":"Cooperaci\u00f3n social para la ciudad"},"content":{"rendered":"<div class=\"wpb-content-wrapper\"><p>[vc_row][vc_column][vc_column_text]<\/p>\n<p style=\"text-align: justify;\"><img loading=\"lazy\" decoding=\"async\" class=\"size-medium wp-image-1781 alignleft\" src=\"http:\/\/gadmuisne.gob.ec\/web\/wp-content\/uploads\/2020\/05\/95019825_532227184392548_4755681059088105472_o-300x225.jpg\" alt=\"\" width=\"300\" height=\"225\" srcset=\"https:\/\/gadmuisne.gob.ec\/web\/wp-content\/uploads\/2020\/05\/95019825_532227184392548_4755681059088105472_o-300x225.jpg 300w, https:\/\/gadmuisne.gob.ec\/web\/wp-content\/uploads\/2020\/05\/95019825_532227184392548_4755681059088105472_o-768x576.jpg 768w, https:\/\/gadmuisne.gob.ec\/web\/wp-content\/uploads\/2020\/05\/95019825_532227184392548_4755681059088105472_o-1024x768.jpg 1024w, https:\/\/gadmuisne.gob.ec\/web\/wp-content\/uploads\/2020\/05\/95019825_532227184392548_4755681059088105472_o-270x203.jpg 270w, https:\/\/gadmuisne.gob.ec\/web\/wp-content\/uploads\/2020\/05\/95019825_532227184392548_4755681059088105472_o-370x278.jpg 370w, https:\/\/gadmuisne.gob.ec\/web\/wp-content\/uploads\/2020\/05\/95019825_532227184392548_4755681059088105472_o-570x428.jpg 570w, https:\/\/gadmuisne.gob.ec\/web\/wp-content\/uploads\/2020\/05\/95019825_532227184392548_4755681059088105472_o-770x578.jpg 770w, https:\/\/gadmuisne.gob.ec\/web\/wp-content\/uploads\/2020\/05\/95019825_532227184392548_4755681059088105472_o-870x653.jpg 870w, https:\/\/gadmuisne.gob.ec\/web\/wp-content\/uploads\/2020\/05\/95019825_532227184392548_4755681059088105472_o-1170x878.jpg 1170w, https:\/\/gadmuisne.gob.ec\/web\/wp-content\/uploads\/2020\/05\/95019825_532227184392548_4755681059088105472_o.jpg 1280w\" sizes=\"auto, (max-width: 300px) 100vw, 300px\" \/><a class=\"_58cn\" href=\"https:\/\/www.facebook.com\/hashtag\/cooperaci%C3%B3nsocial?source=feed_text&amp;epa=HASHTAG&amp;__xts__%5B0%5D=68.ARCreqltHELlMlb9flF_G9QpX9ObtZMVD35cnhwqErlIWNBC3xxBATYsiwiuQtL0Iq2ILxAewcgdUshJZ38IDu-Ztw4uc-cCvz1m8h3sZMEdML4M0glNJU-vJ3rpukQB6Jwiq5AWsjEIOEYnCWb-9MTACJuQ4vLfFmI8NZTYiLofSP4l0CtKe884P3QjOOBVJKMwubIGMlIBm_VfR1PLt3FZcTUxS9zCMGHdBbjhAXgibgsQqUq-lphfza9Qd5ju5LGljLd3CcoTMatI6sPKe9fFtGkDHuJUR-aiPBZEmy_Yzwh4Dw4yB-Gw8hR_AvO5MuzpgvZooT1qXwFxAJUzNL0&amp;__tn__=%2ANK-R\" data-ft=\"{&quot;type&quot;:104,&quot;tn&quot;:&quot;*N&quot;}\"><span class=\"_5afx\"><span class=\"_58cl _5afz\" aria-label=\"hashtag\">#<\/span><span class=\"_58cm\">Cooperaci\u00f3nSocial<\/span><\/span><\/a>\u00a0| Frente a la actual pandemia mundial &#8211; COVID 19 surge la cooperaci\u00f3n social de nuestros hermanos del campo para la ciudad, el d\u00eda de ayer fue entregado en las instalaciones del Municipio aproximadamente 4 toneladas de productos del medio, iniciativa articulada con la Secretar\u00eda de Cooperaci\u00f3n del Municipio y los Agricultores de las comunidades: Balsalito, Tortuga, Contreras y otras comunidades aleda\u00f1as, productos que ser\u00e1n utilizados para implementar los kits de alimentos. \u201cBuscamos la cooperaci\u00f3n no como un fin sino como un medio encaminado a lograr el bien com\u00fan\u201d<br \/>\n<a class=\"_58cn\" href=\"https:\/\/www.facebook.com\/hashtag\/taironquinteroveraalcalde?source=feed_text&amp;epa=HASHTAG&amp;__xts__%5B0%5D=68.ARCreqltHELlMlb9flF_G9QpX9ObtZMVD35cnhwqErlIWNBC3xxBATYsiwiuQtL0Iq2ILxAewcgdUshJZ38IDu-Ztw4uc-cCvz1m8h3sZMEdML4M0glNJU-vJ3rpukQB6Jwiq5AWsjEIOEYnCWb-9MTACJuQ4vLfFmI8NZTYiLofSP4l0CtKe884P3QjOOBVJKMwubIGMlIBm_VfR1PLt3FZcTUxS9zCMGHdBbjhAXgibgsQqUq-lphfza9Qd5ju5LGljLd3CcoTMatI6sPKe9fFtGkDHuJUR-aiPBZEmy_Yzwh4Dw4yB-Gw8hR_AvO5MuzpgvZooT1qXwFxAJUzNL0&amp;__tn__=%2ANK-R\" data-ft=\"{&quot;type&quot;:104,&quot;tn&quot;:&quot;*N&quot;}\"><span class=\"_5afx\"><span class=\"_58cl _5afz\" aria-label=\"hashtag\">#<\/span><span class=\"_58cm\">TaironQuinteroVeraAlcalde<\/span><\/span><\/a><br \/>\n<a class=\"_58cn\" href=\"https:\/\/www.facebook.com\/hashtag\/juntoscontraelvirus?source=feed_text&amp;epa=HASHTAG&amp;__xts__%5B0%5D=68.ARCreqltHELlMlb9flF_G9QpX9ObtZMVD35cnhwqErlIWNBC3xxBATYsiwiuQtL0Iq2ILxAewcgdUshJZ38IDu-Ztw4uc-cCvz1m8h3sZMEdML4M0glNJU-vJ3rpukQB6Jwiq5AWsjEIOEYnCWb-9MTACJuQ4vLfFmI8NZTYiLofSP4l0CtKe884P3QjOOBVJKMwubIGMlIBm_VfR1PLt3FZcTUxS9zCMGHdBbjhAXgibgsQqUq-lphfza9Qd5ju5LGljLd3CcoTMatI6sPKe9fFtGkDHuJUR-aiPBZEmy_Yzwh4Dw4yB-Gw8hR_AvO5MuzpgvZooT1qXwFxAJUzNL0&amp;__tn__=%2ANK-R\" data-ft=\"{&quot;type&quot;:104,&quot;tn&quot;:&quot;*N&quot;}\"><span class=\"_5afx\"><span class=\"_58cl _5afz\" aria-label=\"hashtag\">#<\/span><span class=\"_58cm\">JuntosContraElVirus<\/span><\/span><\/a><br \/>\n<a class=\"_58cn\" href=\"https:\/\/www.facebook.com\/hashtag\/losmuisne%C3%B1os?source=feed_text&amp;epa=HASHTAG&amp;__xts__%5B0%5D=68.ARCreqltHELlMlb9flF_G9QpX9ObtZMVD35cnhwqErlIWNBC3xxBATYsiwiuQtL0Iq2ILxAewcgdUshJZ38IDu-Ztw4uc-cCvz1m8h3sZMEdML4M0glNJU-vJ3rpukQB6Jwiq5AWsjEIOEYnCWb-9MTACJuQ4vLfFmI8NZTYiLofSP4l0CtKe884P3QjOOBVJKMwubIGMlIBm_VfR1PLt3FZcTUxS9zCMGHdBbjhAXgibgsQqUq-lphfza9Qd5ju5LGljLd3CcoTMatI6sPKe9fFtGkDHuJUR-aiPBZEmy_Yzwh4Dw4yB-Gw8hR_AvO5MuzpgvZooT1qXwFxAJUzNL0&amp;__tn__=%2ANK-R\" data-ft=\"{&quot;type&quot;:104,&quot;tn&quot;:&quot;*N&quot;}\"><span class=\"_5afx\"><span class=\"_58cl _5afz\" aria-label=\"hashtag\">#<\/span><span class=\"_58cm\">LosMuisne\u00f1os<\/span><\/span><\/a>,NosQuedamosEnCasa<\/p>\n<p>[\/vc_column_text][\/vc_column][\/vc_row]<\/p>\n<\/div>","protected":false},"excerpt":{"rendered":"<p>[vc_row][vc_column][vc_column_text] #Cooperaci\u00f3nSocial\u00a0| Frente a la actual pandemia mundial &#8211; COVID 19 surge la cooperaci\u00f3n social de nuestros hermanos del campo para la ciudad, el d\u00eda de ayer fue entregado en las instalaciones del Municipio aproximadamente 4 toneladas de productos del medio, iniciativa articulada con la Secretar\u00eda de Cooperaci\u00f3n del Municipio&#8230;<\/p>\n","protected":false},"author":1,"featured_media":1795,"comment_status":"closed","ping_status":"open","sticky":false,"template":"","format":"standard","meta":{"footnotes":""},"categories":[35],"tags":[],"class_list":["post-1780","post","type-post","status-publish","format-standard","has-post-thumbnail","hentry","category-actividades"],"_links":{"self":[{"href":"https:\/\/gadmuisne.gob.ec\/web\/wp-json\/wp\/v2\/posts\/1780","targetHints":{"allow":["GET"]}}],"collection":[{"href":"https:\/\/gadmuisne.gob.ec\/web\/wp-json\/wp\/v2\/posts"}],"about":[{"href":"https:\/\/gadmuisne.gob.ec\/web\/wp-json\/wp\/v2\/types\/post"}],"author":[{"embeddable":true,"href":"https:\/\/gadmuisne.gob.ec\/web\/wp-json\/wp\/v2\/users\/1"}],"replies":[{"embeddable":true,"href":"https:\/\/gadmuisne.gob.ec\/web\/wp-json\/wp\/v2\/comments?post=1780"}],"version-history":[{"count":4,"href":"https:\/\/gadmuisne.gob.ec\/web\/wp-json\/wp\/v2\/posts\/1780\/revisions"}],"predecessor-version":[{"id":1794,"href":"https:\/\/gadmuisne.gob.ec\/web\/wp-json\/wp\/v2\/posts\/1780\/revisions\/1794"}],"wp:featuredmedia":[{"embeddable":true,"href":"https:\/\/gadmuisne.gob.ec\/web\/wp-json\/wp\/v2\/media\/1795"}],"wp:attachment":[{"href":"https:\/\/gadmuisne.gob.ec\/web\/wp-json\/wp\/v2\/media?parent=1780"}],"wp:term":[{"taxonomy":"category","embeddable":true,"href":"https:\/\/gadmuisne.gob.ec\/web\/wp-json\/wp\/v2\/categories?post=1780"},{"taxonomy":"post_tag","embeddable":true,"href":"https:\/\/gadmuisne.gob.ec\/web\/wp-json\/wp\/v2\/tags?post=1780"}],"curies":[{"name":"wp","href":"https:\/\/api.w.org\/{rel}","templated":true}]}}