{"id":17810,"date":"2025-11-23T09:26:48","date_gmt":"2025-11-23T14:26:48","guid":{"rendered":"https:\/\/gadmuisne.gob.ec\/web\/?p=17810"},"modified":"2025-11-24T09:32:27","modified_gmt":"2025-11-24T14:32:27","slug":"date-una-vuelta-por-galera-y-llevate-el-corazon-contento","status":"publish","type":"post","link":"https:\/\/gadmuisne.gob.ec\/web\/date-una-vuelta-por-galera-y-llevate-el-corazon-contento\/","title":{"rendered":"Date una vuelta por Galera y ll\u00e9vate el coraz\u00f3n contento"},"content":{"rendered":"<div class=\"xdj266r x14z9mp xat24cr x1lziwak x1vvkbs x126k92a\">\n<div dir=\"auto\" style=\"text-align: justify;\">Date una vuelta por Galera y ll\u00e9vate el coraz\u00f3n contento<\/div>\n<\/div>\n<div class=\"x14z9mp xat24cr x1lziwak x1vvkbs xtlvy1s x126k92a\" style=\"text-align: justify;\">\n<div dir=\"auto\">Aqu\u00ed la alegr\u00eda se comparte con m\u00fasica, tradici\u00f3n, sonrisas sinceras y platos que enamoran. En Galera no solo se come bien, \u00a1se vive bonito !<\/div>\n<\/div>\n<div class=\"x14z9mp xat24cr x1lziwak x1vvkbs xtlvy1s x126k92a\">\n<div dir=\"auto\" style=\"text-align: justify;\">Ven a disfrutar de nuestra gente, nuestras ra\u00edces y todo el sabor que hace de este lugar algo \u00fanico.<\/div>\n<\/div>\n<div dir=\"auto\"><\/div>\n<div dir=\"auto\">\n<div class=\"html-div xdj266r x14z9mp xat24cr x1lziwak xexx8yu xyri2b x18d9i69 x1c1uobl\" tabindex=\"-1\">\n<div class=\"xe0n8xf x12d4x0i x1d5s5ig xzzxbak\">\u00abDate una vuelta por Galera y ll\u00e9vate el coraz\u00f3n contento\u00bb es un eslogan que invita a visitar la parroquia de Galera, ubicada en el cant\u00f3n Muisne, provincia de Esmeraldas, Ecuador.<\/div>\n<\/div>\n<div class=\"html-div xdj266r x14z9mp xat24cr x1lziwak xexx8yu xyri2b x18d9i69 x1c1uobl\" tabindex=\"-1\">\n<div class=\"xe0n8xf x12d4x0i x1d5s5ig x1cgcltr xzzxbak\">Galera es un destino tur\u00edstico popular conocido por:<\/div>\n<\/div>\n<div class=\"html-div xdj266r x14z9mp xat24cr x1lziwak xexx8yu xyri2b x18d9i69 x1c1uobl\" tabindex=\"-1\">\n<ul>\n<li class=\"xe0n8xf x12d4x0i x1d5s5ig xgwjfdz xmyy1pt x1jdczeh\">Sus hermosas playas de ensue\u00f1o<\/li>\n<\/ul>\n<\/div>\n<div class=\"html-div xdj266r x14z9mp xat24cr x1lziwak xexx8yu xyri2b x18d9i69 x1c1uobl\" tabindex=\"-1\">\n<ul>\n<li class=\"xe0n8xf x12d4x0i x1d5s5ig xgwjfdz xmyy1pt x1jdczeh\">Su rica gastronom\u00eda, que incluye platos t\u00edpicos como el encocado de pescado y el ceviche de concha<\/li>\n<\/ul>\n<\/div>\n<div class=\"html-div xdj266r x14z9mp xat24cr x1lziwak xexx8yu xyri2b x18d9i69 x1c1uobl\" tabindex=\"-1\">\n<ul>\n<li class=\"xe0n8xf x12d4x0i x1d5s5ig xgwjfdz xmyy1pt x1jdczeh\">Su cultura y tradiciones, que reflejan la influencia afroecuatoriana y ind\u00edgena<\/li>\n<\/ul>\n<\/div>\n<div class=\"html-div xdj266r x14z9mp xat24cr x1lziwak xexx8yu xyri2b x18d9i69 x1c1uobl\" tabindex=\"-1\">\n<ul>\n<li class=\"xe0n8xf x12d4x0i x1d5s5ig xgwjfdz xmyy1pt x1jdczeh\">Sus paisajes naturales impresionantes, que incluyen estuarios, bosques y manglares<\/li>\n<\/ul>\n<\/div>\n<div class=\"html-div xdj266r x14z9mp xat24cr x1lziwak xexx8yu xyri2b x18d9i69 x1c1uobl\" tabindex=\"-1\">\n<div class=\"xe0n8xf x12d4x0i x1d5s5ig x1cgcltr\">Visitar Galera es una experiencia \u00fanica que te permitir\u00e1 disfrutar del sol, el mar y la naturaleza, mientras te sumerges en la rica cultura y tradici\u00f3n de la regi\u00f3n. \u00a1As\u00ed que no te pierdas la oportunidad de visitar Galera y llevarte el coraz\u00f3n contento!<\/div>\n<div><\/div>\n<\/div>\n<\/div>\n<div>\n<div class=\"html-div xdj266r x14z9mp xat24cr x1lziwak xexx8yu xyri2b x18d9i69 x1c1uobl\" tabindex=\"-1\">\n<div class=\"xe0n8xf x12d4x0i x1d5s5ig xzzxbak\">La historia de Galera, una parroquia del cant\u00f3n Muisne en la provincia de Esmeraldas, Ecuador, se remonta a la \u00e9poca precolombina. Originalmente, fue habitada por ind\u00edgenas de la cultura Tumaco-La Tolita. En la \u00e9poca colonial, Galera fue un importante centro de comercio y pesca.<\/div>\n<div><\/div>\n<\/div>\n<div class=\"html-div xdj266r x14z9mp xat24cr x1lziwak xexx8yu xyri2b x18d9i69 x1c1uobl\" tabindex=\"-1\">\n<div class=\"xe0n8xf x12d4x0i x1d5s5ig x1cgcltr xzzxbak\"><b>Hechos destacados:<\/b><\/div>\n<\/div>\n<div class=\"html-div xdj266r x14z9mp xat24cr x1lziwak xexx8yu xyri2b x18d9i69 x1c1uobl\" tabindex=\"-1\">\n<ul>\n<li class=\"xe0n8xf x12d4x0i x1d5s5ig xgwjfdz xmyy1pt x1jdczeh\"><b>\u00c9poca precolombina:<\/b> Asentamiento de la cultura Tumaco-La Tolita.<\/li>\n<\/ul>\n<\/div>\n<div class=\"html-div xdj266r x14z9mp xat24cr x1lziwak xexx8yu xyri2b x18d9i69 x1c1uobl\" tabindex=\"-1\">\n<ul>\n<li class=\"xe0n8xf x12d4x0i x1d5s5ig xgwjfdz xmyy1pt x1jdczeh\"><b>\u00c9poca colonial:<\/b> Centro de comercio y pesca.<\/li>\n<\/ul>\n<\/div>\n<div class=\"html-div xdj266r x14z9mp xat24cr x1lziwak xexx8yu xyri2b x18d9i69 x1c1uobl\" tabindex=\"-1\">\n<ul>\n<li class=\"xe0n8xf x12d4x0i x1d5s5ig xgwjfdz xmyy1pt x1jdczeh\"><b>Siglo XX:<\/b> Desarrollo del turismo.<\/li>\n<\/ul>\n<\/div>\n<div class=\"html-div xdj266r x14z9mp xat24cr x1lziwak xexx8yu xyri2b x18d9i69 x1c1uobl\" tabindex=\"-1\">\n<ul>\n<li class=\"xe0n8xf x12d4x0i x1d5s5ig xgwjfdz xmyy1pt x1jdczeh\"><b>Actualidad:<\/b> Destino tur\u00edstico popular por sus playas, gastronom\u00eda y cultura.<\/li>\n<\/ul>\n<\/div>\n<div class=\"html-div xdj266r x14z9mp xat24cr x1lziwak xexx8yu xyri2b x18d9i69 x1c1uobl\" tabindex=\"-1\">\n<div class=\"xe0n8xf x12d4x0i x1d5s5ig x1cgcltr\">Galera es conocida por sus hermosas playas, como la playa de Galera, y su rica gastronom\u00eda, que incluye platos t\u00edpicos como el encocado de pescado y el ceviche de concha. La parroquia tambi\u00e9n es famosa por su cultura y tradiciones, que reflejan la influencia afroecuatoriana y ind\u00edgena.<\/div>\n<\/div>\n<\/div>\n<div dir=\"auto\"><img loading=\"lazy\" decoding=\"async\" class=\"alignnone size-medium wp-image-17811\" src=\"https:\/\/gadmuisne.gob.ec\/web\/wp-content\/uploads\/2025\/11\/587017756_17958983931008906_8842327264459525198_n-300x168.jpg\" alt=\"\" width=\"300\" height=\"168\" srcset=\"https:\/\/gadmuisne.gob.ec\/web\/wp-content\/uploads\/2025\/11\/587017756_17958983931008906_8842327264459525198_n-300x168.jpg 300w, https:\/\/gadmuisne.gob.ec\/web\/wp-content\/uploads\/2025\/11\/587017756_17958983931008906_8842327264459525198_n-270x152.jpg 270w, https:\/\/gadmuisne.gob.ec\/web\/wp-content\/uploads\/2025\/11\/587017756_17958983931008906_8842327264459525198_n-370x208.jpg 370w, https:\/\/gadmuisne.gob.ec\/web\/wp-content\/uploads\/2025\/11\/587017756_17958983931008906_8842327264459525198_n.jpg 506w\" sizes=\"auto, (max-width: 300px) 100vw, 300px\" \/><img loading=\"lazy\" decoding=\"async\" class=\"alignnone size-medium wp-image-17812\" src=\"https:\/\/gadmuisne.gob.ec\/web\/wp-content\/uploads\/2025\/11\/587373086_770302822733939_7604094489649692217_n-1-300x200.jpg\" alt=\"\" width=\"300\" height=\"200\" srcset=\"https:\/\/gadmuisne.gob.ec\/web\/wp-content\/uploads\/2025\/11\/587373086_770302822733939_7604094489649692217_n-1-300x200.jpg 300w, https:\/\/gadmuisne.gob.ec\/web\/wp-content\/uploads\/2025\/11\/587373086_770302822733939_7604094489649692217_n-1-1024x683.jpg 1024w, https:\/\/gadmuisne.gob.ec\/web\/wp-content\/uploads\/2025\/11\/587373086_770302822733939_7604094489649692217_n-1-768x513.jpg 768w, https:\/\/gadmuisne.gob.ec\/web\/wp-content\/uploads\/2025\/11\/587373086_770302822733939_7604094489649692217_n-1-270x180.jpg 270w, https:\/\/gadmuisne.gob.ec\/web\/wp-content\/uploads\/2025\/11\/587373086_770302822733939_7604094489649692217_n-1-370x247.jpg 370w, https:\/\/gadmuisne.gob.ec\/web\/wp-content\/uploads\/2025\/11\/587373086_770302822733939_7604094489649692217_n-1-570x380.jpg 570w, https:\/\/gadmuisne.gob.ec\/web\/wp-content\/uploads\/2025\/11\/587373086_770302822733939_7604094489649692217_n-1-770x514.jpg 770w, https:\/\/gadmuisne.gob.ec\/web\/wp-content\/uploads\/2025\/11\/587373086_770302822733939_7604094489649692217_n-1-870x581.jpg 870w, https:\/\/gadmuisne.gob.ec\/web\/wp-content\/uploads\/2025\/11\/587373086_770302822733939_7604094489649692217_n-1-1170x781.jpg 1170w, https:\/\/gadmuisne.gob.ec\/web\/wp-content\/uploads\/2025\/11\/587373086_770302822733939_7604094489649692217_n-1.jpg 1458w\" sizes=\"auto, (max-width: 300px) 100vw, 300px\" \/><img loading=\"lazy\" decoding=\"async\" class=\"alignnone size-medium wp-image-17813\" src=\"https:\/\/gadmuisne.gob.ec\/web\/wp-content\/uploads\/2025\/11\/587392441_17958983940008906_8053202531542177696_n-240x300.jpg\" alt=\"\" width=\"240\" height=\"300\" srcset=\"https:\/\/gadmuisne.gob.ec\/web\/wp-content\/uploads\/2025\/11\/587392441_17958983940008906_8053202531542177696_n-240x300.jpg 240w, https:\/\/gadmuisne.gob.ec\/web\/wp-content\/uploads\/2025\/11\/587392441_17958983940008906_8053202531542177696_n-819x1024.jpg 819w, https:\/\/gadmuisne.gob.ec\/web\/wp-content\/uploads\/2025\/11\/587392441_17958983940008906_8053202531542177696_n-768x960.jpg 768w, https:\/\/gadmuisne.gob.ec\/web\/wp-content\/uploads\/2025\/11\/587392441_17958983940008906_8053202531542177696_n-270x338.jpg 270w, https:\/\/gadmuisne.gob.ec\/web\/wp-content\/uploads\/2025\/11\/587392441_17958983940008906_8053202531542177696_n-370x463.jpg 370w, https:\/\/gadmuisne.gob.ec\/web\/wp-content\/uploads\/2025\/11\/587392441_17958983940008906_8053202531542177696_n-570x713.jpg 570w, https:\/\/gadmuisne.gob.ec\/web\/wp-content\/uploads\/2025\/11\/587392441_17958983940008906_8053202531542177696_n-770x963.jpg 770w, https:\/\/gadmuisne.gob.ec\/web\/wp-content\/uploads\/2025\/11\/587392441_17958983940008906_8053202531542177696_n-870x1088.jpg 870w, https:\/\/gadmuisne.gob.ec\/web\/wp-content\/uploads\/2025\/11\/587392441_17958983940008906_8053202531542177696_n.jpg 1080w\" sizes=\"auto, (max-width: 240px) 100vw, 240px\" \/><img loading=\"lazy\" decoding=\"async\" class=\"alignnone size-medium wp-image-17814\" src=\"https:\/\/gadmuisne.gob.ec\/web\/wp-content\/uploads\/2025\/11\/587556117_17958983913008906_398393877913113146_n-300x168.jpg\" alt=\"\" width=\"300\" height=\"168\" srcset=\"https:\/\/gadmuisne.gob.ec\/web\/wp-content\/uploads\/2025\/11\/587556117_17958983913008906_398393877913113146_n-300x168.jpg 300w, https:\/\/gadmuisne.gob.ec\/web\/wp-content\/uploads\/2025\/11\/587556117_17958983913008906_398393877913113146_n-270x152.jpg 270w, https:\/\/gadmuisne.gob.ec\/web\/wp-content\/uploads\/2025\/11\/587556117_17958983913008906_398393877913113146_n-370x208.jpg 370w, https:\/\/gadmuisne.gob.ec\/web\/wp-content\/uploads\/2025\/11\/587556117_17958983913008906_398393877913113146_n.jpg 506w\" sizes=\"auto, (max-width: 300px) 100vw, 300px\" \/><img loading=\"lazy\" decoding=\"async\" class=\"alignnone size-medium wp-image-17815\" src=\"https:\/\/gadmuisne.gob.ec\/web\/wp-content\/uploads\/2025\/11\/589077693_17958983922008906_1435442202443695134_n-300x168.jpg\" alt=\"\" width=\"300\" height=\"168\" srcset=\"https:\/\/gadmuisne.gob.ec\/web\/wp-content\/uploads\/2025\/11\/589077693_17958983922008906_1435442202443695134_n-300x168.jpg 300w, https:\/\/gadmuisne.gob.ec\/web\/wp-content\/uploads\/2025\/11\/589077693_17958983922008906_1435442202443695134_n-270x152.jpg 270w, https:\/\/gadmuisne.gob.ec\/web\/wp-content\/uploads\/2025\/11\/589077693_17958983922008906_1435442202443695134_n-370x208.jpg 370w, https:\/\/gadmuisne.gob.ec\/web\/wp-content\/uploads\/2025\/11\/589077693_17958983922008906_1435442202443695134_n.jpg 506w\" sizes=\"auto, (max-width: 300px) 100vw, 300px\" \/><\/div>\n<div class=\"x14z9mp xat24cr x1lziwak x1vvkbs xtlvy1s x126k92a\">\n<div dir=\"auto\"><\/div>\n<\/div>\n","protected":false},"excerpt":{"rendered":"<p>Date una vuelta por Galera y ll\u00e9vate el coraz\u00f3n contento Aqu\u00ed la alegr\u00eda se comparte con m\u00fasica, tradici\u00f3n, sonrisas sinceras y platos que enamoran. En Galera no solo se come bien, \u00a1se vive bonito ! Ven a disfrutar de nuestra gente, nuestras ra\u00edces y todo el sabor que hace de&#8230;<\/p>\n","protected":false},"author":4,"featured_media":17813,"comment_status":"closed","ping_status":"open","sticky":false,"template":"","format":"standard","meta":{"footnotes":""},"categories":[35],"tags":[],"class_list":["post-17810","post","type-post","status-publish","format-standard","has-post-thumbnail","hentry","category-actividades"],"_links":{"self":[{"href":"https:\/\/gadmuisne.gob.ec\/web\/wp-json\/wp\/v2\/posts\/17810","targetHints":{"allow":["GET"]}}],"collection":[{"href":"https:\/\/gadmuisne.gob.ec\/web\/wp-json\/wp\/v2\/posts"}],"about":[{"href":"https:\/\/gadmuisne.gob.ec\/web\/wp-json\/wp\/v2\/types\/post"}],"author":[{"embeddable":true,"href":"https:\/\/gadmuisne.gob.ec\/web\/wp-json\/wp\/v2\/users\/4"}],"replies":[{"embeddable":true,"href":"https:\/\/gadmuisne.gob.ec\/web\/wp-json\/wp\/v2\/comments?post=17810"}],"version-history":[{"count":1,"href":"https:\/\/gadmuisne.gob.ec\/web\/wp-json\/wp\/v2\/posts\/17810\/revisions"}],"predecessor-version":[{"id":17816,"href":"https:\/\/gadmuisne.gob.ec\/web\/wp-json\/wp\/v2\/posts\/17810\/revisions\/17816"}],"wp:featuredmedia":[{"embeddable":true,"href":"https:\/\/gadmuisne.gob.ec\/web\/wp-json\/wp\/v2\/media\/17813"}],"wp:attachment":[{"href":"https:\/\/gadmuisne.gob.ec\/web\/wp-json\/wp\/v2\/media?parent=17810"}],"wp:term":[{"taxonomy":"category","embeddable":true,"href":"https:\/\/gadmuisne.gob.ec\/web\/wp-json\/wp\/v2\/categories?post=17810"},{"taxonomy":"post_tag","embeddable":true,"href":"https:\/\/gadmuisne.gob.ec\/web\/wp-json\/wp\/v2\/tags?post=17810"}],"curies":[{"name":"wp","href":"https:\/\/api.w.org\/{rel}","templated":true}]}}