{"id":17831,"date":"2025-11-24T14:38:24","date_gmt":"2025-11-24T19:38:24","guid":{"rendered":"https:\/\/gadmuisne.gob.ec\/web\/?p=17831"},"modified":"2025-11-24T14:39:42","modified_gmt":"2025-11-24T19:39:42","slug":"compromiso-que-une-a-muisne%f0%9f%9a%ba-este-25-de-noviembre-nos-movilizamos-juntos-por-el-dia-de-la-eliminacion-de-la-violencia-contra-la-mujer-con-actividades-comunitarias-que-buscan-sensibilizar","status":"publish","type":"post","link":"https:\/\/gadmuisne.gob.ec\/web\/compromiso-que-une-a-muisne%f0%9f%9a%ba-este-25-de-noviembre-nos-movilizamos-juntos-por-el-dia-de-la-eliminacion-de-la-violencia-contra-la-mujer-con-actividades-comunitarias-que-buscan-sensibilizar\/","title":{"rendered":"Compromiso que une a Muisne\ud83d\udeba Este 25 de noviembre, nos movilizamos juntos por el D\u00eda de la Eliminaci\u00f3n de la Violencia contra la Mujer, con actividades comunitarias que buscan sensibilizar, acompa\u00f1ar y fortalecer la protecci\u00f3n de cada ni\u00f1a, adolescente y mujer de nuestro cant\u00f3n.\u2728 Habr\u00e1 espacios de di\u00e1logo, jornadas informativas, activaciones culturales y acciones de prevenci\u00f3n que nos convocan a todas y todos. Porque la seguridad y la dignidad de cada mujer es una tarea compartida."},"content":{"rendered":"<div class=\"xdj266r x14z9mp xat24cr x1lziwak x1vvkbs x126k92a\">\n<div dir=\"auto\">Compromiso que une a Muisne<\/div>\n<\/div>\n<div class=\"x14z9mp xat24cr x1lziwak x1vvkbs xtlvy1s x126k92a\">\n<div dir=\"auto\">Este 25 de noviembre, nos movilizamos juntos por el D\u00eda de la Eliminaci\u00f3n de la Violencia contra la Mujer, con actividades comunitarias que buscan sensibilizar, acompa\u00f1ar y fortalecer la protecci\u00f3n de cada ni\u00f1a, adolescente y mujer de nuestro cant\u00f3n.<\/div>\n<\/div>\n<div class=\"x14z9mp xat24cr x1lziwak x1vvkbs xtlvy1s x126k92a\">\n<div dir=\"auto\" style=\"text-align: justify;\">Habr\u00e1 espacios de di\u00e1logo, jornadas informativas, activaciones culturales y acciones de prevenci\u00f3n que nos convocan a todas y todos. Porque la seguridad y la dignidad de cada mujer es una tarea compartida.<\/div>\n<div dir=\"auto\"><img loading=\"lazy\" decoding=\"async\" class=\"alignnone size-medium wp-image-17832\" src=\"https:\/\/gadmuisne.gob.ec\/web\/wp-content\/uploads\/2025\/11\/587012594_17959074432008906_1920028979872113097_n-300x300.jpg\" alt=\"\" width=\"300\" height=\"300\" srcset=\"https:\/\/gadmuisne.gob.ec\/web\/wp-content\/uploads\/2025\/11\/587012594_17959074432008906_1920028979872113097_n-300x300.jpg 300w, https:\/\/gadmuisne.gob.ec\/web\/wp-content\/uploads\/2025\/11\/587012594_17959074432008906_1920028979872113097_n-1024x1024.jpg 1024w, https:\/\/gadmuisne.gob.ec\/web\/wp-content\/uploads\/2025\/11\/587012594_17959074432008906_1920028979872113097_n-150x150.jpg 150w, https:\/\/gadmuisne.gob.ec\/web\/wp-content\/uploads\/2025\/11\/587012594_17959074432008906_1920028979872113097_n-768x768.jpg 768w, https:\/\/gadmuisne.gob.ec\/web\/wp-content\/uploads\/2025\/11\/587012594_17959074432008906_1920028979872113097_n-70x70.jpg 70w, https:\/\/gadmuisne.gob.ec\/web\/wp-content\/uploads\/2025\/11\/587012594_17959074432008906_1920028979872113097_n-270x270.jpg 270w, https:\/\/gadmuisne.gob.ec\/web\/wp-content\/uploads\/2025\/11\/587012594_17959074432008906_1920028979872113097_n-370x370.jpg 370w, https:\/\/gadmuisne.gob.ec\/web\/wp-content\/uploads\/2025\/11\/587012594_17959074432008906_1920028979872113097_n-570x570.jpg 570w, https:\/\/gadmuisne.gob.ec\/web\/wp-content\/uploads\/2025\/11\/587012594_17959074432008906_1920028979872113097_n-770x770.jpg 770w, https:\/\/gadmuisne.gob.ec\/web\/wp-content\/uploads\/2025\/11\/587012594_17959074432008906_1920028979872113097_n-870x870.jpg 870w, https:\/\/gadmuisne.gob.ec\/web\/wp-content\/uploads\/2025\/11\/587012594_17959074432008906_1920028979872113097_n-1170x1170.jpg 1170w, https:\/\/gadmuisne.gob.ec\/web\/wp-content\/uploads\/2025\/11\/587012594_17959074432008906_1920028979872113097_n.jpg 1440w\" sizes=\"auto, (max-width: 300px) 100vw, 300px\" \/><img loading=\"lazy\" decoding=\"async\" class=\"alignnone size-medium wp-image-17833\" src=\"https:\/\/gadmuisne.gob.ec\/web\/wp-content\/uploads\/2025\/11\/590265601_17959074441008906_2252075201650527918_n-300x300.jpg\" alt=\"\" width=\"300\" height=\"300\" srcset=\"https:\/\/gadmuisne.gob.ec\/web\/wp-content\/uploads\/2025\/11\/590265601_17959074441008906_2252075201650527918_n-300x300.jpg 300w, https:\/\/gadmuisne.gob.ec\/web\/wp-content\/uploads\/2025\/11\/590265601_17959074441008906_2252075201650527918_n-1024x1024.jpg 1024w, https:\/\/gadmuisne.gob.ec\/web\/wp-content\/uploads\/2025\/11\/590265601_17959074441008906_2252075201650527918_n-150x150.jpg 150w, https:\/\/gadmuisne.gob.ec\/web\/wp-content\/uploads\/2025\/11\/590265601_17959074441008906_2252075201650527918_n-768x768.jpg 768w, https:\/\/gadmuisne.gob.ec\/web\/wp-content\/uploads\/2025\/11\/590265601_17959074441008906_2252075201650527918_n-70x70.jpg 70w, https:\/\/gadmuisne.gob.ec\/web\/wp-content\/uploads\/2025\/11\/590265601_17959074441008906_2252075201650527918_n-270x270.jpg 270w, https:\/\/gadmuisne.gob.ec\/web\/wp-content\/uploads\/2025\/11\/590265601_17959074441008906_2252075201650527918_n-370x370.jpg 370w, https:\/\/gadmuisne.gob.ec\/web\/wp-content\/uploads\/2025\/11\/590265601_17959074441008906_2252075201650527918_n-570x570.jpg 570w, https:\/\/gadmuisne.gob.ec\/web\/wp-content\/uploads\/2025\/11\/590265601_17959074441008906_2252075201650527918_n-770x770.jpg 770w, https:\/\/gadmuisne.gob.ec\/web\/wp-content\/uploads\/2025\/11\/590265601_17959074441008906_2252075201650527918_n-870x870.jpg 870w, https:\/\/gadmuisne.gob.ec\/web\/wp-content\/uploads\/2025\/11\/590265601_17959074441008906_2252075201650527918_n-1170x1170.jpg 1170w, https:\/\/gadmuisne.gob.ec\/web\/wp-content\/uploads\/2025\/11\/590265601_17959074441008906_2252075201650527918_n.jpg 1440w\" sizes=\"auto, (max-width: 300px) 100vw, 300px\" \/><\/div>\n<\/div>\n","protected":false},"excerpt":{"rendered":"<p>Compromiso que une a Muisne Este 25 de noviembre, nos movilizamos juntos por el D\u00eda de la Eliminaci\u00f3n de la Violencia contra la Mujer, con actividades comunitarias que buscan sensibilizar, acompa\u00f1ar y fortalecer la protecci\u00f3n de cada ni\u00f1a, adolescente y mujer de nuestro cant\u00f3n. Habr\u00e1 espacios de di\u00e1logo, jornadas informativas,&#8230;<\/p>\n","protected":false},"author":4,"featured_media":17835,"comment_status":"closed","ping_status":"open","sticky":false,"template":"","format":"standard","meta":{"footnotes":""},"categories":[35],"tags":[],"class_list":["post-17831","post","type-post","status-publish","format-standard","has-post-thumbnail","hentry","category-actividades"],"_links":{"self":[{"href":"https:\/\/gadmuisne.gob.ec\/web\/wp-json\/wp\/v2\/posts\/17831","targetHints":{"allow":["GET"]}}],"collection":[{"href":"https:\/\/gadmuisne.gob.ec\/web\/wp-json\/wp\/v2\/posts"}],"about":[{"href":"https:\/\/gadmuisne.gob.ec\/web\/wp-json\/wp\/v2\/types\/post"}],"author":[{"embeddable":true,"href":"https:\/\/gadmuisne.gob.ec\/web\/wp-json\/wp\/v2\/users\/4"}],"replies":[{"embeddable":true,"href":"https:\/\/gadmuisne.gob.ec\/web\/wp-json\/wp\/v2\/comments?post=17831"}],"version-history":[{"count":1,"href":"https:\/\/gadmuisne.gob.ec\/web\/wp-json\/wp\/v2\/posts\/17831\/revisions"}],"predecessor-version":[{"id":17834,"href":"https:\/\/gadmuisne.gob.ec\/web\/wp-json\/wp\/v2\/posts\/17831\/revisions\/17834"}],"wp:featuredmedia":[{"embeddable":true,"href":"https:\/\/gadmuisne.gob.ec\/web\/wp-json\/wp\/v2\/media\/17835"}],"wp:attachment":[{"href":"https:\/\/gadmuisne.gob.ec\/web\/wp-json\/wp\/v2\/media?parent=17831"}],"wp:term":[{"taxonomy":"category","embeddable":true,"href":"https:\/\/gadmuisne.gob.ec\/web\/wp-json\/wp\/v2\/categories?post=17831"},{"taxonomy":"post_tag","embeddable":true,"href":"https:\/\/gadmuisne.gob.ec\/web\/wp-json\/wp\/v2\/tags?post=17831"}],"curies":[{"name":"wp","href":"https:\/\/api.w.org\/{rel}","templated":true}]}}