{"id":1798,"date":"2020-05-05T18:20:47","date_gmt":"2020-05-05T16:20:47","guid":{"rendered":"http:\/\/gadmuisne.gob.ec\/web\/?p=1798"},"modified":"2020-05-05T18:20:47","modified_gmt":"2020-05-05T16:20:47","slug":"se-retiran-los-muros-que-estan-colocados-en-medio-del-puente","status":"publish","type":"post","link":"https:\/\/gadmuisne.gob.ec\/web\/se-retiran-los-muros-que-estan-colocados-en-medio-del-puente\/","title":{"rendered":"Se retiran los muros que est\u00e1n colocados en medio del puente"},"content":{"rendered":"<div class=\"wpb-content-wrapper\"><p>[vc_row][vc_column][vc_column_text]<\/p>\n<p style=\"text-align: justify;\"><img loading=\"lazy\" decoding=\"async\" class=\"size-medium wp-image-1796 alignleft\" src=\"http:\/\/gadmuisne.gob.ec\/web\/wp-content\/uploads\/2020\/05\/93852229_527521731529760_3131412547584917504_o-300x225.jpg\" alt=\"\" width=\"300\" height=\"225\" srcset=\"https:\/\/gadmuisne.gob.ec\/web\/wp-content\/uploads\/2020\/05\/93852229_527521731529760_3131412547584917504_o-300x225.jpg 300w, https:\/\/gadmuisne.gob.ec\/web\/wp-content\/uploads\/2020\/05\/93852229_527521731529760_3131412547584917504_o-768x576.jpg 768w, https:\/\/gadmuisne.gob.ec\/web\/wp-content\/uploads\/2020\/05\/93852229_527521731529760_3131412547584917504_o-270x203.jpg 270w, https:\/\/gadmuisne.gob.ec\/web\/wp-content\/uploads\/2020\/05\/93852229_527521731529760_3131412547584917504_o-370x278.jpg 370w, https:\/\/gadmuisne.gob.ec\/web\/wp-content\/uploads\/2020\/05\/93852229_527521731529760_3131412547584917504_o-570x428.jpg 570w, https:\/\/gadmuisne.gob.ec\/web\/wp-content\/uploads\/2020\/05\/93852229_527521731529760_3131412547584917504_o-770x578.jpg 770w, https:\/\/gadmuisne.gob.ec\/web\/wp-content\/uploads\/2020\/05\/93852229_527521731529760_3131412547584917504_o-870x653.jpg 870w, https:\/\/gadmuisne.gob.ec\/web\/wp-content\/uploads\/2020\/05\/93852229_527521731529760_3131412547584917504_o.jpg 960w\" sizes=\"auto, (max-width: 300px) 100vw, 300px\" \/><span class=\"_5afx\"><span class=\"_58cl _5afz\" aria-label=\"hashtag\">#<span class=\"_58cm\">RetiroDeMuros<\/span><\/span><\/span><span class=\"_5afx\"><span class=\"_58cl _5afz\" aria-label=\"hashtag\"> | Este jueves 23 de abril 2020 personal de Obras Publicas de la alcald\u00eda de Muisne procedi\u00f3 a retirar los muros que est\u00e1n colocados en medio del puente peatonal sobre Rio Muisne, esta decisi\u00f3n la tom\u00f3 el COE Cantonal debido a la emergencia sanitaria, solo se permitir\u00e1 cruzar a los veh\u00edculos como Ambulancias <span class=\"_5mfr\"><span class=\"_6qdm\">\ud83d\ude91<\/span><\/span>\u00a0, Cuerpo de Bomberos\u00a0<span class=\"_5mfr\"><span class=\"_6qdm\">\ud83d\ude92<\/span><\/span>, Polic\u00eda Nacional <span class=\"_5mfr\"><span class=\"_6qdm\">\ud83d\ude94<\/span><\/span> y Distrito de Salud solo en situaci\u00f3n de Emergencias.<span class=\"_5mfr\"><span class=\"_6qdm\">\ud83d\udea8<\/span><\/span><br \/>\n#<span class=\"_58cm\">JuntosContraElVirus<\/span><br \/>\n#<span class=\"_58cm\">LosMuisne\u00f1os<\/span><\/span><\/span><span class=\"_5afx\"><span class=\"_58cl _5afz\" aria-label=\"hashtag\">,NosQuedamosEnCasa<\/span><\/span><a class=\"_58cn\" href=\"https:\/\/www.facebook.com\/hashtag\/entregasdekits?source=feed_text&amp;epa=HASHTAG&amp;__xts__%5B0%5D=68.ARBptE3qgSGPS33qHN2eSl-1xnusXFPGnwIsVj3hS2aGYv46lAw_BJfVIsxhDYmtNKHhjHN2OT9Gz6olju904E3Gc2bCB6984O7dIv8viadk9FNsGTK5gLaU6pSChKe6gBmBkrDvzr0tBRCOdpKV6dXhSAmMrhZ6bF67pPGk1c4z8Jo0ewqvfmkLY9-lET5xMo9ljffyAZKOmACbyk2Y1p5njpqZf35rjTb6x3pkrl6zvb2m0UxO_bcUW4z5pgmEdvk1tpM_Q7af4mNNH9P41DnrwvTz5JMvQ6ASqCI_JjHgAoVS-sW2CNlQXYUvqBKBvJeijXG7Isz51HnOuLQupoA&amp;__tn__=%2ANK-R\" data-ft=\"{&quot;type&quot;:104,&quot;tn&quot;:&quot;*N&quot;}\"><span class=\"_5afx\"><span class=\"_58cl _5afz\" aria-label=\"hashtag\"><br \/>\n<\/span><\/span><\/a><\/p>\n<p>[\/vc_column_text][\/vc_column][\/vc_row]<\/p>\n<\/div>","protected":false},"excerpt":{"rendered":"<p>[vc_row][vc_column][vc_column_text] #RetiroDeMuros | Este jueves 23 de abril 2020 personal de Obras Publicas de la alcald\u00eda de Muisne procedi\u00f3 a retirar los muros que est\u00e1n colocados en medio del puente peatonal sobre Rio Muisne, esta decisi\u00f3n la tom\u00f3 el COE Cantonal debido a la emergencia sanitaria, solo se permitir\u00e1 cruzar&#8230;<\/p>\n","protected":false},"author":1,"featured_media":1797,"comment_status":"closed","ping_status":"open","sticky":false,"template":"","format":"standard","meta":{"footnotes":""},"categories":[35],"tags":[],"class_list":["post-1798","post","type-post","status-publish","format-standard","has-post-thumbnail","hentry","category-actividades"],"_links":{"self":[{"href":"https:\/\/gadmuisne.gob.ec\/web\/wp-json\/wp\/v2\/posts\/1798","targetHints":{"allow":["GET"]}}],"collection":[{"href":"https:\/\/gadmuisne.gob.ec\/web\/wp-json\/wp\/v2\/posts"}],"about":[{"href":"https:\/\/gadmuisne.gob.ec\/web\/wp-json\/wp\/v2\/types\/post"}],"author":[{"embeddable":true,"href":"https:\/\/gadmuisne.gob.ec\/web\/wp-json\/wp\/v2\/users\/1"}],"replies":[{"embeddable":true,"href":"https:\/\/gadmuisne.gob.ec\/web\/wp-json\/wp\/v2\/comments?post=1798"}],"version-history":[{"count":1,"href":"https:\/\/gadmuisne.gob.ec\/web\/wp-json\/wp\/v2\/posts\/1798\/revisions"}],"predecessor-version":[{"id":1799,"href":"https:\/\/gadmuisne.gob.ec\/web\/wp-json\/wp\/v2\/posts\/1798\/revisions\/1799"}],"wp:featuredmedia":[{"embeddable":true,"href":"https:\/\/gadmuisne.gob.ec\/web\/wp-json\/wp\/v2\/media\/1797"}],"wp:attachment":[{"href":"https:\/\/gadmuisne.gob.ec\/web\/wp-json\/wp\/v2\/media?parent=1798"}],"wp:term":[{"taxonomy":"category","embeddable":true,"href":"https:\/\/gadmuisne.gob.ec\/web\/wp-json\/wp\/v2\/categories?post=1798"},{"taxonomy":"post_tag","embeddable":true,"href":"https:\/\/gadmuisne.gob.ec\/web\/wp-json\/wp\/v2\/tags?post=1798"}],"curies":[{"name":"wp","href":"https:\/\/api.w.org\/{rel}","templated":true}]}}