{"id":18001,"date":"2025-12-03T15:52:02","date_gmt":"2025-12-03T20:52:02","guid":{"rendered":"https:\/\/gadmuisne.gob.ec\/web\/?p=18001"},"modified":"2025-12-03T15:52:23","modified_gmt":"2025-12-03T20:52:23","slug":"avanzamos-por-el-agua-segura-en-san-salvador","status":"publish","type":"post","link":"https:\/\/gadmuisne.gob.ec\/web\/avanzamos-por-el-agua-segura-en-san-salvador\/","title":{"rendered":"Avanzamos por el agua segura en San Salvador"},"content":{"rendered":"<div class=\"xdj266r x14z9mp xat24cr x1lziwak x1vvkbs x126k92a\">\n<div dir=\"auto\" style=\"text-align: justify;\">Avanzamos por el agua segura en San Salvador<\/div>\n<\/div>\n<div class=\"x14z9mp xat24cr x1lziwak x1vvkbs xtlvy1s x126k92a\" style=\"text-align: justify;\">\n<div dir=\"auto\">Junto a t\u00e9cnicos del BDE y miembros del programa PROMADEC visitamos la comunidad de San Salvador para avanzar en la fase final de preparaci\u00f3n del proyecto de agua potable.<\/div>\n<\/div>\n<div class=\"x14z9mp xat24cr x1lziwak x1vvkbs xtlvy1s x126k92a\" style=\"text-align: justify;\">\n<div dir=\"auto\">Este proyecto ser\u00e1 financiado con un 11% a trav\u00e9s de un cupo de cr\u00e9dito del BDE y un 89% en recursos no reembolsables aportados por PROMADEC, garantizando una inversi\u00f3n s\u00f3lida y responsable.<\/div>\n<\/div>\n<div class=\"x14z9mp xat24cr x1lziwak x1vvkbs xtlvy1s x126k92a\">\n<div dir=\"auto\" style=\"text-align: justify;\">Muy pronto, 150 familias acceder\u00e1n a un sistema de agua potable que transformar\u00e1 su calidad de vida.<\/div>\n<\/div>\n<div dir=\"auto\"><\/div>\n<div dir=\"auto\">\n<div class=\"html-div xdj266r x14z9mp xat24cr x1lziwak xexx8yu xyri2b x18d9i69 x1c1uobl\" tabindex=\"-1\">\n<div class=\"xe0n8xf x12d4x0i x1d5s5ig xzzxbak\">La comunidad Chachi de San Salvador, ubicada en Muisne, Esmeraldas, es una poblaci\u00f3n ind\u00edgena con una rica cultura y tradiciones. Aqu\u00ed te presento algunos datos referenciales sobre esta comunidad:<\/div>\n<\/div>\n<div class=\"html-div xdj266r x14z9mp xat24cr x1lziwak xexx8yu xyri2b x18d9i69 x1c1uobl\" tabindex=\"-1\">\n<ul>\n<li class=\"xe0n8xf x12d4x0i x1d5s5ig xgwjfdz xmyy1pt x1jdczeh\"><b>Ubicaci\u00f3n<\/b>: La comunidad Chachi de San Salvador se encuentra en el cant\u00f3n Muisne, provincia de Esmeraldas, en la costa norte de Ecuador.<\/li>\n<\/ul>\n<\/div>\n<div class=\"html-div xdj266r x14z9mp xat24cr x1lziwak xexx8yu xyri2b x18d9i69 x1c1uobl\" tabindex=\"-1\">\n<ul>\n<li class=\"xe0n8xf x12d4x0i x1d5s5ig xgwjfdz xmyy1pt x1jdczeh\"><b>Poblaci\u00f3n<\/b>: La comunidad est\u00e1 compuesta por aproximadamente 200 familias, que consideran este territorio como su hogar ancestral.<\/li>\n<\/ul>\n<\/div>\n<div class=\"html-div xdj266r x14z9mp xat24cr x1lziwak xexx8yu xyri2b x18d9i69 x1c1uobl\" tabindex=\"-1\">\n<ul>\n<li class=\"xe0n8xf x12d4x0i x1d5s5ig xgwjfdz xmyy1pt x1jdczeh\"><b>Territorio<\/b>: El territorio Chachi de San Salvador abarca 9,820 hect\u00e1reas y se encuentra en la zona de amortiguamiento de la Reserva Ecol\u00f3gica Mache Chindul.<\/li>\n<\/ul>\n<\/div>\n<div class=\"html-div xdj266r x14z9mp xat24cr x1lziwak xexx8yu xyri2b x18d9i69 x1c1uobl\" tabindex=\"-1\">\n<ul>\n<li class=\"xe0n8xf x12d4x0i x1d5s5ig xgwjfdz xmyy1pt x1jdczeh\"><b>Infraestructura<\/b>: La comunidad cuenta con un centro de salud inaugurado en 2020, gracias a la colaboraci\u00f3n de la Fundaci\u00f3n Ra\u00edz Ecuador &#8211; CAEMBA y otros donantes. El centro de salud tiene un \u00e1rea de 73 m2 y cuenta con cuatro consultorios, dos ba\u00f1os y una sala de espera.<\/li>\n<\/ul>\n<\/div>\n<div class=\"html-div xdj266r x14z9mp xat24cr x1lziwak xexx8yu xyri2b x18d9i69 x1c1uobl\" tabindex=\"-1\">\n<ul>\n<li class=\"xe0n8xf x12d4x0i x1d5s5ig xgwjfdz xmyy1pt x1jdczeh\"><b>Actividades econ\u00f3micas<\/b>: La comunidad Chachi se dedica principalmente a la agricultura, la pesca y la recolecci\u00f3n de productos forestales no maderables.<\/li>\n<\/ul>\n<\/div>\n<div class=\"html-div xdj266r x14z9mp xat24cr x1lziwak xexx8yu xyri2b x18d9i69 x1c1uobl\" tabindex=\"-1\">\n<ul>\n<li class=\"xe0n8xf x12d4x0i x1d5s5ig xgwjfdz xmyy1pt x1jdczeh\"><b>Organizaciones<\/b>: La comunidad Chachi de San Salvador cuenta con la colaboraci\u00f3n de organizaciones como la Fundaci\u00f3n Ra\u00edz Ecuador &#8211; CAEMBA, que ha trabajado en proyectos de salud y desarrollo comunitario en la zona<\/li>\n<\/ul>\n<div class=\"html-div xdj266r x14z9mp xat24cr x1lziwak xexx8yu xyri2b x18d9i69 x1c1uobl\" tabindex=\"-1\">\n<div class=\"xe0n8xf x12d4x0i x1d5s5ig xzzxbak\">El sistema de alimentaci\u00f3n de los Chachis de San Salvador en Muisne se basa en la rica gastronom\u00eda de la regi\u00f3n, que incluye:<\/div>\n<\/div>\n<div class=\"html-div xdj266r x14z9mp xat24cr x1lziwak xexx8yu xyri2b x18d9i69 x1c1uobl\" tabindex=\"-1\">\n<ul>\n<li class=\"xe0n8xf x12d4x0i x1d5s5ig xgwjfdz xmyy1pt x1jdczeh\"><b>Pescados y Mariscos<\/b>: La pesca es una de las principales actividades econ\u00f3micas de la zona, por lo que el pescado y los mariscos son fundamentales en la dieta Chachi. Platos como el ceviche de camar\u00f3n, el encocado de cangrejo azul y el arroz con camar\u00f3n son muy populares.<\/li>\n<\/ul>\n<\/div>\n<div class=\"html-div xdj266r x14z9mp xat24cr x1lziwak xexx8yu xyri2b x18d9i69 x1c1uobl\" tabindex=\"-1\">\n<ul>\n<li class=\"xe0n8xf x12d4x0i x1d5s5ig xgwjfdz xmyy1pt x1jdczeh\"><b>Frutas y Verduras<\/b>: La agricultura es otra actividad importante en la zona, y se cultivan frutas como el coco, la yuca y el guineo, que se utilizan en platos como el much\u00edn, un plato tradicional hecho con yuca o guineo maduro y queso.<\/li>\n<\/ul>\n<\/div>\n<div class=\"html-div xdj266r x14z9mp xat24cr x1lziwak xexx8yu xyri2b x18d9i69 x1c1uobl\" tabindex=\"-1\"><\/div>\n<div class=\"html-div xdj266r x14z9mp xat24cr x1lziwak xexx8yu xyri2b x18d9i69 x1c1uobl\" tabindex=\"-1\">\n<ul>\n<li class=\"xe0n8xf x12d4x0i x1d5s5ig xgwjfdz xmyy1pt x1jdczeh\"><b>Cocina Tradicional<\/b>: La cocina Chachi se caracteriza por el uso de ingredientes frescos y naturales, y se cocina a menudo en fogones de le\u00f1a o en parrillas.<\/li>\n<\/ul>\n<\/div>\n<div class=\"html-div xdj266r x14z9mp xat24cr x1lziwak xexx8yu xyri2b x18d9i69 x1c1uobl\" tabindex=\"-1\">\n<div class=\"xe0n8xf x12d4x0i x1d5s5ig x1cgcltr xzzxbak\">Algunos platos t\u00edpicos de la regi\u00f3n incluyen:<\/div>\n<\/div>\n<div class=\"html-div xdj266r x14z9mp xat24cr x1lziwak xexx8yu xyri2b x18d9i69 x1c1uobl\" tabindex=\"-1\">\n<ul>\n<li class=\"xe0n8xf x12d4x0i x1d5s5ig xgwjfdz xmyy1pt x1jdczeh\"><b>Arroz con Camar\u00f3n<\/b>: Un plato cl\u00e1sico de la cocina esmeralde\u00f1a, hecho con arroz cocido en el caldo de los camarones y servido con aguacates y pl\u00e1tanos maduros fritos.<\/li>\n<\/ul>\n<div class=\"html-div xdj266r x14z9mp xat24cr x1lziwak xexx8yu xyri2b x18d9i69 x1c1uobl\" tabindex=\"-1\">\n<div class=\"xe0n8xf x12d4x0i x1d5s5ig xzzxbak\">Los Chachis han habitado en la regi\u00f3n de Muisne, Esmeraldas, desde hace siglos. Seg\u00fan la tradici\u00f3n Chachi, su origen se remonta a la sierra cerca de Ibarra, desde donde migraron hacia la costa ecuatoriana en \u00e9poca prehisp\u00e1nica, posiblemente debido a la invasi\u00f3n inca o espa\u00f1ola.<\/div>\n<div><\/div>\n<\/div>\n<div class=\"html-div xdj266r x14z9mp xat24cr x1lziwak xexx8yu xyri2b x18d9i69 x1c1uobl\" tabindex=\"-1\">\n<div class=\"xe0n8xf x12d4x0i x1d5s5ig x1cgcltr xzzxbak\"><b>Or\u00edgenes y Migraci\u00f3n<\/b><\/div>\n<\/div>\n<div class=\"html-div xdj266r x14z9mp xat24cr x1lziwak xexx8yu xyri2b x18d9i69 x1c1uobl\" tabindex=\"-1\">\n<div class=\"xe0n8xf x12d4x0i x1d5s5ig x1cgcltr xzzxbak\">Se cree que los Chachis se establecieron inicialmente en Pueblo Viejo, en la zona de la monta\u00f1a donde discurre el curso superior del r\u00edo Santiago. Posteriormente, se trasladaron a la costa ecuatoriana, espec\u00edficamente a la provincia de Esmeraldas, donde se encuentran actualmente.<\/div>\n<div><\/div>\n<\/div>\n<div class=\"html-div xdj266r x14z9mp xat24cr x1lziwak xexx8yu xyri2b x18d9i69 x1c1uobl\" tabindex=\"-1\">\n<div class=\"xe0n8xf x12d4x0i x1d5s5ig x1cgcltr xzzxbak\"><b>Presencia en Muisne<\/b><\/div>\n<\/div>\n<div class=\"html-div xdj266r x14z9mp xat24cr x1lziwak xexx8yu xyri2b x18d9i69 x1c1uobl\" tabindex=\"-1\">\n<div class=\"xe0n8xf x12d4x0i x1d5s5ig x1cgcltr\">En Muisne, los Chachis se establecieron en comunidades como San Salvador, Balzar y Chorrera Grande, que forman parte de la Federaci\u00f3n de Centros Chachis del Ecuador (FECCHE). Estas comunidades luchan por proteger la reserva ecol\u00f3gica Mache Chindul, una de las m\u00e1s ricas en biodiversidad del Ecuador.<\/div>\n<\/div>\n<div>\n<div class=\"html-div xdj266r x14z9mp xat24cr x1lziwak xexx8yu xyri2b x18d9i69 x1c1uobl\" tabindex=\"-1\">\n<div class=\"xe0n8xf x12d4x0i x1d5s5ig xzzxbak\">El gobierno de los Chachis es una estructura comunitaria y aut\u00f3noma, que se basa en la tradici\u00f3n y la cultura de la comunidad. A continuaci\u00f3n, te presento algunos aspectos clave sobre el gobierno Chachi:<\/div>\n<\/div>\n<div class=\"html-div xdj266r x14z9mp xat24cr x1lziwak xexx8yu xyri2b x18d9i69 x1c1uobl\" tabindex=\"-1\">\n<div class=\"xe0n8xf x12d4x0i x1d5s5ig x1cgcltr xzzxbak\"><b>Estructura de Gobierno<\/b><\/div>\n<\/div>\n<div class=\"html-div xdj266r x14z9mp xat24cr x1lziwak xexx8yu xyri2b x18d9i69 x1c1uobl\" tabindex=\"-1\">\n<ul>\n<li class=\"xe0n8xf x12d4x0i x1d5s5ig xgwjfdz xmyy1pt x1jdczeh\"><b>Cabildo<\/b>: Es la m\u00e1xima autoridad de la comunidad Chachi y est\u00e1 compuesto por un gobernador, un teniente gobernador y un secretario.<\/li>\n<\/ul>\n<\/div>\n<div class=\"html-div xdj266r x14z9mp xat24cr x1lziwak xexx8yu xyri2b x18d9i69 x1c1uobl\" tabindex=\"-1\">\n<ul>\n<li class=\"xe0n8xf x12d4x0i x1d5s5ig xgwjfdz xmyy1pt x1jdczeh\"><b>Asamblea Comunitaria<\/b>: Es el \u00f3rgano m\u00e1ximo de decisi\u00f3n de la comunidad, donde se toman decisiones importantes sobre la vida comunitaria.<\/li>\n<\/ul>\n<\/div>\n<div class=\"html-div xdj266r x14z9mp xat24cr x1lziwak xexx8yu xyri2b x18d9i69 x1c1uobl\" tabindex=\"-1\">\n<ul>\n<li class=\"xe0n8xf x12d4x0i x1d5s5ig xgwjfdz xmyy1pt x1jdczeh\"><b>Consejo de Ancianos<\/b>: Es un grupo de personas respetadas y sabias que brindan consejos y orientaci\u00f3n a la comunidad.<\/li>\n<\/ul>\n<\/div>\n<div class=\"html-div xdj266r x14z9mp xat24cr x1lziwak xexx8yu xyri2b x18d9i69 x1c1uobl\" tabindex=\"-1\">\n<div class=\"xe0n8xf x12d4x0i x1d5s5ig x1cgcltr xzzxbak\"><b>Funcionamiento<\/b><\/div>\n<\/div>\n<div class=\"html-div xdj266r x14z9mp xat24cr x1lziwak xexx8yu xyri2b x18d9i69 x1c1uobl\" tabindex=\"-1\">\n<ul>\n<li class=\"xe0n8xf x12d4x0i x1d5s5ig xgwjfdz xmyy1pt x1jdczeh\"><b>Elecciones<\/b>: Los l\u00edderes de la comunidad son elegidos por la asamblea comunitaria.<\/li>\n<\/ul>\n<\/div>\n<div class=\"html-div xdj266r x14z9mp xat24cr x1lziwak xexx8yu xyri2b x18d9i69 x1c1uobl\" tabindex=\"-1\">\n<ul>\n<li class=\"xe0n8xf x12d4x0i x1d5s5ig xgwjfdz xmyy1pt x1jdczeh\"><b>Toma de Decisiones<\/b>: Las decisiones se toman de manera consensuada y se busca el bien com\u00fan de la comunidad.<\/li>\n<\/ul>\n<\/div>\n<div class=\"html-div xdj266r x14z9mp xat24cr x1lziwak xexx8yu xyri2b x18d9i69 x1c1uobl\" tabindex=\"-1\">\n<ul>\n<li class=\"xe0n8xf x12d4x0i x1d5s5ig xgwjfdz xmyy1pt x1jdczeh\"><b>Resoluci\u00f3n de Conflictos<\/b>: Los conflictos se resuelven a trav\u00e9s de la mediaci\u00f3n y la conciliaci\u00f3n, buscando la reconciliaci\u00f3n y la justicia.<\/li>\n<\/ul>\n<\/div>\n<div class=\"html-div xdj266r x14z9mp xat24cr x1lziwak xexx8yu xyri2b x18d9i69 x1c1uobl\" tabindex=\"-1\">\n<div class=\"xe0n8xf x12d4x0i x1d5s5ig x1cgcltr xzzxbak\"><b>Relaci\u00f3n con el Estado Ecuatoriano<\/b><\/div>\n<\/div>\n<div class=\"html-div xdj266r x14z9mp xat24cr x1lziwak xexx8yu xyri2b x18d9i69 x1c1uobl\" tabindex=\"-1\">\n<ul>\n<li class=\"xe0n8xf x12d4x0i x1d5s5ig xgwjfdz xmyy1pt x1jdczeh\"><b>Autonom\u00eda<\/b>: La comunidad Chachi goza de autonom\u00eda en la gesti\u00f3n de sus asuntos internos.<\/li>\n<\/ul>\n<\/div>\n<div class=\"html-div xdj266r x14z9mp xat24cr x1lziwak xexx8yu xyri2b x18d9i69 x1c1uobl\" tabindex=\"-1\">\n<ul>\n<li class=\"xe0n8xf x12d4x0i x1d5s5ig xgwjfdz xmyy1pt x1jdczeh\"><b>Coordinaci\u00f3n<\/b>: La comunidad Chachi coordina con las autoridades estatales para acceder a servicios b\u00e1sicos como educaci\u00f3n y salud.<\/li>\n<\/ul>\n<\/div>\n<div class=\"html-div xdj266r x14z9mp xat24cr x1lziwak xexx8yu xyri2b x18d9i69 x1c1uobl\" tabindex=\"-1\">\n<ul>\n<li class=\"xe0n8xf x12d4x0i x1d5s5ig xgwjfdz xmyy1pt x1jdczeh\"><b>Reconocimiento<\/b>: El Estado ecuatoriano reconoce los derechos colectivos de los pueblos ind\u00edgenas, incluyendo a los Chachis, en la Constituci\u00f3n de 2008.<\/li>\n<\/ul>\n<\/div>\n<\/div>\n<\/div>\n<\/div>\n<\/div>\n<div class=\"x14z9mp xat24cr x1lziwak x1vvkbs xtlvy1s x126k92a\">\n<div dir=\"auto\"><img loading=\"lazy\" decoding=\"async\" class=\"alignnone size-medium wp-image-18002\" src=\"https:\/\/gadmuisne.gob.ec\/web\/wp-content\/uploads\/2025\/12\/594971797_777941191970102_3902030854161649150_n-240x300.jpg\" alt=\"\" width=\"240\" height=\"300\" srcset=\"https:\/\/gadmuisne.gob.ec\/web\/wp-content\/uploads\/2025\/12\/594971797_777941191970102_3902030854161649150_n-240x300.jpg 240w, https:\/\/gadmuisne.gob.ec\/web\/wp-content\/uploads\/2025\/12\/594971797_777941191970102_3902030854161649150_n-819x1024.jpg 819w, https:\/\/gadmuisne.gob.ec\/web\/wp-content\/uploads\/2025\/12\/594971797_777941191970102_3902030854161649150_n-768x960.jpg 768w, https:\/\/gadmuisne.gob.ec\/web\/wp-content\/uploads\/2025\/12\/594971797_777941191970102_3902030854161649150_n-270x338.jpg 270w, https:\/\/gadmuisne.gob.ec\/web\/wp-content\/uploads\/2025\/12\/594971797_777941191970102_3902030854161649150_n-370x463.jpg 370w, https:\/\/gadmuisne.gob.ec\/web\/wp-content\/uploads\/2025\/12\/594971797_777941191970102_3902030854161649150_n-570x713.jpg 570w, https:\/\/gadmuisne.gob.ec\/web\/wp-content\/uploads\/2025\/12\/594971797_777941191970102_3902030854161649150_n-770x963.jpg 770w, https:\/\/gadmuisne.gob.ec\/web\/wp-content\/uploads\/2025\/12\/594971797_777941191970102_3902030854161649150_n-870x1088.jpg 870w, https:\/\/gadmuisne.gob.ec\/web\/wp-content\/uploads\/2025\/12\/594971797_777941191970102_3902030854161649150_n.jpg 1080w\" sizes=\"auto, (max-width: 240px) 100vw, 240px\" \/> <img loading=\"lazy\" decoding=\"async\" class=\"alignnone size-medium wp-image-18003\" src=\"https:\/\/gadmuisne.gob.ec\/web\/wp-content\/uploads\/2025\/12\/592523404_777939055303649_8647480619556010049_n-300x169.jpg\" alt=\"\" width=\"300\" height=\"169\" srcset=\"https:\/\/gadmuisne.gob.ec\/web\/wp-content\/uploads\/2025\/12\/592523404_777939055303649_8647480619556010049_n-300x169.jpg 300w, https:\/\/gadmuisne.gob.ec\/web\/wp-content\/uploads\/2025\/12\/592523404_777939055303649_8647480619556010049_n-1024x576.jpg 1024w, https:\/\/gadmuisne.gob.ec\/web\/wp-content\/uploads\/2025\/12\/592523404_777939055303649_8647480619556010049_n-768x432.jpg 768w, https:\/\/gadmuisne.gob.ec\/web\/wp-content\/uploads\/2025\/12\/592523404_777939055303649_8647480619556010049_n-1536x864.jpg 1536w, https:\/\/gadmuisne.gob.ec\/web\/wp-content\/uploads\/2025\/12\/592523404_777939055303649_8647480619556010049_n-270x152.jpg 270w, https:\/\/gadmuisne.gob.ec\/web\/wp-content\/uploads\/2025\/12\/592523404_777939055303649_8647480619556010049_n-370x208.jpg 370w, https:\/\/gadmuisne.gob.ec\/web\/wp-content\/uploads\/2025\/12\/592523404_777939055303649_8647480619556010049_n-570x321.jpg 570w, https:\/\/gadmuisne.gob.ec\/web\/wp-content\/uploads\/2025\/12\/592523404_777939055303649_8647480619556010049_n-770x433.jpg 770w, https:\/\/gadmuisne.gob.ec\/web\/wp-content\/uploads\/2025\/12\/592523404_777939055303649_8647480619556010049_n-870x489.jpg 870w, https:\/\/gadmuisne.gob.ec\/web\/wp-content\/uploads\/2025\/12\/592523404_777939055303649_8647480619556010049_n-1170x658.jpg 1170w, https:\/\/gadmuisne.gob.ec\/web\/wp-content\/uploads\/2025\/12\/592523404_777939055303649_8647480619556010049_n-1570x883.jpg 1570w, https:\/\/gadmuisne.gob.ec\/web\/wp-content\/uploads\/2025\/12\/592523404_777939055303649_8647480619556010049_n.jpg 2048w\" sizes=\"auto, (max-width: 300px) 100vw, 300px\" \/><img loading=\"lazy\" decoding=\"async\" class=\"alignnone size-medium wp-image-18004\" src=\"https:\/\/gadmuisne.gob.ec\/web\/wp-content\/uploads\/2025\/12\/592865674_777940015303553_4885857180683922986_n-300x169.jpg\" alt=\"\" width=\"300\" height=\"169\" srcset=\"https:\/\/gadmuisne.gob.ec\/web\/wp-content\/uploads\/2025\/12\/592865674_777940015303553_4885857180683922986_n-300x169.jpg 300w, https:\/\/gadmuisne.gob.ec\/web\/wp-content\/uploads\/2025\/12\/592865674_777940015303553_4885857180683922986_n-1024x576.jpg 1024w, https:\/\/gadmuisne.gob.ec\/web\/wp-content\/uploads\/2025\/12\/592865674_777940015303553_4885857180683922986_n-768x432.jpg 768w, https:\/\/gadmuisne.gob.ec\/web\/wp-content\/uploads\/2025\/12\/592865674_777940015303553_4885857180683922986_n-1536x864.jpg 1536w, https:\/\/gadmuisne.gob.ec\/web\/wp-content\/uploads\/2025\/12\/592865674_777940015303553_4885857180683922986_n-270x152.jpg 270w, https:\/\/gadmuisne.gob.ec\/web\/wp-content\/uploads\/2025\/12\/592865674_777940015303553_4885857180683922986_n-370x208.jpg 370w, https:\/\/gadmuisne.gob.ec\/web\/wp-content\/uploads\/2025\/12\/592865674_777940015303553_4885857180683922986_n-570x321.jpg 570w, https:\/\/gadmuisne.gob.ec\/web\/wp-content\/uploads\/2025\/12\/592865674_777940015303553_4885857180683922986_n-770x433.jpg 770w, https:\/\/gadmuisne.gob.ec\/web\/wp-content\/uploads\/2025\/12\/592865674_777940015303553_4885857180683922986_n-870x489.jpg 870w, https:\/\/gadmuisne.gob.ec\/web\/wp-content\/uploads\/2025\/12\/592865674_777940015303553_4885857180683922986_n-1170x658.jpg 1170w, https:\/\/gadmuisne.gob.ec\/web\/wp-content\/uploads\/2025\/12\/592865674_777940015303553_4885857180683922986_n-1570x883.jpg 1570w, https:\/\/gadmuisne.gob.ec\/web\/wp-content\/uploads\/2025\/12\/592865674_777940015303553_4885857180683922986_n.jpg 2048w\" sizes=\"auto, (max-width: 300px) 100vw, 300px\" \/><img loading=\"lazy\" decoding=\"async\" class=\"alignnone size-medium wp-image-18005\" src=\"https:\/\/gadmuisne.gob.ec\/web\/wp-content\/uploads\/2025\/12\/593359016_777939671970254_5257997619599002291_n-300x169.jpg\" alt=\"\" width=\"300\" height=\"169\" srcset=\"https:\/\/gadmuisne.gob.ec\/web\/wp-content\/uploads\/2025\/12\/593359016_777939671970254_5257997619599002291_n-300x169.jpg 300w, https:\/\/gadmuisne.gob.ec\/web\/wp-content\/uploads\/2025\/12\/593359016_777939671970254_5257997619599002291_n-1024x576.jpg 1024w, https:\/\/gadmuisne.gob.ec\/web\/wp-content\/uploads\/2025\/12\/593359016_777939671970254_5257997619599002291_n-768x432.jpg 768w, https:\/\/gadmuisne.gob.ec\/web\/wp-content\/uploads\/2025\/12\/593359016_777939671970254_5257997619599002291_n-1536x864.jpg 1536w, https:\/\/gadmuisne.gob.ec\/web\/wp-content\/uploads\/2025\/12\/593359016_777939671970254_5257997619599002291_n-270x152.jpg 270w, https:\/\/gadmuisne.gob.ec\/web\/wp-content\/uploads\/2025\/12\/593359016_777939671970254_5257997619599002291_n-370x208.jpg 370w, https:\/\/gadmuisne.gob.ec\/web\/wp-content\/uploads\/2025\/12\/593359016_777939671970254_5257997619599002291_n-570x321.jpg 570w, https:\/\/gadmuisne.gob.ec\/web\/wp-content\/uploads\/2025\/12\/593359016_777939671970254_5257997619599002291_n-770x433.jpg 770w, https:\/\/gadmuisne.gob.ec\/web\/wp-content\/uploads\/2025\/12\/593359016_777939671970254_5257997619599002291_n-870x489.jpg 870w, https:\/\/gadmuisne.gob.ec\/web\/wp-content\/uploads\/2025\/12\/593359016_777939671970254_5257997619599002291_n-1170x658.jpg 1170w, https:\/\/gadmuisne.gob.ec\/web\/wp-content\/uploads\/2025\/12\/593359016_777939671970254_5257997619599002291_n-1570x883.jpg 1570w, https:\/\/gadmuisne.gob.ec\/web\/wp-content\/uploads\/2025\/12\/593359016_777939671970254_5257997619599002291_n.jpg 2048w\" sizes=\"auto, (max-width: 300px) 100vw, 300px\" \/><img loading=\"lazy\" decoding=\"async\" class=\"alignnone size-medium wp-image-18006\" src=\"https:\/\/gadmuisne.gob.ec\/web\/wp-content\/uploads\/2025\/12\/594513237_777942268636661_1254305938887234354_n-300x169.jpg\" alt=\"\" width=\"300\" height=\"169\" srcset=\"https:\/\/gadmuisne.gob.ec\/web\/wp-content\/uploads\/2025\/12\/594513237_777942268636661_1254305938887234354_n-300x169.jpg 300w, https:\/\/gadmuisne.gob.ec\/web\/wp-content\/uploads\/2025\/12\/594513237_777942268636661_1254305938887234354_n-1024x576.jpg 1024w, https:\/\/gadmuisne.gob.ec\/web\/wp-content\/uploads\/2025\/12\/594513237_777942268636661_1254305938887234354_n-768x432.jpg 768w, https:\/\/gadmuisne.gob.ec\/web\/wp-content\/uploads\/2025\/12\/594513237_777942268636661_1254305938887234354_n-270x152.jpg 270w, https:\/\/gadmuisne.gob.ec\/web\/wp-content\/uploads\/2025\/12\/594513237_777942268636661_1254305938887234354_n-370x208.jpg 370w, https:\/\/gadmuisne.gob.ec\/web\/wp-content\/uploads\/2025\/12\/594513237_777942268636661_1254305938887234354_n-570x321.jpg 570w, https:\/\/gadmuisne.gob.ec\/web\/wp-content\/uploads\/2025\/12\/594513237_777942268636661_1254305938887234354_n-770x433.jpg 770w, https:\/\/gadmuisne.gob.ec\/web\/wp-content\/uploads\/2025\/12\/594513237_777942268636661_1254305938887234354_n-870x489.jpg 870w, https:\/\/gadmuisne.gob.ec\/web\/wp-content\/uploads\/2025\/12\/594513237_777942268636661_1254305938887234354_n-1170x658.jpg 1170w, https:\/\/gadmuisne.gob.ec\/web\/wp-content\/uploads\/2025\/12\/594513237_777942268636661_1254305938887234354_n.jpg 1280w\" sizes=\"auto, (max-width: 300px) 100vw, 300px\" \/><img loading=\"lazy\" decoding=\"async\" class=\"alignnone size-medium wp-image-18007\" src=\"https:\/\/gadmuisne.gob.ec\/web\/wp-content\/uploads\/2025\/12\/594547983_777939051970316_4700594272823434819_n-300x169.jpg\" alt=\"\" width=\"300\" height=\"169\" srcset=\"https:\/\/gadmuisne.gob.ec\/web\/wp-content\/uploads\/2025\/12\/594547983_777939051970316_4700594272823434819_n-300x169.jpg 300w, https:\/\/gadmuisne.gob.ec\/web\/wp-content\/uploads\/2025\/12\/594547983_777939051970316_4700594272823434819_n-1024x576.jpg 1024w, https:\/\/gadmuisne.gob.ec\/web\/wp-content\/uploads\/2025\/12\/594547983_777939051970316_4700594272823434819_n-768x432.jpg 768w, https:\/\/gadmuisne.gob.ec\/web\/wp-content\/uploads\/2025\/12\/594547983_777939051970316_4700594272823434819_n-1536x864.jpg 1536w, https:\/\/gadmuisne.gob.ec\/web\/wp-content\/uploads\/2025\/12\/594547983_777939051970316_4700594272823434819_n-270x152.jpg 270w, https:\/\/gadmuisne.gob.ec\/web\/wp-content\/uploads\/2025\/12\/594547983_777939051970316_4700594272823434819_n-370x208.jpg 370w, https:\/\/gadmuisne.gob.ec\/web\/wp-content\/uploads\/2025\/12\/594547983_777939051970316_4700594272823434819_n-570x321.jpg 570w, https:\/\/gadmuisne.gob.ec\/web\/wp-content\/uploads\/2025\/12\/594547983_777939051970316_4700594272823434819_n-770x433.jpg 770w, https:\/\/gadmuisne.gob.ec\/web\/wp-content\/uploads\/2025\/12\/594547983_777939051970316_4700594272823434819_n-870x489.jpg 870w, https:\/\/gadmuisne.gob.ec\/web\/wp-content\/uploads\/2025\/12\/594547983_777939051970316_4700594272823434819_n-1170x658.jpg 1170w, https:\/\/gadmuisne.gob.ec\/web\/wp-content\/uploads\/2025\/12\/594547983_777939051970316_4700594272823434819_n-1570x883.jpg 1570w, https:\/\/gadmuisne.gob.ec\/web\/wp-content\/uploads\/2025\/12\/594547983_777939051970316_4700594272823434819_n.jpg 2048w\" sizes=\"auto, (max-width: 300px) 100vw, 300px\" \/><img loading=\"lazy\" decoding=\"async\" class=\"alignnone size-medium wp-image-18008\" src=\"https:\/\/gadmuisne.gob.ec\/web\/wp-content\/uploads\/2025\/12\/594957106_777942275303327_763007914416681257_n-300x169.jpg\" alt=\"\" width=\"300\" height=\"169\" srcset=\"https:\/\/gadmuisne.gob.ec\/web\/wp-content\/uploads\/2025\/12\/594957106_777942275303327_763007914416681257_n-300x169.jpg 300w, https:\/\/gadmuisne.gob.ec\/web\/wp-content\/uploads\/2025\/12\/594957106_777942275303327_763007914416681257_n-1024x576.jpg 1024w, https:\/\/gadmuisne.gob.ec\/web\/wp-content\/uploads\/2025\/12\/594957106_777942275303327_763007914416681257_n-768x432.jpg 768w, https:\/\/gadmuisne.gob.ec\/web\/wp-content\/uploads\/2025\/12\/594957106_777942275303327_763007914416681257_n-270x152.jpg 270w, https:\/\/gadmuisne.gob.ec\/web\/wp-content\/uploads\/2025\/12\/594957106_777942275303327_763007914416681257_n-370x208.jpg 370w, https:\/\/gadmuisne.gob.ec\/web\/wp-content\/uploads\/2025\/12\/594957106_777942275303327_763007914416681257_n-570x321.jpg 570w, https:\/\/gadmuisne.gob.ec\/web\/wp-content\/uploads\/2025\/12\/594957106_777942275303327_763007914416681257_n-770x433.jpg 770w, https:\/\/gadmuisne.gob.ec\/web\/wp-content\/uploads\/2025\/12\/594957106_777942275303327_763007914416681257_n-870x489.jpg 870w, https:\/\/gadmuisne.gob.ec\/web\/wp-content\/uploads\/2025\/12\/594957106_777942275303327_763007914416681257_n-1170x658.jpg 1170w, https:\/\/gadmuisne.gob.ec\/web\/wp-content\/uploads\/2025\/12\/594957106_777942275303327_763007914416681257_n.jpg 1280w\" sizes=\"auto, (max-width: 300px) 100vw, 300px\" \/><img loading=\"lazy\" decoding=\"async\" class=\"alignnone size-medium wp-image-18009\" src=\"https:\/\/gadmuisne.gob.ec\/web\/wp-content\/uploads\/2025\/12\/594962322_777939858636902_7578946342782765908_n-300x169.jpg\" alt=\"\" width=\"300\" height=\"169\" srcset=\"https:\/\/gadmuisne.gob.ec\/web\/wp-content\/uploads\/2025\/12\/594962322_777939858636902_7578946342782765908_n-300x169.jpg 300w, https:\/\/gadmuisne.gob.ec\/web\/wp-content\/uploads\/2025\/12\/594962322_777939858636902_7578946342782765908_n-1024x576.jpg 1024w, https:\/\/gadmuisne.gob.ec\/web\/wp-content\/uploads\/2025\/12\/594962322_777939858636902_7578946342782765908_n-768x432.jpg 768w, https:\/\/gadmuisne.gob.ec\/web\/wp-content\/uploads\/2025\/12\/594962322_777939858636902_7578946342782765908_n-1536x864.jpg 1536w, https:\/\/gadmuisne.gob.ec\/web\/wp-content\/uploads\/2025\/12\/594962322_777939858636902_7578946342782765908_n-270x152.jpg 270w, https:\/\/gadmuisne.gob.ec\/web\/wp-content\/uploads\/2025\/12\/594962322_777939858636902_7578946342782765908_n-370x208.jpg 370w, https:\/\/gadmuisne.gob.ec\/web\/wp-content\/uploads\/2025\/12\/594962322_777939858636902_7578946342782765908_n-570x321.jpg 570w, https:\/\/gadmuisne.gob.ec\/web\/wp-content\/uploads\/2025\/12\/594962322_777939858636902_7578946342782765908_n-770x433.jpg 770w, https:\/\/gadmuisne.gob.ec\/web\/wp-content\/uploads\/2025\/12\/594962322_777939858636902_7578946342782765908_n-870x489.jpg 870w, https:\/\/gadmuisne.gob.ec\/web\/wp-content\/uploads\/2025\/12\/594962322_777939858636902_7578946342782765908_n-1170x658.jpg 1170w, https:\/\/gadmuisne.gob.ec\/web\/wp-content\/uploads\/2025\/12\/594962322_777939858636902_7578946342782765908_n-1570x883.jpg 1570w, https:\/\/gadmuisne.gob.ec\/web\/wp-content\/uploads\/2025\/12\/594962322_777939858636902_7578946342782765908_n.jpg 2048w\" sizes=\"auto, (max-width: 300px) 100vw, 300px\" \/><img loading=\"lazy\" decoding=\"async\" class=\"alignnone size-medium wp-image-18010\" src=\"https:\/\/gadmuisne.gob.ec\/web\/wp-content\/uploads\/2025\/12\/594965536_777939505303604_8688911955366654107_n-300x169.jpg\" alt=\"\" width=\"300\" height=\"169\" srcset=\"https:\/\/gadmuisne.gob.ec\/web\/wp-content\/uploads\/2025\/12\/594965536_777939505303604_8688911955366654107_n-300x169.jpg 300w, https:\/\/gadmuisne.gob.ec\/web\/wp-content\/uploads\/2025\/12\/594965536_777939505303604_8688911955366654107_n-1024x576.jpg 1024w, https:\/\/gadmuisne.gob.ec\/web\/wp-content\/uploads\/2025\/12\/594965536_777939505303604_8688911955366654107_n-768x432.jpg 768w, https:\/\/gadmuisne.gob.ec\/web\/wp-content\/uploads\/2025\/12\/594965536_777939505303604_8688911955366654107_n-1536x864.jpg 1536w, https:\/\/gadmuisne.gob.ec\/web\/wp-content\/uploads\/2025\/12\/594965536_777939505303604_8688911955366654107_n-270x152.jpg 270w, https:\/\/gadmuisne.gob.ec\/web\/wp-content\/uploads\/2025\/12\/594965536_777939505303604_8688911955366654107_n-370x208.jpg 370w, https:\/\/gadmuisne.gob.ec\/web\/wp-content\/uploads\/2025\/12\/594965536_777939505303604_8688911955366654107_n-570x321.jpg 570w, https:\/\/gadmuisne.gob.ec\/web\/wp-content\/uploads\/2025\/12\/594965536_777939505303604_8688911955366654107_n-770x433.jpg 770w, https:\/\/gadmuisne.gob.ec\/web\/wp-content\/uploads\/2025\/12\/594965536_777939505303604_8688911955366654107_n-870x489.jpg 870w, https:\/\/gadmuisne.gob.ec\/web\/wp-content\/uploads\/2025\/12\/594965536_777939505303604_8688911955366654107_n-1170x658.jpg 1170w, https:\/\/gadmuisne.gob.ec\/web\/wp-content\/uploads\/2025\/12\/594965536_777939505303604_8688911955366654107_n-1570x883.jpg 1570w, https:\/\/gadmuisne.gob.ec\/web\/wp-content\/uploads\/2025\/12\/594965536_777939505303604_8688911955366654107_n.jpg 2048w\" sizes=\"auto, (max-width: 300px) 100vw, 300px\" \/><\/div>\n<\/div>\n","protected":false},"excerpt":{"rendered":"<p>Avanzamos por el agua segura en San Salvador Junto a t\u00e9cnicos del BDE y miembros del programa PROMADEC visitamos la comunidad de San Salvador para avanzar en la fase final de preparaci\u00f3n del proyecto de agua potable. Este proyecto ser\u00e1 financiado con un 11% a trav\u00e9s de un cupo de&#8230;<\/p>\n","protected":false},"author":4,"featured_media":18002,"comment_status":"closed","ping_status":"open","sticky":false,"template":"","format":"standard","meta":{"footnotes":""},"categories":[35],"tags":[],"class_list":["post-18001","post","type-post","status-publish","format-standard","has-post-thumbnail","hentry","category-actividades"],"_links":{"self":[{"href":"https:\/\/gadmuisne.gob.ec\/web\/wp-json\/wp\/v2\/posts\/18001","targetHints":{"allow":["GET"]}}],"collection":[{"href":"https:\/\/gadmuisne.gob.ec\/web\/wp-json\/wp\/v2\/posts"}],"about":[{"href":"https:\/\/gadmuisne.gob.ec\/web\/wp-json\/wp\/v2\/types\/post"}],"author":[{"embeddable":true,"href":"https:\/\/gadmuisne.gob.ec\/web\/wp-json\/wp\/v2\/users\/4"}],"replies":[{"embeddable":true,"href":"https:\/\/gadmuisne.gob.ec\/web\/wp-json\/wp\/v2\/comments?post=18001"}],"version-history":[{"count":1,"href":"https:\/\/gadmuisne.gob.ec\/web\/wp-json\/wp\/v2\/posts\/18001\/revisions"}],"predecessor-version":[{"id":18011,"href":"https:\/\/gadmuisne.gob.ec\/web\/wp-json\/wp\/v2\/posts\/18001\/revisions\/18011"}],"wp:featuredmedia":[{"embeddable":true,"href":"https:\/\/gadmuisne.gob.ec\/web\/wp-json\/wp\/v2\/media\/18002"}],"wp:attachment":[{"href":"https:\/\/gadmuisne.gob.ec\/web\/wp-json\/wp\/v2\/media?parent=18001"}],"wp:term":[{"taxonomy":"category","embeddable":true,"href":"https:\/\/gadmuisne.gob.ec\/web\/wp-json\/wp\/v2\/categories?post=18001"},{"taxonomy":"post_tag","embeddable":true,"href":"https:\/\/gadmuisne.gob.ec\/web\/wp-json\/wp\/v2\/tags?post=18001"}],"curies":[{"name":"wp","href":"https:\/\/api.w.org\/{rel}","templated":true}]}}