{"id":18012,"date":"2025-12-03T16:39:35","date_gmt":"2025-12-03T21:39:35","guid":{"rendered":"https:\/\/gadmuisne.gob.ec\/web\/?p=18012"},"modified":"2025-12-03T16:39:35","modified_gmt":"2025-12-03T21:39:35","slug":"condolencias","status":"publish","type":"post","link":"https:\/\/gadmuisne.gob.ec\/web\/condolencias\/","title":{"rendered":"Condolencias"},"content":{"rendered":"<div dir=\"auto\" style=\"text-align: justify;\"><\/div>\n<div dir=\"auto\" style=\"text-align: justify;\">Extendemos nuestras sentidas condolencias a los familiares y amigos, en especial a su hija, la Dra. Ana Roc\u00edo \u00c1vila Cox, jueza de Quinind\u00e9, por tan irreparable p\u00e9rdida.<\/div>\n<div dir=\"auto\"><img loading=\"lazy\" decoding=\"async\" class=\"alignnone size-medium wp-image-18013\" src=\"https:\/\/gadmuisne.gob.ec\/web\/wp-content\/uploads\/2025\/12\/594761454_777972898633598_5634967937498752739_n-300x300.jpg\" alt=\"\" width=\"300\" height=\"300\" srcset=\"https:\/\/gadmuisne.gob.ec\/web\/wp-content\/uploads\/2025\/12\/594761454_777972898633598_5634967937498752739_n-300x300.jpg 300w, https:\/\/gadmuisne.gob.ec\/web\/wp-content\/uploads\/2025\/12\/594761454_777972898633598_5634967937498752739_n-1024x1024.jpg 1024w, https:\/\/gadmuisne.gob.ec\/web\/wp-content\/uploads\/2025\/12\/594761454_777972898633598_5634967937498752739_n-150x150.jpg 150w, https:\/\/gadmuisne.gob.ec\/web\/wp-content\/uploads\/2025\/12\/594761454_777972898633598_5634967937498752739_n-768x767.jpg 768w, https:\/\/gadmuisne.gob.ec\/web\/wp-content\/uploads\/2025\/12\/594761454_777972898633598_5634967937498752739_n-70x70.jpg 70w, https:\/\/gadmuisne.gob.ec\/web\/wp-content\/uploads\/2025\/12\/594761454_777972898633598_5634967937498752739_n-270x270.jpg 270w, https:\/\/gadmuisne.gob.ec\/web\/wp-content\/uploads\/2025\/12\/594761454_777972898633598_5634967937498752739_n-370x370.jpg 370w, https:\/\/gadmuisne.gob.ec\/web\/wp-content\/uploads\/2025\/12\/594761454_777972898633598_5634967937498752739_n-570x569.jpg 570w, https:\/\/gadmuisne.gob.ec\/web\/wp-content\/uploads\/2025\/12\/594761454_777972898633598_5634967937498752739_n-770x769.jpg 770w, https:\/\/gadmuisne.gob.ec\/web\/wp-content\/uploads\/2025\/12\/594761454_777972898633598_5634967937498752739_n-870x869.jpg 870w, https:\/\/gadmuisne.gob.ec\/web\/wp-content\/uploads\/2025\/12\/594761454_777972898633598_5634967937498752739_n.jpg 1080w\" sizes=\"auto, (max-width: 300px) 100vw, 300px\" \/><\/div>\n","protected":false},"excerpt":{"rendered":"<p>Extendemos nuestras sentidas condolencias a los familiares y amigos, en especial a su hija, la Dra. Ana Roc\u00edo \u00c1vila Cox, jueza de Quinind\u00e9, por tan irreparable p\u00e9rdida.<\/p>\n","protected":false},"author":4,"featured_media":18013,"comment_status":"closed","ping_status":"open","sticky":false,"template":"","format":"standard","meta":{"footnotes":""},"categories":[35],"tags":[],"class_list":["post-18012","post","type-post","status-publish","format-standard","has-post-thumbnail","hentry","category-actividades"],"_links":{"self":[{"href":"https:\/\/gadmuisne.gob.ec\/web\/wp-json\/wp\/v2\/posts\/18012","targetHints":{"allow":["GET"]}}],"collection":[{"href":"https:\/\/gadmuisne.gob.ec\/web\/wp-json\/wp\/v2\/posts"}],"about":[{"href":"https:\/\/gadmuisne.gob.ec\/web\/wp-json\/wp\/v2\/types\/post"}],"author":[{"embeddable":true,"href":"https:\/\/gadmuisne.gob.ec\/web\/wp-json\/wp\/v2\/users\/4"}],"replies":[{"embeddable":true,"href":"https:\/\/gadmuisne.gob.ec\/web\/wp-json\/wp\/v2\/comments?post=18012"}],"version-history":[{"count":1,"href":"https:\/\/gadmuisne.gob.ec\/web\/wp-json\/wp\/v2\/posts\/18012\/revisions"}],"predecessor-version":[{"id":18014,"href":"https:\/\/gadmuisne.gob.ec\/web\/wp-json\/wp\/v2\/posts\/18012\/revisions\/18014"}],"wp:featuredmedia":[{"embeddable":true,"href":"https:\/\/gadmuisne.gob.ec\/web\/wp-json\/wp\/v2\/media\/18013"}],"wp:attachment":[{"href":"https:\/\/gadmuisne.gob.ec\/web\/wp-json\/wp\/v2\/media?parent=18012"}],"wp:term":[{"taxonomy":"category","embeddable":true,"href":"https:\/\/gadmuisne.gob.ec\/web\/wp-json\/wp\/v2\/categories?post=18012"},{"taxonomy":"post_tag","embeddable":true,"href":"https:\/\/gadmuisne.gob.ec\/web\/wp-json\/wp\/v2\/tags?post=18012"}],"curies":[{"name":"wp","href":"https:\/\/api.w.org\/{rel}","templated":true}]}}