{"id":18143,"date":"2025-12-09T12:21:06","date_gmt":"2025-12-09T17:21:06","guid":{"rendered":"https:\/\/gadmuisne.gob.ec\/web\/?p=18143"},"modified":"2025-12-09T12:21:42","modified_gmt":"2025-12-09T17:21:42","slug":"las-actividades-para-festejar-a-portete-iniciaron-es-por-eso-que-te-invitamos-a-que-te-sumes-tambien-a-esta-agenda-festiva","status":"publish","type":"post","link":"https:\/\/gadmuisne.gob.ec\/web\/las-actividades-para-festejar-a-portete-iniciaron-es-por-eso-que-te-invitamos-a-que-te-sumes-tambien-a-esta-agenda-festiva\/","title":{"rendered":"Las actividades para festejar a Portete iniciaron, es por eso que te invitamos a que te sumes tambi\u00e9n a esta agenda festiva."},"content":{"rendered":"<div class=\"html-div xdj266r x14z9mp xat24cr x1lziwak xexx8yu xyri2b x18d9i69 x1c1uobl\">\n<div class=\"html-div xdj266r x14z9mp xat24cr x1lziwak xexx8yu xyri2b x18d9i69 x1c1uobl\" dir=\"auto\">\n<div class=\"html-div xdj266r x14z9mp xat24cr x1lziwak xexx8yu xyri2b x18d9i69 x1c1uobl\" data-ad-rendering-role=\"story_message\">\n<div id=\"_r_esg_\" class=\"x1l90r2v x1iorvi4 x1g0dm76 xpdmqnj\" data-ad-comet-preview=\"message\" data-ad-preview=\"message\">\n<div class=\"x78zum5 xdt5ytf xz62fqu x16ldp7u\">\n<div class=\"xu06os2 x1ok221b\">\n<div class=\"html-div xdj266r x14z9mp xat24cr x1lziwak xexx8yu xyri2b x18d9i69 x1c1uobl\">\n<div class=\"xdj266r x14z9mp xat24cr x1lziwak x1vvkbs x126k92a\">\n<div dir=\"auto\">\u00a1Portete est\u00e1 de fiesta!<\/div>\n<\/div>\n<div class=\"x14z9mp xat24cr x1lziwak x1vvkbs xtlvy1s x126k92a\">\n<div dir=\"auto\">Las actividades para festejar a Portete iniciaron, es por eso que te invitamos a que te sumes tambi\u00e9n a esta agenda festiva.<\/div>\n<\/div>\n<div class=\"x14z9mp xat24cr x1lziwak x1vvkbs xtlvy1s x126k92a\">\n<div dir=\"auto\">Ven a vivir la emoci\u00f3n, la cultura y los sabores de nuestra tierra en cada una de las actividades que nos acompa\u00f1ar\u00e1n hasta el 13 de diciembre.<\/div>\n<div dir=\"auto\"><\/div>\n<div dir=\"auto\">Portete te espera con m\u00fasica, gastronom\u00eda \u00fanica y el calor de nuestra gente.<\/div>\n<div dir=\"auto\">\n<div class=\"html-div xdj266r x14z9mp xat24cr x1lziwak xexx8yu xyri2b x18d9i69 x1c1uobl\" tabindex=\"-1\">\n<div class=\"xe0n8xf x12d4x0i x1d5s5ig xzzxbak\">ortete es un barrio emblem\u00e1tico de Loja, Ecuador, conocido por su rica historia y tradiciones. Seg\u00fan la leyenda, el nombre \u00abPortete\u00bb proviene de un antiguo due\u00f1o de una hacienda llamada \u00abPortete\u00bb, que se ubicaba en el \u00e1rea.<\/div>\n<div><\/div>\n<\/div>\n<div class=\"html-div xdj266r x14z9mp xat24cr x1lziwak xexx8yu xyri2b x18d9i69 x1c1uobl\" tabindex=\"-1\">\n<div class=\"xe0n8xf x12d4x0i x1d5s5ig x1cgcltr xzzxbak\">Una de las historias m\u00e1s populares sobre Portete cuenta que en el siglo XIX, el barrio era un importante centro de producci\u00f3n de ca\u00f1a de az\u00facar y aguardiente. Los trabajadores de la hacienda se reun\u00edan en la noche para cantar y bailar, creando una atm\u00f3sfera festiva que se ha mantenido hasta hoy en d\u00eda.<\/div>\n<div><\/div>\n<\/div>\n<div class=\"html-div xdj266r x14z9mp xat24cr x1lziwak xexx8yu xyri2b x18d9i69 x1c1uobl\" tabindex=\"-1\">\n<div class=\"xe0n8xf x12d4x0i x1d5s5ig x1cgcltr\">La fiesta de Portete es famosa por sus comparsas, m\u00fasica en vivo y deliciosos platos t\u00edpicos. Es un momento en el que la comunidad se re\u00fane para celebrar su identidad y tradiciones.<\/div>\n<\/div>\n<\/div>\n<div>\n<div class=\"html-div xdj266r x14z9mp xat24cr x1lziwak xexx8yu xyri2b x18d9i69 x1c1uobl\" tabindex=\"-1\">\n<div class=\"xe0n8xf x12d4x0i x1d5s5ig xzzxbak\">En Portete, tienes una variedad de actividades tur\u00edsticas para disfrutar:<\/div>\n<div><\/div>\n<\/div>\n<div class=\"html-div xdj266r x14z9mp xat24cr x1lziwak xexx8yu xyri2b x18d9i69 x1c1uobl\" tabindex=\"-1\">\n<div class=\"xe0n8xf x12d4x0i x1d5s5ig x1cgcltr xzzxbak\"><b>Actividades en la Playa<\/b><\/div>\n<\/div>\n<div class=\"html-div xdj266r x14z9mp xat24cr x1lziwak xexx8yu xyri2b x18d9i69 x1c1uobl\" tabindex=\"-1\">\n<ul>\n<li class=\"xe0n8xf x12d4x0i x1d5s5ig xgwjfdz xmyy1pt x1jdczeh\">Disfruta de la playa de arena blanca y aguas cristalinas<\/li>\n<\/ul>\n<\/div>\n<div class=\"html-div xdj266r x14z9mp xat24cr x1lziwak xexx8yu xyri2b x18d9i69 x1c1uobl\" tabindex=\"-1\">\n<ul>\n<li class=\"xe0n8xf x12d4x0i x1d5s5ig xgwjfdz xmyy1pt x1jdczeh\">Practica deportes acu\u00e1ticos como parapente, kitesurfing, wakeboarding y surfing (de enero a mayo)<\/li>\n<\/ul>\n<\/div>\n<div class=\"html-div xdj266r x14z9mp xat24cr x1lziwak xexx8yu xyri2b x18d9i69 x1c1uobl\" tabindex=\"-1\">\n<ul>\n<li class=\"xe0n8xf x12d4x0i x1d5s5ig xgwjfdz xmyy1pt x1jdczeh\">Pasea a caballo por la playa<\/li>\n<\/ul>\n<\/div>\n<div class=\"html-div xdj266r x14z9mp xat24cr x1lziwak xexx8yu xyri2b x18d9i69 x1c1uobl\" tabindex=\"-1\">\n<ul>\n<li class=\"xe0n8xf x12d4x0i x1d5s5ig xgwjfdz xmyy1pt x1jdczeh\">Observa la puesta de sol en la playa<\/li>\n<\/ul>\n<\/div>\n<div class=\"html-div xdj266r x14z9mp xat24cr x1lziwak xexx8yu xyri2b x18d9i69 x1c1uobl\" tabindex=\"-1\">\n<div class=\"xe0n8xf x12d4x0i x1d5s5ig x1cgcltr xzzxbak\"><b>Ecoturismo<\/b><\/div>\n<\/div>\n<div class=\"html-div xdj266r x14z9mp xat24cr x1lziwak xexx8yu xyri2b x18d9i69 x1c1uobl\" tabindex=\"-1\">\n<ul>\n<li class=\"xe0n8xf x12d4x0i x1d5s5ig xgwjfdz xmyy1pt x1jdczeh\">Explora los manglares de la isla en lancha o a pie<\/li>\n<\/ul>\n<\/div>\n<div class=\"html-div xdj266r x14z9mp xat24cr x1lziwak xexx8yu xyri2b x18d9i69 x1c1uobl\" tabindex=\"-1\">\n<ul>\n<li class=\"xe0n8xf x12d4x0i x1d5s5ig xgwjfdz xmyy1pt x1jdczeh\">Observa la fauna local, incluyendo pel\u00edcanos, gaviotines, fragatas y tortugas marinas<\/li>\n<\/ul>\n<\/div>\n<div class=\"html-div xdj266r x14z9mp xat24cr x1lziwak xexx8yu xyri2b x18d9i69 x1c1uobl\" tabindex=\"-1\">\n<ul>\n<li class=\"xe0n8xf x12d4x0i x1d5s5ig xgwjfdz xmyy1pt x1jdczeh\">Participa en la conservaci\u00f3n de tortugas marinas y aprende sobre su proceso de desove<\/li>\n<\/ul>\n<\/div>\n<div class=\"html-div xdj266r x14z9mp xat24cr x1lziwak xexx8yu xyri2b x18d9i69 x1c1uobl\" tabindex=\"-1\">\n<div class=\"xe0n8xf x12d4x0i x1d5s5ig x1cgcltr xzzxbak\"><b>Cultura y Gastronom\u00eda<\/b><\/div>\n<\/div>\n<div class=\"html-div xdj266r x14z9mp xat24cr x1lziwak xexx8yu xyri2b x18d9i69 x1c1uobl\" tabindex=\"-1\">\n<ul>\n<li class=\"xe0n8xf x12d4x0i x1d5s5ig xgwjfdz xmyy1pt x1jdczeh\">Disfruta de la gastronom\u00eda esmeralde\u00f1a, incluyendo ceviches, encocados y platos t\u00edpicos<\/li>\n<\/ul>\n<\/div>\n<div class=\"html-div xdj266r x14z9mp xat24cr x1lziwak xexx8yu xyri2b x18d9i69 x1c1uobl\" tabindex=\"-1\">\n<ul>\n<li class=\"xe0n8xf x12d4x0i x1d5s5ig xgwjfdz xmyy1pt x1jdczeh\">Visita las comunidades afroecuatorianas y aprende sobre su cultura y tradiciones<\/li>\n<\/ul>\n<\/div>\n<div class=\"html-div xdj266r x14z9mp xat24cr x1lziwak xexx8yu xyri2b x18d9i69 x1c1uobl\" tabindex=\"-1\">\n<ul>\n<li class=\"xe0n8xf x12d4x0i x1d5s5ig xgwjfdz xmyy1pt x1jdczeh\">Participa en talleres de marimba o danza tradicional<\/li>\n<\/ul>\n<\/div>\n<div class=\"html-div xdj266r x14z9mp xat24cr x1lziwak xexx8yu xyri2b x18d9i69 x1c1uobl\" tabindex=\"-1\">\n<div class=\"xe0n8xf x12d4x0i x1d5s5ig x1cgcltr xzzxbak\"><b>Alojamiento y Transporte<\/b><\/div>\n<\/div>\n<div class=\"html-div xdj266r x14z9mp xat24cr x1lziwak xexx8yu xyri2b x18d9i69 x1c1uobl\" tabindex=\"-1\">\n<ul>\n<li class=\"xe0n8xf x12d4x0i x1d5s5ig xgwjfdz xmyy1pt x1jdczeh\">Hospedaje en hoteles, villas familiares o hostales<\/li>\n<\/ul>\n<\/div>\n<div class=\"html-div xdj266r x14z9mp xat24cr x1lziwak xexx8yu xyri2b x18d9i69 x1c1uobl\" tabindex=\"-1\">\n<ul>\n<li class=\"xe0n8xf x12d4x0i x1d5s5ig xgwjfdz xmyy1pt x1jdczeh\">Acampa en zonas privadas o autorizadas<\/li>\n<\/ul>\n<\/div>\n<div class=\"html-div xdj266r x14z9mp xat24cr x1lziwak xexx8yu xyri2b x18d9i69 x1c1uobl\" tabindex=\"-1\">\n<ul>\n<li class=\"xe0n8xf x12d4x0i x1d5s5ig xgwjfdz xmyy1pt x1jdczeh\">Lanza en lancha desde Mompiche hasta la isla (costo: $0,50).<\/li>\n<\/ul>\n<div class=\"html-div xdj266r x14z9mp xat24cr x1lziwak xexx8yu xyri2b x18d9i69 x1c1uobl\" tabindex=\"-1\">\n<div class=\"xe0n8xf x12d4x0i x1d5s5ig xzzxbak\">Los primeros habitantes de Portete fueron los mantas, una cultura precolombina que se desarroll\u00f3 en la regi\u00f3n de Manab\u00ed, Ecuador, alrededor del siglo VIII d.C.<\/div>\n<\/div>\n<div class=\"html-div xdj266r x14z9mp xat24cr x1lziwak xexx8yu xyri2b x18d9i69 x1c1uobl\" tabindex=\"-1\">\n<div class=\"xe0n8xf x12d4x0i x1d5s5ig x1cgcltr xzzxbak\">Los mantas eran una sociedad compleja y avanzada, conocidos por su habilidad en la navegaci\u00f3n, pesca y comercio. Tambi\u00e9n eran expertos en la agricultura y la alfarer\u00eda.<\/div>\n<\/div>\n<div class=\"html-div xdj266r x14z9mp xat24cr x1lziwak xexx8yu xyri2b x18d9i69 x1c1uobl\" tabindex=\"-1\">\n<div class=\"xe0n8xf x12d4x0i x1d5s5ig x1cgcltr xzzxbak\">Con la llegada de los espa\u00f1oles en el siglo XVI, la poblaci\u00f3n ind\u00edgena fue diezmada por las enfermedades y la conquista. Sin embargo, la cultura manta ha dejado una huella duradera en la regi\u00f3n, y su legado se puede ver en la arquitectura, la m\u00fasica y las tradiciones de Portete.<\/div>\n<div><\/div>\n<div>\n<div class=\"html-div xdj266r x14z9mp xat24cr x1lziwak xexx8yu xyri2b x18d9i69 x1c1uobl\" tabindex=\"-1\">\n<div class=\"xe0n8xf x12d4x0i x1d5s5ig xzzxbak\">Seg\u00fan la historia, Alonso de Illescas lleg\u00f3 a la regi\u00f3n de Esmeraldas, donde se encuentra Portete, en el siglo XVI, espec\u00edficamente en 1553, despu\u00e9s de un naufragio en la costa.<\/div>\n<\/div>\n<div class=\"html-div xdj266r x14z9mp xat24cr x1lziwak xexx8yu xyri2b x18d9i69 x1c1uobl\" tabindex=\"-1\">\n<div class=\"xe0n8xf x12d4x0i x1d5s5ig x1cgcltr xzzxbak\">Se cree que Illescas y un grupo de africanos que hab\u00edan sobrevivido al naufragio se establecieron en la zona, donde se integraron con la poblaci\u00f3n local y formaron una comunidad. Con el tiempo, Illescas se convirti\u00f3 en un l\u00edder respetado y estableci\u00f3 un gobierno en la regi\u00f3n, que se mantuvo independiente durante muchos a\u00f1os.<\/div>\n<div><\/div>\n<\/div>\n<div class=\"html-div xdj266r x14z9mp xat24cr x1lziwak xexx8yu xyri2b x18d9i69 x1c1uobl\" tabindex=\"-1\">\n<div class=\"xe0n8xf x12d4x0i x1d5s5ig x1cgcltr\">La llegada de Illescas a Portete marc\u00f3 el comienzo de una nueva era en la regi\u00f3n, caracterizada por la mezcla de culturas africanas, ind\u00edgenas y espa\u00f1olas. Su legado ha tenido un impacto duradero en la identidad cultural de la regi\u00f3n.<\/div>\n<div><\/div>\n<\/div>\n<\/div>\n<\/div>\n<\/div>\n<\/div>\n<\/div>\n<\/div>\n<\/div>\n<\/div>\n<div>\n<div class=\"html-div xdj266r x14z9mp xat24cr x1lziwak xexx8yu xyri2b x18d9i69 x1c1uobl\" tabindex=\"-1\">\n<div class=\"xe0n8xf x12d4x0i x1d5s5ig xzzxbak\">Alonso de Illescas fue un h\u00e9roe ecuatoriano que luch\u00f3 por la libertad en el siglo XVI. Era un cimarr\u00f3n que se convirti\u00f3 en gobernador y l\u00edder de un grupo de esclavos africanos establecidos en Ecuador, espec\u00edficamente en la provincia de Esmeraldas.<\/div>\n<div><\/div>\n<\/div>\n<div class=\"html-div xdj266r x14z9mp xat24cr x1lziwak xexx8yu xyri2b x18d9i69 x1c1uobl\" tabindex=\"-1\">\n<div class=\"xe0n8xf x12d4x0i x1d5s5ig x1cgcltr xzzxbak\">Naci\u00f3 en \u00c1frica alrededor de 1528 y fue llevado a Espa\u00f1a como esclavo a los 10 a\u00f1os. All\u00ed aprendi\u00f3 la cultura espa\u00f1ola, el idioma y la religi\u00f3n cat\u00f3lica. Luego fue llevado a Am\u00e9rica, pero el barco en el que viajaba naufrag\u00f3 en las costas de Esmeraldas, donde estableci\u00f3 un gobierno en libertad.<\/div>\n<div><\/div>\n<\/div>\n<div class=\"html-div xdj266r x14z9mp xat24cr x1lziwak xexx8yu xyri2b x18d9i69 x1c1uobl\" tabindex=\"-1\">\n<div class=\"xe0n8xf x12d4x0i x1d5s5ig x1cgcltr\">Illescas se convirti\u00f3 en un l\u00edder respetado tanto por los locales como por los espa\u00f1oles, quienes le otorgaron un nombramiento como gobernador. Su legado es recordado como un s\u00edmbolo de la lucha por la libertad y la identidad afroecuatoriana. De hecho, el 2 de octubre se celebra en Ecuador el D\u00eda de la Libertad Afroecuatoriana en su honor.<\/div>\n<\/div>\n<\/div>\n<\/div>\n<\/div>\n<\/div>\n<\/div>\n<div class=\"x8gbvx8 x80vd3b x1q0q8m5 xso031l x8cjs6t x13fuv20 x178xt8z x78zum5 x1q0g3np x1qughib xz9dl7a xpdmqnj xsag5q8 x1onr9mi\">\n<div class=\"x78zum5 x1q0g3np\">\n<div class=\"xwklpps x1xmf6yo xf159sx\"><img loading=\"lazy\" decoding=\"async\" class=\"alignnone size-medium wp-image-18144\" src=\"https:\/\/gadmuisne.gob.ec\/web\/wp-content\/uploads\/2025\/12\/597559399_782242891539932_6152066407896544996_n-300x269.jpg\" alt=\"\" width=\"300\" height=\"269\" srcset=\"https:\/\/gadmuisne.gob.ec\/web\/wp-content\/uploads\/2025\/12\/597559399_782242891539932_6152066407896544996_n-300x269.jpg 300w, https:\/\/gadmuisne.gob.ec\/web\/wp-content\/uploads\/2025\/12\/597559399_782242891539932_6152066407896544996_n-1024x917.jpg 1024w, https:\/\/gadmuisne.gob.ec\/web\/wp-content\/uploads\/2025\/12\/597559399_782242891539932_6152066407896544996_n-768x688.jpg 768w, https:\/\/gadmuisne.gob.ec\/web\/wp-content\/uploads\/2025\/12\/597559399_782242891539932_6152066407896544996_n-1536x1376.jpg 1536w, https:\/\/gadmuisne.gob.ec\/web\/wp-content\/uploads\/2025\/12\/597559399_782242891539932_6152066407896544996_n-270x242.jpg 270w, https:\/\/gadmuisne.gob.ec\/web\/wp-content\/uploads\/2025\/12\/597559399_782242891539932_6152066407896544996_n-370x331.jpg 370w, https:\/\/gadmuisne.gob.ec\/web\/wp-content\/uploads\/2025\/12\/597559399_782242891539932_6152066407896544996_n-570x510.jpg 570w, https:\/\/gadmuisne.gob.ec\/web\/wp-content\/uploads\/2025\/12\/597559399_782242891539932_6152066407896544996_n-770x690.jpg 770w, https:\/\/gadmuisne.gob.ec\/web\/wp-content\/uploads\/2025\/12\/597559399_782242891539932_6152066407896544996_n-870x779.jpg 870w, https:\/\/gadmuisne.gob.ec\/web\/wp-content\/uploads\/2025\/12\/597559399_782242891539932_6152066407896544996_n-1170x1048.jpg 1170w, https:\/\/gadmuisne.gob.ec\/web\/wp-content\/uploads\/2025\/12\/597559399_782242891539932_6152066407896544996_n-1570x1406.jpg 1570w, https:\/\/gadmuisne.gob.ec\/web\/wp-content\/uploads\/2025\/12\/597559399_782242891539932_6152066407896544996_n.jpg 2048w\" sizes=\"auto, (max-width: 300px) 100vw, 300px\" \/><img loading=\"lazy\" decoding=\"async\" class=\"alignnone size-medium wp-image-18145\" src=\"https:\/\/gadmuisne.gob.ec\/web\/wp-content\/uploads\/2025\/12\/597221343_782242931539928_5007320018583226688_n-300x269.jpg\" alt=\"\" width=\"300\" height=\"269\" srcset=\"https:\/\/gadmuisne.gob.ec\/web\/wp-content\/uploads\/2025\/12\/597221343_782242931539928_5007320018583226688_n-300x269.jpg 300w, https:\/\/gadmuisne.gob.ec\/web\/wp-content\/uploads\/2025\/12\/597221343_782242931539928_5007320018583226688_n-1024x917.jpg 1024w, https:\/\/gadmuisne.gob.ec\/web\/wp-content\/uploads\/2025\/12\/597221343_782242931539928_5007320018583226688_n-768x688.jpg 768w, https:\/\/gadmuisne.gob.ec\/web\/wp-content\/uploads\/2025\/12\/597221343_782242931539928_5007320018583226688_n-1536x1376.jpg 1536w, https:\/\/gadmuisne.gob.ec\/web\/wp-content\/uploads\/2025\/12\/597221343_782242931539928_5007320018583226688_n-270x242.jpg 270w, https:\/\/gadmuisne.gob.ec\/web\/wp-content\/uploads\/2025\/12\/597221343_782242931539928_5007320018583226688_n-370x331.jpg 370w, https:\/\/gadmuisne.gob.ec\/web\/wp-content\/uploads\/2025\/12\/597221343_782242931539928_5007320018583226688_n-570x510.jpg 570w, https:\/\/gadmuisne.gob.ec\/web\/wp-content\/uploads\/2025\/12\/597221343_782242931539928_5007320018583226688_n-770x690.jpg 770w, https:\/\/gadmuisne.gob.ec\/web\/wp-content\/uploads\/2025\/12\/597221343_782242931539928_5007320018583226688_n-870x779.jpg 870w, https:\/\/gadmuisne.gob.ec\/web\/wp-content\/uploads\/2025\/12\/597221343_782242931539928_5007320018583226688_n-1170x1048.jpg 1170w, https:\/\/gadmuisne.gob.ec\/web\/wp-content\/uploads\/2025\/12\/597221343_782242931539928_5007320018583226688_n-1570x1406.jpg 1570w, https:\/\/gadmuisne.gob.ec\/web\/wp-content\/uploads\/2025\/12\/597221343_782242931539928_5007320018583226688_n.jpg 2048w\" sizes=\"auto, (max-width: 300px) 100vw, 300px\" \/><\/div>\n<\/div>\n<\/div>\n","protected":false},"excerpt":{"rendered":"<p>\u00a1Portete est\u00e1 de fiesta! Las actividades para festejar a Portete iniciaron, es por eso que te invitamos a que te sumes tambi\u00e9n a esta agenda festiva. Ven a vivir la emoci\u00f3n, la cultura y los sabores de nuestra tierra en cada una de las actividades que nos acompa\u00f1ar\u00e1n hasta el&#8230;<\/p>\n","protected":false},"author":4,"featured_media":18144,"comment_status":"closed","ping_status":"open","sticky":false,"template":"","format":"standard","meta":{"footnotes":""},"categories":[35],"tags":[],"class_list":["post-18143","post","type-post","status-publish","format-standard","has-post-thumbnail","hentry","category-actividades"],"_links":{"self":[{"href":"https:\/\/gadmuisne.gob.ec\/web\/wp-json\/wp\/v2\/posts\/18143","targetHints":{"allow":["GET"]}}],"collection":[{"href":"https:\/\/gadmuisne.gob.ec\/web\/wp-json\/wp\/v2\/posts"}],"about":[{"href":"https:\/\/gadmuisne.gob.ec\/web\/wp-json\/wp\/v2\/types\/post"}],"author":[{"embeddable":true,"href":"https:\/\/gadmuisne.gob.ec\/web\/wp-json\/wp\/v2\/users\/4"}],"replies":[{"embeddable":true,"href":"https:\/\/gadmuisne.gob.ec\/web\/wp-json\/wp\/v2\/comments?post=18143"}],"version-history":[{"count":2,"href":"https:\/\/gadmuisne.gob.ec\/web\/wp-json\/wp\/v2\/posts\/18143\/revisions"}],"predecessor-version":[{"id":18148,"href":"https:\/\/gadmuisne.gob.ec\/web\/wp-json\/wp\/v2\/posts\/18143\/revisions\/18148"}],"wp:featuredmedia":[{"embeddable":true,"href":"https:\/\/gadmuisne.gob.ec\/web\/wp-json\/wp\/v2\/media\/18144"}],"wp:attachment":[{"href":"https:\/\/gadmuisne.gob.ec\/web\/wp-json\/wp\/v2\/media?parent=18143"}],"wp:term":[{"taxonomy":"category","embeddable":true,"href":"https:\/\/gadmuisne.gob.ec\/web\/wp-json\/wp\/v2\/categories?post=18143"},{"taxonomy":"post_tag","embeddable":true,"href":"https:\/\/gadmuisne.gob.ec\/web\/wp-json\/wp\/v2\/tags?post=18143"}],"curies":[{"name":"wp","href":"https:\/\/api.w.org\/{rel}","templated":true}]}}