{"id":18809,"date":"2026-01-07T09:21:07","date_gmt":"2026-01-07T14:21:07","guid":{"rendered":"https:\/\/gadmuisne.gob.ec\/web\/?p=18809"},"modified":"2026-01-07T09:21:07","modified_gmt":"2026-01-07T14:21:07","slug":"la-alcaldesa-yuri-colorado-marquez-logro-la-aprobacion-del-financiamiento-para-sistema-de-agua-potable-en-san-salvador","status":"publish","type":"post","link":"https:\/\/gadmuisne.gob.ec\/web\/la-alcaldesa-yuri-colorado-marquez-logro-la-aprobacion-del-financiamiento-para-sistema-de-agua-potable-en-san-salvador\/","title":{"rendered":"La alcaldesa Yuri Colorado M\u00e1rquez logr\u00f3 la aprobaci\u00f3n del financiamiento para sistema de agua potable en San Salvador"},"content":{"rendered":"<div class=\"xdj266r x14z9mp xat24cr x1lziwak x1vvkbs x126k92a\">\n<div dir=\"auto\" style=\"text-align: justify;\">La alcaldesa Yuri Colorado M\u00e1rquez logr\u00f3 la aprobaci\u00f3n del financiamiento para sistema de agua potable en San Salvador<\/div>\n<\/div>\n<div class=\"x14z9mp xat24cr x1lziwak x1vvkbs xtlvy1s x126k92a\">\n<div dir=\"auto\" style=\"text-align: justify;\">La alcaldesa, Yuri Colorado lider\u00f3 la primera Sesi\u00f3n Extraordinaria del Concejo Municipal de Muisne, donde se logr\u00f3 la aprobaci\u00f3n de la firma de contrato con el Banco de Desarrollo del Ecuador, para el financiamiento del sistema de agua potable para la comunidad de San Salvador en la parroquia San Gregorio, por un monto de $280,758,95, de los cuales el 89% de este monto es no reembolsable.<\/div>\n<div dir=\"auto\"><\/div>\n<\/div>\n<div dir=\"auto\">\n<div class=\"html-div xdj266r x14z9mp xat24cr x1lziwak xexx8yu xyri2b x18d9i69 x1c1uobl\" tabindex=\"-1\">\n<div class=\"xe0n8xf x12d4x0i x1d5s5ig xzzxbak\">l pueblo Chachi San Salvador se encuentra ubicado en la parroquia San Gregorio, en el cant\u00f3n Muisne, provincia de Esmeraldas. La historia de este pueblo se remonta a la \u00e9poca precolombina, cuando la regi\u00f3n estaba habitada por diversas tribus ind\u00edgenas, incluyendo los Chachi.<\/div>\n<div><\/div>\n<\/div>\n<div class=\"html-div xdj266r x14z9mp xat24cr x1lziwak xexx8yu xyri2b x18d9i69 x1c1uobl\" tabindex=\"-1\">\n<div class=\"xe0n8xf x12d4x0i x1d5s5ig x1cgcltr xzzxbak\">Los Chachi son un pueblo ind\u00edgena que ha mantenido viva su cultura y tradiciones a lo largo de los siglos. Su lengua, el chachi, es una de las lenguas m\u00e1s antiguas de Ecuador y es considerada una de las m\u00e1s importantes del pa\u00eds.<\/div>\n<div><\/div>\n<\/div>\n<div class=\"html-div xdj266r x14z9mp xat24cr x1lziwak xexx8yu xyri2b x18d9i69 x1c1uobl\" tabindex=\"-1\">\n<div class=\"xe0n8xf x12d4x0i x1d5s5ig x1cgcltr xzzxbak\">La comunidad Chachi de San Salvador se dedica principalmente a la agricultura, la pesca y la recolecci\u00f3n de productos del bosque. Tambi\u00e9n est\u00e1n implementando proyectos de turismo comunitario para compartir su cultura y tradiciones con visitantes\u00a0.<\/div>\n<div><\/div>\n<\/div>\n<div class=\"html-div xdj266r x14z9mp xat24cr x1lziwak xexx8yu xyri2b x18d9i69 x1c1uobl\" tabindex=\"-1\">\n<div class=\"xe0n8xf x12d4x0i x1d5s5ig x1cgcltr xzzxbak\">En cuanto a la historia espec\u00edfica de San Salvador, no hay mucha informaci\u00f3n disponible, pero se sabe que la comunidad ha sido influenciada por la colonizaci\u00f3n espa\u00f1ola y la llegada de esclavos africanos a la regi\u00f3n. A pesar de esto, los Chachi han logrado mantener su identidad cultural y seguir practicando sus tradiciones y costumbres.<\/div>\n<\/div>\n<div><\/div>\n<\/div>\n<div dir=\"auto\">\n<div class=\"html-div xdj266r x14z9mp xat24cr x1lziwak xexx8yu xyri2b x18d9i69 x1c1uobl\" tabindex=\"-1\">\n<div class=\"xe0n8xf x12d4x0i x1d5s5ig xzzxbak\">La cultura Chachi es rica y fascinante. Aqu\u00ed te presento algunos aspectos interesantes:<\/div>\n<\/div>\n<div class=\"html-div xdj266r x14z9mp xat24cr x1lziwak xexx8yu xyri2b x18d9i69 x1c1uobl\" tabindex=\"-1\">\n<ul>\n<li class=\"xe0n8xf x12d4x0i x1d5s5ig xgwjfdz xmyy1pt x1jdczeh\"><b>Lengua y tradici\u00f3n oral<\/b>: El chachi es una lengua aislada, no relacionada con ninguna otra lengua conocida. La tradici\u00f3n oral es fundamental en la cultura Chachi, y se transmite de generaci\u00f3n en generaci\u00f3n a trav\u00e9s de historias, mitos y leyendas.<\/li>\n<\/ul>\n<\/div>\n<div class=\"html-div xdj266r x14z9mp xat24cr x1lziwak xexx8yu xyri2b x18d9i69 x1c1uobl\" tabindex=\"-1\">\n<ul>\n<li class=\"xe0n8xf x12d4x0i x1d5s5ig xgwjfdz xmyy1pt x1jdczeh\"><b>Cosmovisi\u00f3n<\/b>: Los Chachi tienen una cosmovisi\u00f3n integral, donde la naturaleza y el ser humano est\u00e1n estrechamente relacionados. Creen en un mundo espiritual que coexiste con el mundo f\u00edsico.<\/li>\n<\/ul>\n<\/div>\n<div class=\"html-div xdj266r x14z9mp xat24cr x1lziwak xexx8yu xyri2b x18d9i69 x1c1uobl\" tabindex=\"-1\">\n<ul>\n<li class=\"xe0n8xf x12d4x0i x1d5s5ig xgwjfdz xmyy1pt x1jdczeh\"><b>Artesan\u00eda<\/b>: La artesan\u00eda Chachi es conocida por sus hermosas tallas en madera, c\u00e1rbasas y tejidos. Utilizan materiales naturales como la madera de balsa, el algod\u00f3n y las fibras vegetales.<\/li>\n<\/ul>\n<\/div>\n<div class=\"html-div xdj266r x14z9mp xat24cr x1lziwak xexx8yu xyri2b x18d9i69 x1c1uobl\" tabindex=\"-1\">\n<ul>\n<li class=\"xe0n8xf x12d4x0i x1d5s5ig xgwjfdz xmyy1pt x1jdczeh\"><b>M\u00fasica y danza<\/b>: La m\u00fasica y la danza son fundamentales en la cultura Chachi. Utilizan instrumentos tradicionales como el tambor y la flauta para acompa\u00f1ar sus danzas y rituales.<\/li>\n<\/ul>\n<\/div>\n<div class=\"html-div xdj266r x14z9mp xat24cr x1lziwak xexx8yu xyri2b x18d9i69 x1c1uobl\" tabindex=\"-1\">\n<ul>\n<li class=\"xe0n8xf x12d4x0i x1d5s5ig xgwjfdz xmyy1pt x1jdczeh\"><b>Vestimenta<\/b>: La vestimenta tradicional Chachi es colorida y ornamentada. Los hombres visten pantalones y camisas de algod\u00f3n, mientras que las mujeres visten faldas y blusas decoradas con motivos geom\u00e9tricos.<\/li>\n<\/ul>\n<\/div>\n<div class=\"html-div xdj266r x14z9mp xat24cr x1lziwak xexx8yu xyri2b x18d9i69 x1c1uobl\" tabindex=\"-1\">\n<ul>\n<li class=\"xe0n8xf x12d4x0i x1d5s5ig xgwjfdz xmyy1pt x1jdczeh\"><b>Fiestas y celebraciones<\/b>: Los Chachi celebran varias fiestas a lo largo del a\u00f1o, incluyendo la Fiesta de San Juan y la Fiesta de la Virgen de la Asunci\u00f3n. Estas celebraciones incluyen m\u00fasica, danza, comida tradicional y rituales espirituales.<\/li>\n<\/ul>\n<div class=\"html-div xdj266r x14z9mp xat24cr x1lziwak xexx8yu xyri2b x18d9i69 x1c1uobl\" tabindex=\"-1\">\n<div class=\"xe0n8xf x12d4x0i x1d5s5ig xzzxbak\">El pueblo Chachi San Salvador se encuentra en la parroquia San Gregorio, en el cant\u00f3n Muisne, provincia de Esmeraldas. La nacionalidad Chachi tiene una extensi\u00f3n territorial de aproximadamente 115.000 hect\u00e1reas en la provincia de Esmeraldas, distribuidas en diferentes cantones, incluyendo Muisne.<\/div>\n<div><\/div>\n<\/div>\n<div class=\"html-div xdj266r x14z9mp xat24cr x1lziwak xexx8yu xyri2b x18d9i69 x1c1uobl\" tabindex=\"-1\">\n<div class=\"xe0n8xf x12d4x0i x1d5s5ig x1cgcltr xzzxbak\">En cuanto a la poblaci\u00f3n, se estima que hay alrededor de 8.040 habitantes Chachi en la provincia de Esmeraldas, organizados en 46 centros dispersos en su territorio\u00a0.<\/div>\n<\/div>\n<div class=\"html-div xdj266r x14z9mp xat24cr x1lziwak xexx8yu xyri2b x18d9i69 x1c1uobl\" tabindex=\"-1\">\n<div class=\"xe0n8xf x12d4x0i x1d5s5ig x1cgcltr\">Es importante destacar que la comunidad Chachi de San Salvador est\u00e1 implementando proyectos de turismo comunitario para compartir su cultura y tradiciones con visitantes<\/div>\n<div><img loading=\"lazy\" decoding=\"async\" class=\"alignnone size-medium wp-image-18811\" src=\"https:\/\/gadmuisne.gob.ec\/web\/wp-content\/uploads\/2026\/01\/608206641_803183592779195_737634288063802699_n-300x200.jpg\" alt=\"\" width=\"300\" height=\"200\" srcset=\"https:\/\/gadmuisne.gob.ec\/web\/wp-content\/uploads\/2026\/01\/608206641_803183592779195_737634288063802699_n-300x200.jpg 300w, https:\/\/gadmuisne.gob.ec\/web\/wp-content\/uploads\/2026\/01\/608206641_803183592779195_737634288063802699_n-1024x683.jpg 1024w, https:\/\/gadmuisne.gob.ec\/web\/wp-content\/uploads\/2026\/01\/608206641_803183592779195_737634288063802699_n-768x512.jpg 768w, https:\/\/gadmuisne.gob.ec\/web\/wp-content\/uploads\/2026\/01\/608206641_803183592779195_737634288063802699_n-270x180.jpg 270w, https:\/\/gadmuisne.gob.ec\/web\/wp-content\/uploads\/2026\/01\/608206641_803183592779195_737634288063802699_n-370x247.jpg 370w, https:\/\/gadmuisne.gob.ec\/web\/wp-content\/uploads\/2026\/01\/608206641_803183592779195_737634288063802699_n-570x380.jpg 570w, https:\/\/gadmuisne.gob.ec\/web\/wp-content\/uploads\/2026\/01\/608206641_803183592779195_737634288063802699_n-770x513.jpg 770w, https:\/\/gadmuisne.gob.ec\/web\/wp-content\/uploads\/2026\/01\/608206641_803183592779195_737634288063802699_n-870x580.jpg 870w, https:\/\/gadmuisne.gob.ec\/web\/wp-content\/uploads\/2026\/01\/608206641_803183592779195_737634288063802699_n.jpg 1083w\" sizes=\"auto, (max-width: 300px) 100vw, 300px\" \/><img loading=\"lazy\" decoding=\"async\" class=\"alignnone size-medium wp-image-18812\" src=\"https:\/\/gadmuisne.gob.ec\/web\/wp-content\/uploads\/2026\/01\/611419340_803183536112534_1155592421193736244_n-300x200.jpg\" alt=\"\" width=\"300\" height=\"200\" srcset=\"https:\/\/gadmuisne.gob.ec\/web\/wp-content\/uploads\/2026\/01\/611419340_803183536112534_1155592421193736244_n-300x200.jpg 300w, https:\/\/gadmuisne.gob.ec\/web\/wp-content\/uploads\/2026\/01\/611419340_803183536112534_1155592421193736244_n-1024x683.jpg 1024w, https:\/\/gadmuisne.gob.ec\/web\/wp-content\/uploads\/2026\/01\/611419340_803183536112534_1155592421193736244_n-768x512.jpg 768w, https:\/\/gadmuisne.gob.ec\/web\/wp-content\/uploads\/2026\/01\/611419340_803183536112534_1155592421193736244_n-270x180.jpg 270w, https:\/\/gadmuisne.gob.ec\/web\/wp-content\/uploads\/2026\/01\/611419340_803183536112534_1155592421193736244_n-370x247.jpg 370w, https:\/\/gadmuisne.gob.ec\/web\/wp-content\/uploads\/2026\/01\/611419340_803183536112534_1155592421193736244_n-570x380.jpg 570w, https:\/\/gadmuisne.gob.ec\/web\/wp-content\/uploads\/2026\/01\/611419340_803183536112534_1155592421193736244_n-770x513.jpg 770w, https:\/\/gadmuisne.gob.ec\/web\/wp-content\/uploads\/2026\/01\/611419340_803183536112534_1155592421193736244_n-870x580.jpg 870w, https:\/\/gadmuisne.gob.ec\/web\/wp-content\/uploads\/2026\/01\/611419340_803183536112534_1155592421193736244_n.jpg 1083w\" sizes=\"auto, (max-width: 300px) 100vw, 300px\" \/><img loading=\"lazy\" decoding=\"async\" class=\"alignnone size-medium wp-image-18813\" src=\"https:\/\/gadmuisne.gob.ec\/web\/wp-content\/uploads\/2026\/01\/611617880_803183589445862_3414619830576518449_n-300x201.jpg\" alt=\"\" width=\"300\" height=\"201\" srcset=\"https:\/\/gadmuisne.gob.ec\/web\/wp-content\/uploads\/2026\/01\/611617880_803183589445862_3414619830576518449_n-300x201.jpg 300w, https:\/\/gadmuisne.gob.ec\/web\/wp-content\/uploads\/2026\/01\/611617880_803183589445862_3414619830576518449_n-1024x687.jpg 1024w, https:\/\/gadmuisne.gob.ec\/web\/wp-content\/uploads\/2026\/01\/611617880_803183589445862_3414619830576518449_n-768x515.jpg 768w, https:\/\/gadmuisne.gob.ec\/web\/wp-content\/uploads\/2026\/01\/611617880_803183589445862_3414619830576518449_n-270x181.jpg 270w, https:\/\/gadmuisne.gob.ec\/web\/wp-content\/uploads\/2026\/01\/611617880_803183589445862_3414619830576518449_n-370x248.jpg 370w, https:\/\/gadmuisne.gob.ec\/web\/wp-content\/uploads\/2026\/01\/611617880_803183589445862_3414619830576518449_n-570x382.jpg 570w, https:\/\/gadmuisne.gob.ec\/web\/wp-content\/uploads\/2026\/01\/611617880_803183589445862_3414619830576518449_n-770x517.jpg 770w, https:\/\/gadmuisne.gob.ec\/web\/wp-content\/uploads\/2026\/01\/611617880_803183589445862_3414619830576518449_n-870x584.jpg 870w, https:\/\/gadmuisne.gob.ec\/web\/wp-content\/uploads\/2026\/01\/611617880_803183589445862_3414619830576518449_n-1170x785.jpg 1170w, https:\/\/gadmuisne.gob.ec\/web\/wp-content\/uploads\/2026\/01\/611617880_803183589445862_3414619830576518449_n.jpg 1264w\" sizes=\"auto, (max-width: 300px) 100vw, 300px\" \/><img loading=\"lazy\" decoding=\"async\" class=\"alignnone size-medium wp-image-18814\" src=\"https:\/\/gadmuisne.gob.ec\/web\/wp-content\/uploads\/2026\/01\/611654812_803183479445873_6735230719704901396_n-300x200.jpg\" alt=\"\" width=\"300\" height=\"200\" srcset=\"https:\/\/gadmuisne.gob.ec\/web\/wp-content\/uploads\/2026\/01\/611654812_803183479445873_6735230719704901396_n-300x200.jpg 300w, https:\/\/gadmuisne.gob.ec\/web\/wp-content\/uploads\/2026\/01\/611654812_803183479445873_6735230719704901396_n-1024x683.jpg 1024w, https:\/\/gadmuisne.gob.ec\/web\/wp-content\/uploads\/2026\/01\/611654812_803183479445873_6735230719704901396_n-768x512.jpg 768w, https:\/\/gadmuisne.gob.ec\/web\/wp-content\/uploads\/2026\/01\/611654812_803183479445873_6735230719704901396_n-270x180.jpg 270w, https:\/\/gadmuisne.gob.ec\/web\/wp-content\/uploads\/2026\/01\/611654812_803183479445873_6735230719704901396_n-370x247.jpg 370w, https:\/\/gadmuisne.gob.ec\/web\/wp-content\/uploads\/2026\/01\/611654812_803183479445873_6735230719704901396_n-570x380.jpg 570w, https:\/\/gadmuisne.gob.ec\/web\/wp-content\/uploads\/2026\/01\/611654812_803183479445873_6735230719704901396_n-770x513.jpg 770w, https:\/\/gadmuisne.gob.ec\/web\/wp-content\/uploads\/2026\/01\/611654812_803183479445873_6735230719704901396_n-870x580.jpg 870w, https:\/\/gadmuisne.gob.ec\/web\/wp-content\/uploads\/2026\/01\/611654812_803183479445873_6735230719704901396_n.jpg 1083w\" sizes=\"auto, (max-width: 300px) 100vw, 300px\" \/><img loading=\"lazy\" decoding=\"async\" class=\"alignnone size-medium wp-image-18815\" src=\"https:\/\/gadmuisne.gob.ec\/web\/wp-content\/uploads\/2026\/01\/611659871_803183619445859_260057260171437015_n-300x200.jpg\" alt=\"\" width=\"300\" height=\"200\" srcset=\"https:\/\/gadmuisne.gob.ec\/web\/wp-content\/uploads\/2026\/01\/611659871_803183619445859_260057260171437015_n-300x200.jpg 300w, https:\/\/gadmuisne.gob.ec\/web\/wp-content\/uploads\/2026\/01\/611659871_803183619445859_260057260171437015_n-1024x683.jpg 1024w, https:\/\/gadmuisne.gob.ec\/web\/wp-content\/uploads\/2026\/01\/611659871_803183619445859_260057260171437015_n-768x512.jpg 768w, https:\/\/gadmuisne.gob.ec\/web\/wp-content\/uploads\/2026\/01\/611659871_803183619445859_260057260171437015_n-270x180.jpg 270w, https:\/\/gadmuisne.gob.ec\/web\/wp-content\/uploads\/2026\/01\/611659871_803183619445859_260057260171437015_n-370x247.jpg 370w, https:\/\/gadmuisne.gob.ec\/web\/wp-content\/uploads\/2026\/01\/611659871_803183619445859_260057260171437015_n-570x380.jpg 570w, https:\/\/gadmuisne.gob.ec\/web\/wp-content\/uploads\/2026\/01\/611659871_803183619445859_260057260171437015_n-770x513.jpg 770w, https:\/\/gadmuisne.gob.ec\/web\/wp-content\/uploads\/2026\/01\/611659871_803183619445859_260057260171437015_n-870x580.jpg 870w, https:\/\/gadmuisne.gob.ec\/web\/wp-content\/uploads\/2026\/01\/611659871_803183619445859_260057260171437015_n.jpg 1083w\" sizes=\"auto, (max-width: 300px) 100vw, 300px\" \/><img loading=\"lazy\" decoding=\"async\" class=\"alignnone size-medium wp-image-18816\" src=\"https:\/\/gadmuisne.gob.ec\/web\/wp-content\/uploads\/2026\/01\/611663195_803183632779191_6150748537004031468_n-300x200.jpg\" alt=\"\" width=\"300\" height=\"200\" srcset=\"https:\/\/gadmuisne.gob.ec\/web\/wp-content\/uploads\/2026\/01\/611663195_803183632779191_6150748537004031468_n-300x200.jpg 300w, https:\/\/gadmuisne.gob.ec\/web\/wp-content\/uploads\/2026\/01\/611663195_803183632779191_6150748537004031468_n-1024x683.jpg 1024w, https:\/\/gadmuisne.gob.ec\/web\/wp-content\/uploads\/2026\/01\/611663195_803183632779191_6150748537004031468_n-768x512.jpg 768w, https:\/\/gadmuisne.gob.ec\/web\/wp-content\/uploads\/2026\/01\/611663195_803183632779191_6150748537004031468_n-270x180.jpg 270w, https:\/\/gadmuisne.gob.ec\/web\/wp-content\/uploads\/2026\/01\/611663195_803183632779191_6150748537004031468_n-370x247.jpg 370w, https:\/\/gadmuisne.gob.ec\/web\/wp-content\/uploads\/2026\/01\/611663195_803183632779191_6150748537004031468_n-570x380.jpg 570w, https:\/\/gadmuisne.gob.ec\/web\/wp-content\/uploads\/2026\/01\/611663195_803183632779191_6150748537004031468_n-770x513.jpg 770w, https:\/\/gadmuisne.gob.ec\/web\/wp-content\/uploads\/2026\/01\/611663195_803183632779191_6150748537004031468_n-870x580.jpg 870w, https:\/\/gadmuisne.gob.ec\/web\/wp-content\/uploads\/2026\/01\/611663195_803183632779191_6150748537004031468_n.jpg 1083w\" sizes=\"auto, (max-width: 300px) 100vw, 300px\" \/><img loading=\"lazy\" decoding=\"async\" class=\"alignnone size-medium wp-image-18817\" src=\"https:\/\/gadmuisne.gob.ec\/web\/wp-content\/uploads\/2026\/01\/611821582_803183622779192_8727519224800407318_n-300x200.jpg\" alt=\"\" width=\"300\" height=\"200\" srcset=\"https:\/\/gadmuisne.gob.ec\/web\/wp-content\/uploads\/2026\/01\/611821582_803183622779192_8727519224800407318_n-300x200.jpg 300w, https:\/\/gadmuisne.gob.ec\/web\/wp-content\/uploads\/2026\/01\/611821582_803183622779192_8727519224800407318_n-1024x683.jpg 1024w, https:\/\/gadmuisne.gob.ec\/web\/wp-content\/uploads\/2026\/01\/611821582_803183622779192_8727519224800407318_n-768x512.jpg 768w, https:\/\/gadmuisne.gob.ec\/web\/wp-content\/uploads\/2026\/01\/611821582_803183622779192_8727519224800407318_n-270x180.jpg 270w, https:\/\/gadmuisne.gob.ec\/web\/wp-content\/uploads\/2026\/01\/611821582_803183622779192_8727519224800407318_n-370x247.jpg 370w, https:\/\/gadmuisne.gob.ec\/web\/wp-content\/uploads\/2026\/01\/611821582_803183622779192_8727519224800407318_n-570x380.jpg 570w, https:\/\/gadmuisne.gob.ec\/web\/wp-content\/uploads\/2026\/01\/611821582_803183622779192_8727519224800407318_n-770x513.jpg 770w, https:\/\/gadmuisne.gob.ec\/web\/wp-content\/uploads\/2026\/01\/611821582_803183622779192_8727519224800407318_n-870x580.jpg 870w, https:\/\/gadmuisne.gob.ec\/web\/wp-content\/uploads\/2026\/01\/611821582_803183622779192_8727519224800407318_n.jpg 1083w\" sizes=\"auto, (max-width: 300px) 100vw, 300px\" \/><img loading=\"lazy\" decoding=\"async\" class=\"alignnone size-medium wp-image-18818\" src=\"https:\/\/gadmuisne.gob.ec\/web\/wp-content\/uploads\/2026\/01\/612232945_803183486112539_3123650708882842996_n-1-300x201.jpg\" alt=\"\" width=\"300\" height=\"201\" srcset=\"https:\/\/gadmuisne.gob.ec\/web\/wp-content\/uploads\/2026\/01\/612232945_803183486112539_3123650708882842996_n-1-300x201.jpg 300w, https:\/\/gadmuisne.gob.ec\/web\/wp-content\/uploads\/2026\/01\/612232945_803183486112539_3123650708882842996_n-1-1024x687.jpg 1024w, https:\/\/gadmuisne.gob.ec\/web\/wp-content\/uploads\/2026\/01\/612232945_803183486112539_3123650708882842996_n-1-768x515.jpg 768w, https:\/\/gadmuisne.gob.ec\/web\/wp-content\/uploads\/2026\/01\/612232945_803183486112539_3123650708882842996_n-1-270x181.jpg 270w, https:\/\/gadmuisne.gob.ec\/web\/wp-content\/uploads\/2026\/01\/612232945_803183486112539_3123650708882842996_n-1-370x248.jpg 370w, https:\/\/gadmuisne.gob.ec\/web\/wp-content\/uploads\/2026\/01\/612232945_803183486112539_3123650708882842996_n-1-570x382.jpg 570w, https:\/\/gadmuisne.gob.ec\/web\/wp-content\/uploads\/2026\/01\/612232945_803183486112539_3123650708882842996_n-1-770x517.jpg 770w, https:\/\/gadmuisne.gob.ec\/web\/wp-content\/uploads\/2026\/01\/612232945_803183486112539_3123650708882842996_n-1-870x584.jpg 870w, https:\/\/gadmuisne.gob.ec\/web\/wp-content\/uploads\/2026\/01\/612232945_803183486112539_3123650708882842996_n-1-1170x785.jpg 1170w, https:\/\/gadmuisne.gob.ec\/web\/wp-content\/uploads\/2026\/01\/612232945_803183486112539_3123650708882842996_n-1.jpg 1264w\" sizes=\"auto, (max-width: 300px) 100vw, 300px\" \/><\/div>\n<\/div>\n<\/div>\n<\/div>\n","protected":false},"excerpt":{"rendered":"<p>La alcaldesa Yuri Colorado M\u00e1rquez logr\u00f3 la aprobaci\u00f3n del financiamiento para sistema de agua potable en San Salvador La alcaldesa, Yuri Colorado lider\u00f3 la primera Sesi\u00f3n Extraordinaria del Concejo Municipal de Muisne, donde se logr\u00f3 la aprobaci\u00f3n de la firma de contrato con el Banco de Desarrollo del Ecuador, para&#8230;<\/p>\n","protected":false},"author":4,"featured_media":18818,"comment_status":"closed","ping_status":"open","sticky":false,"template":"","format":"standard","meta":{"footnotes":""},"categories":[35],"tags":[],"class_list":["post-18809","post","type-post","status-publish","format-standard","has-post-thumbnail","hentry","category-actividades"],"_links":{"self":[{"href":"https:\/\/gadmuisne.gob.ec\/web\/wp-json\/wp\/v2\/posts\/18809","targetHints":{"allow":["GET"]}}],"collection":[{"href":"https:\/\/gadmuisne.gob.ec\/web\/wp-json\/wp\/v2\/posts"}],"about":[{"href":"https:\/\/gadmuisne.gob.ec\/web\/wp-json\/wp\/v2\/types\/post"}],"author":[{"embeddable":true,"href":"https:\/\/gadmuisne.gob.ec\/web\/wp-json\/wp\/v2\/users\/4"}],"replies":[{"embeddable":true,"href":"https:\/\/gadmuisne.gob.ec\/web\/wp-json\/wp\/v2\/comments?post=18809"}],"version-history":[{"count":1,"href":"https:\/\/gadmuisne.gob.ec\/web\/wp-json\/wp\/v2\/posts\/18809\/revisions"}],"predecessor-version":[{"id":18819,"href":"https:\/\/gadmuisne.gob.ec\/web\/wp-json\/wp\/v2\/posts\/18809\/revisions\/18819"}],"wp:featuredmedia":[{"embeddable":true,"href":"https:\/\/gadmuisne.gob.ec\/web\/wp-json\/wp\/v2\/media\/18818"}],"wp:attachment":[{"href":"https:\/\/gadmuisne.gob.ec\/web\/wp-json\/wp\/v2\/media?parent=18809"}],"wp:term":[{"taxonomy":"category","embeddable":true,"href":"https:\/\/gadmuisne.gob.ec\/web\/wp-json\/wp\/v2\/categories?post=18809"},{"taxonomy":"post_tag","embeddable":true,"href":"https:\/\/gadmuisne.gob.ec\/web\/wp-json\/wp\/v2\/tags?post=18809"}],"curies":[{"name":"wp","href":"https:\/\/api.w.org\/{rel}","templated":true}]}}