{"id":18820,"date":"2026-01-07T09:59:12","date_gmt":"2026-01-07T14:59:12","guid":{"rendered":"https:\/\/gadmuisne.gob.ec\/web\/?p=18820"},"modified":"2026-01-07T09:59:12","modified_gmt":"2026-01-07T14:59:12","slug":"recuerde-que-las-personas-con-discapacidad-acceden-al-50-de-descuento-en-el-pago-del-impuesto-predial-como-parte-de-las-politicas-de-inclusion-y-equidad","status":"publish","type":"post","link":"https:\/\/gadmuisne.gob.ec\/web\/recuerde-que-las-personas-con-discapacidad-acceden-al-50-de-descuento-en-el-pago-del-impuesto-predial-como-parte-de-las-politicas-de-inclusion-y-equidad\/","title":{"rendered":"Recuerde que las personas con discapacidad acceden al 50 % de descuento en el pago del impuesto predial, como parte de las pol\u00edticas de inclusi\u00f3n y equidad"},"content":{"rendered":"<p style=\"text-align: justify;\">Recuerde que las personas con discapacidad acceden al 50 % de descuento en el pago del impuesto predial, como parte de las pol\u00edticas de inclusi\u00f3n y equidad<\/p>\n<p>Los descuentos se aplican en referencia a lo se\u00f1alado en los p\u00e1rrafos primero y tercero del art\u00edculo 14 de la Ley Org\u00e1nica de las personas\u00a0 Adultas Mayores que establece. Toda persona que ha cumplido 65 a\u00f1os de edad y con ingresos mensuales estimados de remuneraciones unificadas o que tuviere un patrimonio que no exceda de 500 remuneraciones b\u00e1sicas unificadas , estar\u00e1 exonerado del pago de impuestos fiscales municipales \u00aby\u00bb. Si la renta o patrimonio excede de las cantidades determinadas en el inciso primero, los impuestos se pagar\u00e1n \u00fanicamente por la diferencia o excedente\u00bb.<\/p>\n<p>El Art\u00edculo 270 del C\u00f3digo Integral Penal se\u00f1ala: \u00abperjuicio y falso testimonio.- la persona que, por declarar, confesar, informar o traducir ante o a autoridad competente, falte a la verdad ante juramento,, cometa pejurio, sera sancionado\u00a0 con pena privativa de libertad de tres a cinco a\u00f1os; cuando lo hace sin juramento, comte falso testimonio, sera sancionada con pena privativa de libertad de uno a tres a\u00f1os.<\/p>\n<p>De igual manera los numerales 5 y 15 del Art\u00edculo 298 del mismo cuerpo legal se\u00f1ala: Art\u00edculo 298.- Defraudaci\u00f3n Tributaria.- la persona que simule, culte, omita, falsee o enga\u00f1e en la determinaci\u00f3n de la obligaci\u00f3n tributaria, para dejar de pagar en todo o en parte\u00a0 los tributos realmente debidos, en provecho propio o de un tercero,\u00a0 ser\u00e1 sancionado cuando.<\/p>\n<p>5. Proporcione a la administraci\u00f3n tributaria informes, reportes con mercanc\u00edas, datos, cifras, circunstancias, o antecedentes falsos, incompletos, desfigurados o adulterados.<\/p>\n<p>15. Omita ingresos, incluya costos, gastos, deducciones, exoneraciones, rebajas o retenciones falsas existentes o superiores a las que procedan legalmente, para evitar el pago de los tributos debidos.<\/p>\n<p>Art. 75.- LEY ORGANICA DE DISCAPACIDADES.<\/p>\n<p>Las personas con discapacidad y\/o las personas naturales y jur\u00eddicas que tengan legalmente bajo su protecci\u00f3n o cuidado a la persona con discapacidad, tendr\u00e1n la exoneraci\u00f3n del CINCUENTA POR CIENTO (50%)\u00a0 del pago del impuesto predial. Esta exoneraci\u00f3n se aplicar\u00e1\u00a0 sobre un (1) solo inmueble sobre el aval\u00fao m\u00e1ximo de 500 remuneraciones b\u00e1sicas unificadas del trabajador privado en geral. En caso de su perar este valor, se cobrar\u00e1 un proporcional al excedente.<\/p>\n<p>REQUISITOS.<\/p>\n<p>En virtud de lo se\u00f1alado previamente, el contribuyente que desee beneficiarse de la exoneraci\u00f3n por ser Adulto Mayor deber\u00e1 cumplir con los siguientes requisitos.<\/p>\n<p>-Copia de c\u00e9dula del propietario y c\u00f3nyuge.<\/p>\n<p>-Haber cumplido 65 a\u00f1os de edad hasta el 31 de diciembre del a\u00f1o anterior al que solicita la exoneraci\u00f3n.<\/p>\n<p>-Presentar el formulario de solicitud de exoneraci\u00f3n de impuestos predial por tecera edad con informaci\u00f3n completa.<\/p>\n<p>-Se podr\u00e1 solicitar informaci\u00f3n adicional para el an\u00e1lisis de su petici\u00f3n. En caso de que se le requiera esta informaci\u00f3n, deber\u00e1 presentarla en el plazo establecido.<\/p>\n<p><img loading=\"lazy\" decoding=\"async\" class=\"alignnone size-medium wp-image-18833\" src=\"https:\/\/gadmuisne.gob.ec\/web\/wp-content\/uploads\/2026\/01\/612320342_803614359402785_2925384687018902383_n-300x300.jpg\" alt=\"\" width=\"300\" height=\"300\" srcset=\"https:\/\/gadmuisne.gob.ec\/web\/wp-content\/uploads\/2026\/01\/612320342_803614359402785_2925384687018902383_n-300x300.jpg 300w, https:\/\/gadmuisne.gob.ec\/web\/wp-content\/uploads\/2026\/01\/612320342_803614359402785_2925384687018902383_n-1024x1024.jpg 1024w, https:\/\/gadmuisne.gob.ec\/web\/wp-content\/uploads\/2026\/01\/612320342_803614359402785_2925384687018902383_n-150x150.jpg 150w, https:\/\/gadmuisne.gob.ec\/web\/wp-content\/uploads\/2026\/01\/612320342_803614359402785_2925384687018902383_n-768x768.jpg 768w, https:\/\/gadmuisne.gob.ec\/web\/wp-content\/uploads\/2026\/01\/612320342_803614359402785_2925384687018902383_n-70x70.jpg 70w, https:\/\/gadmuisne.gob.ec\/web\/wp-content\/uploads\/2026\/01\/612320342_803614359402785_2925384687018902383_n-270x270.jpg 270w, https:\/\/gadmuisne.gob.ec\/web\/wp-content\/uploads\/2026\/01\/612320342_803614359402785_2925384687018902383_n-370x370.jpg 370w, https:\/\/gadmuisne.gob.ec\/web\/wp-content\/uploads\/2026\/01\/612320342_803614359402785_2925384687018902383_n-570x570.jpg 570w, https:\/\/gadmuisne.gob.ec\/web\/wp-content\/uploads\/2026\/01\/612320342_803614359402785_2925384687018902383_n-770x770.jpg 770w, https:\/\/gadmuisne.gob.ec\/web\/wp-content\/uploads\/2026\/01\/612320342_803614359402785_2925384687018902383_n-870x870.jpg 870w, https:\/\/gadmuisne.gob.ec\/web\/wp-content\/uploads\/2026\/01\/612320342_803614359402785_2925384687018902383_n-1170x1170.jpg 1170w, https:\/\/gadmuisne.gob.ec\/web\/wp-content\/uploads\/2026\/01\/612320342_803614359402785_2925384687018902383_n.jpg 1440w\" sizes=\"auto, (max-width: 300px) 100vw, 300px\" \/><\/p>\n","protected":false},"excerpt":{"rendered":"<p>Recuerde que las personas con discapacidad acceden al 50 % de descuento en el pago del impuesto predial, como parte de las pol\u00edticas de inclusi\u00f3n y equidad Los descuentos se aplican en referencia a lo se\u00f1alado en los p\u00e1rrafos primero y tercero del art\u00edculo 14 de la Ley Org\u00e1nica de&#8230;<\/p>\n","protected":false},"author":4,"featured_media":18833,"comment_status":"closed","ping_status":"open","sticky":false,"template":"","format":"standard","meta":{"footnotes":""},"categories":[35],"tags":[],"class_list":["post-18820","post","type-post","status-publish","format-standard","has-post-thumbnail","hentry","category-actividades"],"_links":{"self":[{"href":"https:\/\/gadmuisne.gob.ec\/web\/wp-json\/wp\/v2\/posts\/18820","targetHints":{"allow":["GET"]}}],"collection":[{"href":"https:\/\/gadmuisne.gob.ec\/web\/wp-json\/wp\/v2\/posts"}],"about":[{"href":"https:\/\/gadmuisne.gob.ec\/web\/wp-json\/wp\/v2\/types\/post"}],"author":[{"embeddable":true,"href":"https:\/\/gadmuisne.gob.ec\/web\/wp-json\/wp\/v2\/users\/4"}],"replies":[{"embeddable":true,"href":"https:\/\/gadmuisne.gob.ec\/web\/wp-json\/wp\/v2\/comments?post=18820"}],"version-history":[{"count":1,"href":"https:\/\/gadmuisne.gob.ec\/web\/wp-json\/wp\/v2\/posts\/18820\/revisions"}],"predecessor-version":[{"id":18834,"href":"https:\/\/gadmuisne.gob.ec\/web\/wp-json\/wp\/v2\/posts\/18820\/revisions\/18834"}],"wp:featuredmedia":[{"embeddable":true,"href":"https:\/\/gadmuisne.gob.ec\/web\/wp-json\/wp\/v2\/media\/18833"}],"wp:attachment":[{"href":"https:\/\/gadmuisne.gob.ec\/web\/wp-json\/wp\/v2\/media?parent=18820"}],"wp:term":[{"taxonomy":"category","embeddable":true,"href":"https:\/\/gadmuisne.gob.ec\/web\/wp-json\/wp\/v2\/categories?post=18820"},{"taxonomy":"post_tag","embeddable":true,"href":"https:\/\/gadmuisne.gob.ec\/web\/wp-json\/wp\/v2\/tags?post=18820"}],"curies":[{"name":"wp","href":"https:\/\/api.w.org\/{rel}","templated":true}]}}