{"id":18980,"date":"2026-01-11T09:21:42","date_gmt":"2026-01-11T14:21:42","guid":{"rendered":"https:\/\/gadmuisne.gob.ec\/web\/?p=18980"},"modified":"2026-01-20T09:22:48","modified_gmt":"2026-01-20T14:22:48","slug":"alcaldesa-yuri-colorado-marquez-recibe-reconocimiento-por-su-liderazgo-y-compromiso-social-en-daule","status":"publish","type":"post","link":"https:\/\/gadmuisne.gob.ec\/web\/alcaldesa-yuri-colorado-marquez-recibe-reconocimiento-por-su-liderazgo-y-compromiso-social-en-daule\/","title":{"rendered":"Alcaldesa Yuri Colorado M\u00e1rquez recibe reconocimiento por su liderazgo y compromiso social en Daule"},"content":{"rendered":"<div class=\"xdj266r x14z9mp xat24cr x1lziwak x1vvkbs x126k92a\">\n<div dir=\"auto\" style=\"text-align: justify;\">Alcaldesa Yuri Colorado M\u00e1rquez recibe reconocimiento por su liderazgo y compromiso social en Daule<\/div>\n<\/div>\n<div class=\"x14z9mp xat24cr x1lziwak x1vvkbs xtlvy1s x126k92a\">\n<div dir=\"auto\" style=\"text-align: justify;\">Durante la sesi\u00f3n solemne por la conmemoraci\u00f3n de los 64 a\u00f1os de parroquializaci\u00f3n de Daule, se entreg\u00f3 un reconocimiento a la alcaldesa Yuri Colorado M\u00e1rquez por su destacada labor, compromiso social y valioso aporte al fortalecimiento y desarrollo, mediante acciones que impulsan la participaci\u00f3n comunitaria y contribuyen al bienestar, la equidad y el progreso de las comunidades de la parroquia Daule.<\/div>\n<div dir=\"auto\"><img loading=\"lazy\" decoding=\"async\" class=\"alignnone size-medium wp-image-18981\" src=\"https:\/\/gadmuisne.gob.ec\/web\/wp-content\/uploads\/2026\/01\/615245181_806702735760614_7738166634741361459_n-167x300.jpg\" alt=\"\" width=\"167\" height=\"300\" srcset=\"https:\/\/gadmuisne.gob.ec\/web\/wp-content\/uploads\/2026\/01\/615245181_806702735760614_7738166634741361459_n-167x300.jpg 167w, https:\/\/gadmuisne.gob.ec\/web\/wp-content\/uploads\/2026\/01\/615245181_806702735760614_7738166634741361459_n-571x1024.jpg 571w, https:\/\/gadmuisne.gob.ec\/web\/wp-content\/uploads\/2026\/01\/615245181_806702735760614_7738166634741361459_n-768x1377.jpg 768w, https:\/\/gadmuisne.gob.ec\/web\/wp-content\/uploads\/2026\/01\/615245181_806702735760614_7738166634741361459_n-857x1536.jpg 857w, https:\/\/gadmuisne.gob.ec\/web\/wp-content\/uploads\/2026\/01\/615245181_806702735760614_7738166634741361459_n-270x484.jpg 270w, https:\/\/gadmuisne.gob.ec\/web\/wp-content\/uploads\/2026\/01\/615245181_806702735760614_7738166634741361459_n-370x664.jpg 370w, https:\/\/gadmuisne.gob.ec\/web\/wp-content\/uploads\/2026\/01\/615245181_806702735760614_7738166634741361459_n-570x1022.jpg 570w, https:\/\/gadmuisne.gob.ec\/web\/wp-content\/uploads\/2026\/01\/615245181_806702735760614_7738166634741361459_n-770x1381.jpg 770w, https:\/\/gadmuisne.gob.ec\/web\/wp-content\/uploads\/2026\/01\/615245181_806702735760614_7738166634741361459_n-870x1560.jpg 870w, https:\/\/gadmuisne.gob.ec\/web\/wp-content\/uploads\/2026\/01\/615245181_806702735760614_7738166634741361459_n.jpg 1142w\" sizes=\"auto, (max-width: 167px) 100vw, 167px\" \/><\/div>\n<\/div>\n","protected":false},"excerpt":{"rendered":"<p>Alcaldesa Yuri Colorado M\u00e1rquez recibe reconocimiento por su liderazgo y compromiso social en Daule Durante la sesi\u00f3n solemne por la conmemoraci\u00f3n de los 64 a\u00f1os de parroquializaci\u00f3n de Daule, se entreg\u00f3 un reconocimiento a la alcaldesa Yuri Colorado M\u00e1rquez por su destacada labor, compromiso social y valioso aporte al fortalecimiento&#8230;<\/p>\n","protected":false},"author":4,"featured_media":18981,"comment_status":"closed","ping_status":"open","sticky":false,"template":"","format":"standard","meta":{"footnotes":""},"categories":[35],"tags":[],"class_list":["post-18980","post","type-post","status-publish","format-standard","has-post-thumbnail","hentry","category-actividades"],"_links":{"self":[{"href":"https:\/\/gadmuisne.gob.ec\/web\/wp-json\/wp\/v2\/posts\/18980","targetHints":{"allow":["GET"]}}],"collection":[{"href":"https:\/\/gadmuisne.gob.ec\/web\/wp-json\/wp\/v2\/posts"}],"about":[{"href":"https:\/\/gadmuisne.gob.ec\/web\/wp-json\/wp\/v2\/types\/post"}],"author":[{"embeddable":true,"href":"https:\/\/gadmuisne.gob.ec\/web\/wp-json\/wp\/v2\/users\/4"}],"replies":[{"embeddable":true,"href":"https:\/\/gadmuisne.gob.ec\/web\/wp-json\/wp\/v2\/comments?post=18980"}],"version-history":[{"count":1,"href":"https:\/\/gadmuisne.gob.ec\/web\/wp-json\/wp\/v2\/posts\/18980\/revisions"}],"predecessor-version":[{"id":18982,"href":"https:\/\/gadmuisne.gob.ec\/web\/wp-json\/wp\/v2\/posts\/18980\/revisions\/18982"}],"wp:featuredmedia":[{"embeddable":true,"href":"https:\/\/gadmuisne.gob.ec\/web\/wp-json\/wp\/v2\/media\/18981"}],"wp:attachment":[{"href":"https:\/\/gadmuisne.gob.ec\/web\/wp-json\/wp\/v2\/media?parent=18980"}],"wp:term":[{"taxonomy":"category","embeddable":true,"href":"https:\/\/gadmuisne.gob.ec\/web\/wp-json\/wp\/v2\/categories?post=18980"},{"taxonomy":"post_tag","embeddable":true,"href":"https:\/\/gadmuisne.gob.ec\/web\/wp-json\/wp\/v2\/tags?post=18980"}],"curies":[{"name":"wp","href":"https:\/\/api.w.org\/{rel}","templated":true}]}}