{"id":19004,"date":"2026-01-12T09:35:46","date_gmt":"2026-01-12T14:35:46","guid":{"rendered":"https:\/\/gadmuisne.gob.ec\/web\/?p=19004"},"modified":"2026-01-20T09:37:11","modified_gmt":"2026-01-20T14:37:11","slug":"inicia-la-matricula-vehicular-2026-en-muisne","status":"publish","type":"post","link":"https:\/\/gadmuisne.gob.ec\/web\/inicia-la-matricula-vehicular-2026-en-muisne\/","title":{"rendered":"\u00a1Inicia la Matr\u00edcula Vehicular 2026 en Muisne!"},"content":{"rendered":"<div class=\"xdj266r x14z9mp xat24cr x1lziwak x1vvkbs x126k92a\">\n<div dir=\"auto\" style=\"text-align: justify;\">\u00a1Inicia la Matr\u00edcula Vehicular 2026 en Muisne!<\/div>\n<\/div>\n<div class=\"x14z9mp xat24cr x1lziwak x1vvkbs xtlvy1s x126k92a\">\n<div dir=\"auto\" style=\"text-align: justify;\">Hasta el 31 de enero de 2026, la AMTM inicia el proceso de matriculaci\u00f3n vehicular para todos los d\u00edgitos y rezagados 2025.<\/div>\n<div dir=\"auto\" style=\"text-align: justify;\"><span class=\"html-span xexx8yu xyri2b x18d9i69 x1c1uobl x1hl2dhg x16tdsg8 x1vvkbs x3nfvp2 x1j61x8r x1fcty0u xdj266r xat24cr xm2jcoa x1mpyi22 xxymvpz xlup9mm x1kky2od\"><img loading=\"lazy\" decoding=\"async\" class=\"xz74otr x15mokao x1ga7v0g x16uus16 xbiv7yw\" src=\"https:\/\/static.xx.fbcdn.net\/images\/emoji.php\/v9\/t2d\/1\/16\/1f4cd.png\" alt=\"\ud83d\udccd\" width=\"16\" height=\"16\" \/><\/span> Atenci\u00f3n de 08h00 a 17h00.<\/div>\n<div dir=\"auto\" style=\"text-align: justify;\">Cumple a tiempo con tus requisitos y circula seguro.<\/div>\n<div dir=\"auto\"><img loading=\"lazy\" decoding=\"async\" class=\"alignnone size-medium wp-image-19005\" src=\"https:\/\/gadmuisne.gob.ec\/web\/wp-content\/uploads\/2026\/01\/615235022_807462562351298_5177525232574776332_n-240x300.jpg\" alt=\"\" width=\"240\" height=\"300\" srcset=\"https:\/\/gadmuisne.gob.ec\/web\/wp-content\/uploads\/2026\/01\/615235022_807462562351298_5177525232574776332_n-240x300.jpg 240w, https:\/\/gadmuisne.gob.ec\/web\/wp-content\/uploads\/2026\/01\/615235022_807462562351298_5177525232574776332_n-819x1024.jpg 819w, https:\/\/gadmuisne.gob.ec\/web\/wp-content\/uploads\/2026\/01\/615235022_807462562351298_5177525232574776332_n-768x960.jpg 768w, https:\/\/gadmuisne.gob.ec\/web\/wp-content\/uploads\/2026\/01\/615235022_807462562351298_5177525232574776332_n-1229x1536.jpg 1229w, https:\/\/gadmuisne.gob.ec\/web\/wp-content\/uploads\/2026\/01\/615235022_807462562351298_5177525232574776332_n-270x338.jpg 270w, https:\/\/gadmuisne.gob.ec\/web\/wp-content\/uploads\/2026\/01\/615235022_807462562351298_5177525232574776332_n-370x463.jpg 370w, https:\/\/gadmuisne.gob.ec\/web\/wp-content\/uploads\/2026\/01\/615235022_807462562351298_5177525232574776332_n-570x713.jpg 570w, https:\/\/gadmuisne.gob.ec\/web\/wp-content\/uploads\/2026\/01\/615235022_807462562351298_5177525232574776332_n-770x963.jpg 770w, https:\/\/gadmuisne.gob.ec\/web\/wp-content\/uploads\/2026\/01\/615235022_807462562351298_5177525232574776332_n-870x1088.jpg 870w, https:\/\/gadmuisne.gob.ec\/web\/wp-content\/uploads\/2026\/01\/615235022_807462562351298_5177525232574776332_n-1170x1463.jpg 1170w, https:\/\/gadmuisne.gob.ec\/web\/wp-content\/uploads\/2026\/01\/615235022_807462562351298_5177525232574776332_n-1570x1963.jpg 1570w, https:\/\/gadmuisne.gob.ec\/web\/wp-content\/uploads\/2026\/01\/615235022_807462562351298_5177525232574776332_n.jpg 1638w\" sizes=\"auto, (max-width: 240px) 100vw, 240px\" \/><img loading=\"lazy\" decoding=\"async\" class=\"alignnone size-medium wp-image-19006\" src=\"https:\/\/gadmuisne.gob.ec\/web\/wp-content\/uploads\/2026\/01\/615338924_807462559017965_6333330675889704758_n-240x300.jpg\" alt=\"\" width=\"240\" height=\"300\" srcset=\"https:\/\/gadmuisne.gob.ec\/web\/wp-content\/uploads\/2026\/01\/615338924_807462559017965_6333330675889704758_n-240x300.jpg 240w, https:\/\/gadmuisne.gob.ec\/web\/wp-content\/uploads\/2026\/01\/615338924_807462559017965_6333330675889704758_n-819x1024.jpg 819w, https:\/\/gadmuisne.gob.ec\/web\/wp-content\/uploads\/2026\/01\/615338924_807462559017965_6333330675889704758_n-768x960.jpg 768w, https:\/\/gadmuisne.gob.ec\/web\/wp-content\/uploads\/2026\/01\/615338924_807462559017965_6333330675889704758_n-1229x1536.jpg 1229w, https:\/\/gadmuisne.gob.ec\/web\/wp-content\/uploads\/2026\/01\/615338924_807462559017965_6333330675889704758_n-270x338.jpg 270w, https:\/\/gadmuisne.gob.ec\/web\/wp-content\/uploads\/2026\/01\/615338924_807462559017965_6333330675889704758_n-370x463.jpg 370w, https:\/\/gadmuisne.gob.ec\/web\/wp-content\/uploads\/2026\/01\/615338924_807462559017965_6333330675889704758_n-570x713.jpg 570w, https:\/\/gadmuisne.gob.ec\/web\/wp-content\/uploads\/2026\/01\/615338924_807462559017965_6333330675889704758_n-770x963.jpg 770w, https:\/\/gadmuisne.gob.ec\/web\/wp-content\/uploads\/2026\/01\/615338924_807462559017965_6333330675889704758_n-870x1088.jpg 870w, https:\/\/gadmuisne.gob.ec\/web\/wp-content\/uploads\/2026\/01\/615338924_807462559017965_6333330675889704758_n-1170x1463.jpg 1170w, https:\/\/gadmuisne.gob.ec\/web\/wp-content\/uploads\/2026\/01\/615338924_807462559017965_6333330675889704758_n-1570x1963.jpg 1570w, https:\/\/gadmuisne.gob.ec\/web\/wp-content\/uploads\/2026\/01\/615338924_807462559017965_6333330675889704758_n.jpg 1638w\" sizes=\"auto, (max-width: 240px) 100vw, 240px\" \/><\/div>\n<\/div>\n","protected":false},"excerpt":{"rendered":"<p>\u00a1Inicia la Matr\u00edcula Vehicular 2026 en Muisne! Hasta el 31 de enero de 2026, la AMTM inicia el proceso de matriculaci\u00f3n vehicular para todos los d\u00edgitos y rezagados 2025. Atenci\u00f3n de 08h00 a 17h00. Cumple a tiempo con tus requisitos y circula seguro.<\/p>\n","protected":false},"author":4,"featured_media":19005,"comment_status":"closed","ping_status":"open","sticky":false,"template":"","format":"standard","meta":{"footnotes":""},"categories":[35],"tags":[],"class_list":["post-19004","post","type-post","status-publish","format-standard","has-post-thumbnail","hentry","category-actividades"],"_links":{"self":[{"href":"https:\/\/gadmuisne.gob.ec\/web\/wp-json\/wp\/v2\/posts\/19004","targetHints":{"allow":["GET"]}}],"collection":[{"href":"https:\/\/gadmuisne.gob.ec\/web\/wp-json\/wp\/v2\/posts"}],"about":[{"href":"https:\/\/gadmuisne.gob.ec\/web\/wp-json\/wp\/v2\/types\/post"}],"author":[{"embeddable":true,"href":"https:\/\/gadmuisne.gob.ec\/web\/wp-json\/wp\/v2\/users\/4"}],"replies":[{"embeddable":true,"href":"https:\/\/gadmuisne.gob.ec\/web\/wp-json\/wp\/v2\/comments?post=19004"}],"version-history":[{"count":1,"href":"https:\/\/gadmuisne.gob.ec\/web\/wp-json\/wp\/v2\/posts\/19004\/revisions"}],"predecessor-version":[{"id":19007,"href":"https:\/\/gadmuisne.gob.ec\/web\/wp-json\/wp\/v2\/posts\/19004\/revisions\/19007"}],"wp:featuredmedia":[{"embeddable":true,"href":"https:\/\/gadmuisne.gob.ec\/web\/wp-json\/wp\/v2\/media\/19005"}],"wp:attachment":[{"href":"https:\/\/gadmuisne.gob.ec\/web\/wp-json\/wp\/v2\/media?parent=19004"}],"wp:term":[{"taxonomy":"category","embeddable":true,"href":"https:\/\/gadmuisne.gob.ec\/web\/wp-json\/wp\/v2\/categories?post=19004"},{"taxonomy":"post_tag","embeddable":true,"href":"https:\/\/gadmuisne.gob.ec\/web\/wp-json\/wp\/v2\/tags?post=19004"}],"curies":[{"name":"wp","href":"https:\/\/api.w.org\/{rel}","templated":true}]}}