{"id":19122,"date":"2026-01-17T11:24:47","date_gmt":"2026-01-17T16:24:47","guid":{"rendered":"https:\/\/gadmuisne.gob.ec\/web\/?p=19122"},"modified":"2026-01-20T11:28:02","modified_gmt":"2026-01-20T16:28:02","slug":"la-parroquia-salima-eligio-a-su-nueva-reina-quien-sera-la-representante-de-la-belleza-de-esta-importante-parroquia-del-canton","status":"publish","type":"post","link":"https:\/\/gadmuisne.gob.ec\/web\/la-parroquia-salima-eligio-a-su-nueva-reina-quien-sera-la-representante-de-la-belleza-de-esta-importante-parroquia-del-canton\/","title":{"rendered":"La parroquia S\u00e1lima eligi\u00f3 a su nueva reina, quien ser\u00e1 la representante de la belleza de esta importante parroquia del cant\u00f3n."},"content":{"rendered":"<div class=\"xdj266r x14z9mp xat24cr x1lziwak x1vvkbs x126k92a\">\n<div dir=\"auto\" style=\"text-align: justify;\">La parroquia S\u00e1lima eligi\u00f3 a su nueva reina, quien ser\u00e1 la representante de la belleza de esta importante parroquia del cant\u00f3n. Cuatro hermosas se\u00f1oritas se disputaron la corona, resultando electa la se\u00f1orita Jakeline Bravo Baltan, en el marco de las festividades por los 64 a\u00f1os de parroquializaci\u00f3n.<\/div>\n<div dir=\"auto\"><\/div>\n<\/div>\n<div class=\"x14z9mp xat24cr x1lziwak x1vvkbs xtlvy1s x126k92a\">\n<div dir=\"auto\" style=\"text-align: justify;\">Desde la Alcald\u00eda de Muisne felicitamos a la nueva soberana y reafirmamos nuestro compromiso de continuar trabajando por el desarrollo y bienestar de las diferentes comunidades de la parroquia S\u00e1lima.<\/div>\n<div dir=\"auto\"><img loading=\"lazy\" decoding=\"async\" class=\"alignnone size-medium wp-image-19123\" src=\"https:\/\/gadmuisne.gob.ec\/web\/wp-content\/uploads\/2026\/01\/616809238_811390188625202_3235213684127705947_n-169x300.jpg\" alt=\"\" width=\"169\" height=\"300\" srcset=\"https:\/\/gadmuisne.gob.ec\/web\/wp-content\/uploads\/2026\/01\/616809238_811390188625202_3235213684127705947_n-169x300.jpg 169w, https:\/\/gadmuisne.gob.ec\/web\/wp-content\/uploads\/2026\/01\/616809238_811390188625202_3235213684127705947_n-576x1024.jpg 576w, https:\/\/gadmuisne.gob.ec\/web\/wp-content\/uploads\/2026\/01\/616809238_811390188625202_3235213684127705947_n-768x1365.jpg 768w, https:\/\/gadmuisne.gob.ec\/web\/wp-content\/uploads\/2026\/01\/616809238_811390188625202_3235213684127705947_n-864x1536.jpg 864w, https:\/\/gadmuisne.gob.ec\/web\/wp-content\/uploads\/2026\/01\/616809238_811390188625202_3235213684127705947_n-270x480.jpg 270w, https:\/\/gadmuisne.gob.ec\/web\/wp-content\/uploads\/2026\/01\/616809238_811390188625202_3235213684127705947_n-370x658.jpg 370w, https:\/\/gadmuisne.gob.ec\/web\/wp-content\/uploads\/2026\/01\/616809238_811390188625202_3235213684127705947_n-570x1013.jpg 570w, https:\/\/gadmuisne.gob.ec\/web\/wp-content\/uploads\/2026\/01\/616809238_811390188625202_3235213684127705947_n-770x1369.jpg 770w, https:\/\/gadmuisne.gob.ec\/web\/wp-content\/uploads\/2026\/01\/616809238_811390188625202_3235213684127705947_n-870x1547.jpg 870w, https:\/\/gadmuisne.gob.ec\/web\/wp-content\/uploads\/2026\/01\/616809238_811390188625202_3235213684127705947_n.jpg 1152w\" sizes=\"auto, (max-width: 169px) 100vw, 169px\" \/><img loading=\"lazy\" decoding=\"async\" class=\"alignnone size-medium wp-image-19124\" src=\"https:\/\/gadmuisne.gob.ec\/web\/wp-content\/uploads\/2026\/01\/616825887_811390208625200_3921388781754937314_n-169x300.jpg\" alt=\"\" width=\"169\" height=\"300\" srcset=\"https:\/\/gadmuisne.gob.ec\/web\/wp-content\/uploads\/2026\/01\/616825887_811390208625200_3921388781754937314_n-169x300.jpg 169w, https:\/\/gadmuisne.gob.ec\/web\/wp-content\/uploads\/2026\/01\/616825887_811390208625200_3921388781754937314_n-576x1024.jpg 576w, https:\/\/gadmuisne.gob.ec\/web\/wp-content\/uploads\/2026\/01\/616825887_811390208625200_3921388781754937314_n-270x480.jpg 270w, https:\/\/gadmuisne.gob.ec\/web\/wp-content\/uploads\/2026\/01\/616825887_811390208625200_3921388781754937314_n-370x658.jpg 370w, https:\/\/gadmuisne.gob.ec\/web\/wp-content\/uploads\/2026\/01\/616825887_811390208625200_3921388781754937314_n-570x1013.jpg 570w, https:\/\/gadmuisne.gob.ec\/web\/wp-content\/uploads\/2026\/01\/616825887_811390208625200_3921388781754937314_n.jpg 720w\" sizes=\"auto, (max-width: 169px) 100vw, 169px\" \/><img loading=\"lazy\" decoding=\"async\" class=\"alignnone size-medium wp-image-19125\" src=\"https:\/\/gadmuisne.gob.ec\/web\/wp-content\/uploads\/2026\/01\/616850502_811390291958525_7647443445465471197_n-300x169.jpg\" alt=\"\" width=\"300\" height=\"169\" srcset=\"https:\/\/gadmuisne.gob.ec\/web\/wp-content\/uploads\/2026\/01\/616850502_811390291958525_7647443445465471197_n-300x169.jpg 300w, https:\/\/gadmuisne.gob.ec\/web\/wp-content\/uploads\/2026\/01\/616850502_811390291958525_7647443445465471197_n-1024x576.jpg 1024w, https:\/\/gadmuisne.gob.ec\/web\/wp-content\/uploads\/2026\/01\/616850502_811390291958525_7647443445465471197_n-768x432.jpg 768w, https:\/\/gadmuisne.gob.ec\/web\/wp-content\/uploads\/2026\/01\/616850502_811390291958525_7647443445465471197_n-1536x864.jpg 1536w, https:\/\/gadmuisne.gob.ec\/web\/wp-content\/uploads\/2026\/01\/616850502_811390291958525_7647443445465471197_n-270x152.jpg 270w, https:\/\/gadmuisne.gob.ec\/web\/wp-content\/uploads\/2026\/01\/616850502_811390291958525_7647443445465471197_n-370x208.jpg 370w, https:\/\/gadmuisne.gob.ec\/web\/wp-content\/uploads\/2026\/01\/616850502_811390291958525_7647443445465471197_n-570x320.jpg 570w, https:\/\/gadmuisne.gob.ec\/web\/wp-content\/uploads\/2026\/01\/616850502_811390291958525_7647443445465471197_n-770x433.jpg 770w, https:\/\/gadmuisne.gob.ec\/web\/wp-content\/uploads\/2026\/01\/616850502_811390291958525_7647443445465471197_n-870x489.jpg 870w, https:\/\/gadmuisne.gob.ec\/web\/wp-content\/uploads\/2026\/01\/616850502_811390291958525_7647443445465471197_n-1170x658.jpg 1170w, https:\/\/gadmuisne.gob.ec\/web\/wp-content\/uploads\/2026\/01\/616850502_811390291958525_7647443445465471197_n-1570x883.jpg 1570w, https:\/\/gadmuisne.gob.ec\/web\/wp-content\/uploads\/2026\/01\/616850502_811390291958525_7647443445465471197_n.jpg 1599w\" sizes=\"auto, (max-width: 300px) 100vw, 300px\" \/><\/div>\n<\/div>\n","protected":false},"excerpt":{"rendered":"<p>La parroquia S\u00e1lima eligi\u00f3 a su nueva reina, quien ser\u00e1 la representante de la belleza de esta importante parroquia del cant\u00f3n. Cuatro hermosas se\u00f1oritas se disputaron la corona, resultando electa la se\u00f1orita Jakeline Bravo Baltan, en el marco de las festividades por los 64 a\u00f1os de parroquializaci\u00f3n. Desde la Alcald\u00eda&#8230;<\/p>\n","protected":false},"author":4,"featured_media":19123,"comment_status":"closed","ping_status":"open","sticky":false,"template":"","format":"standard","meta":{"footnotes":""},"categories":[35],"tags":[],"class_list":["post-19122","post","type-post","status-publish","format-standard","has-post-thumbnail","hentry","category-actividades"],"_links":{"self":[{"href":"https:\/\/gadmuisne.gob.ec\/web\/wp-json\/wp\/v2\/posts\/19122","targetHints":{"allow":["GET"]}}],"collection":[{"href":"https:\/\/gadmuisne.gob.ec\/web\/wp-json\/wp\/v2\/posts"}],"about":[{"href":"https:\/\/gadmuisne.gob.ec\/web\/wp-json\/wp\/v2\/types\/post"}],"author":[{"embeddable":true,"href":"https:\/\/gadmuisne.gob.ec\/web\/wp-json\/wp\/v2\/users\/4"}],"replies":[{"embeddable":true,"href":"https:\/\/gadmuisne.gob.ec\/web\/wp-json\/wp\/v2\/comments?post=19122"}],"version-history":[{"count":1,"href":"https:\/\/gadmuisne.gob.ec\/web\/wp-json\/wp\/v2\/posts\/19122\/revisions"}],"predecessor-version":[{"id":19126,"href":"https:\/\/gadmuisne.gob.ec\/web\/wp-json\/wp\/v2\/posts\/19122\/revisions\/19126"}],"wp:featuredmedia":[{"embeddable":true,"href":"https:\/\/gadmuisne.gob.ec\/web\/wp-json\/wp\/v2\/media\/19123"}],"wp:attachment":[{"href":"https:\/\/gadmuisne.gob.ec\/web\/wp-json\/wp\/v2\/media?parent=19122"}],"wp:term":[{"taxonomy":"category","embeddable":true,"href":"https:\/\/gadmuisne.gob.ec\/web\/wp-json\/wp\/v2\/categories?post=19122"},{"taxonomy":"post_tag","embeddable":true,"href":"https:\/\/gadmuisne.gob.ec\/web\/wp-json\/wp\/v2\/tags?post=19122"}],"curies":[{"name":"wp","href":"https:\/\/api.w.org\/{rel}","templated":true}]}}