{"id":19149,"date":"2026-01-18T11:38:45","date_gmt":"2026-01-18T16:38:45","guid":{"rendered":"https:\/\/gadmuisne.gob.ec\/web\/?p=19149"},"modified":"2026-01-20T11:42:09","modified_gmt":"2026-01-20T16:42:09","slug":"durante-la-sesion-solemne-conmemorativa-por-los-64-anos-de-parroquializacion-de-salima-el-vicealcalde-del-canton-muisne-alex-gaybor-en-representacion-de-la-alcaldesa-yuri-colorado-marquez-firmo-el","status":"publish","type":"post","link":"https:\/\/gadmuisne.gob.ec\/web\/durante-la-sesion-solemne-conmemorativa-por-los-64-anos-de-parroquializacion-de-salima-el-vicealcalde-del-canton-muisne-alex-gaybor-en-representacion-de-la-alcaldesa-yuri-colorado-marquez-firmo-el\/","title":{"rendered":"Durante la Sesi\u00f3n Solemne Conmemorativa por los 64 a\u00f1os de parroquializaci\u00f3n de S\u00e1lima, el vicealcalde del cant\u00f3n Muisne, Alex Gaybor en representaci\u00f3n de la alcaldesa, Yuri Colorado M\u00e1rquez, firm\u00f3 el compromiso para un convenio tripartito entre la Alcald\u00eda, el Ministerio de Educaci\u00f3n y el GAD Parroquial de S\u00e1lima, enfocado en la construcci\u00f3n de la cancha de la Unidad Educativa Manab\u00ed."},"content":{"rendered":"<div class=\"xdj266r x14z9mp xat24cr x1lziwak x1vvkbs x126k92a\">\n<div dir=\"auto\" style=\"text-align: justify;\">Durante la Sesi\u00f3n Solemne Conmemorativa por los 64 a\u00f1os de parroquializaci\u00f3n de S\u00e1lima, el vicealcalde del cant\u00f3n Muisne, Alex Gaybor en representaci\u00f3n de la alcaldesa, Yuri Colorado M\u00e1rquez, firm\u00f3 el compromiso para un convenio tripartito entre la Alcald\u00eda, el Ministerio de Educaci\u00f3n y el GAD Parroquial de S\u00e1lima, enfocado en la construcci\u00f3n de la cancha de la Unidad Educativa Manab\u00ed.<\/div>\n<div dir=\"auto\"><\/div>\n<\/div>\n<div class=\"x14z9mp xat24cr x1lziwak x1vvkbs xtlvy1s x126k92a\">\n<div dir=\"auto\" style=\"text-align: justify;\">\u00a0La Alcald\u00eda de Muisne reafirma su respaldo al presidente parroquial Nery Escobar Rosales y a toda la comunidad salime\u00f1a, fortaleciendo la educaci\u00f3n y desarrollo de nuestras parroquias.<\/div>\n<div dir=\"auto\"><img loading=\"lazy\" decoding=\"async\" class=\"alignnone size-medium wp-image-19150\" src=\"https:\/\/gadmuisne.gob.ec\/web\/wp-content\/uploads\/2026\/01\/615821386_812180831879471_4942784794304087424_n-300x169.jpg\" alt=\"\" width=\"300\" height=\"169\" srcset=\"https:\/\/gadmuisne.gob.ec\/web\/wp-content\/uploads\/2026\/01\/615821386_812180831879471_4942784794304087424_n-300x169.jpg 300w, https:\/\/gadmuisne.gob.ec\/web\/wp-content\/uploads\/2026\/01\/615821386_812180831879471_4942784794304087424_n-1024x576.jpg 1024w, https:\/\/gadmuisne.gob.ec\/web\/wp-content\/uploads\/2026\/01\/615821386_812180831879471_4942784794304087424_n-768x432.jpg 768w, https:\/\/gadmuisne.gob.ec\/web\/wp-content\/uploads\/2026\/01\/615821386_812180831879471_4942784794304087424_n-270x152.jpg 270w, https:\/\/gadmuisne.gob.ec\/web\/wp-content\/uploads\/2026\/01\/615821386_812180831879471_4942784794304087424_n-370x208.jpg 370w, https:\/\/gadmuisne.gob.ec\/web\/wp-content\/uploads\/2026\/01\/615821386_812180831879471_4942784794304087424_n-570x321.jpg 570w, https:\/\/gadmuisne.gob.ec\/web\/wp-content\/uploads\/2026\/01\/615821386_812180831879471_4942784794304087424_n-770x433.jpg 770w, https:\/\/gadmuisne.gob.ec\/web\/wp-content\/uploads\/2026\/01\/615821386_812180831879471_4942784794304087424_n-870x489.jpg 870w, https:\/\/gadmuisne.gob.ec\/web\/wp-content\/uploads\/2026\/01\/615821386_812180831879471_4942784794304087424_n-1170x658.jpg 1170w, https:\/\/gadmuisne.gob.ec\/web\/wp-content\/uploads\/2026\/01\/615821386_812180831879471_4942784794304087424_n.jpg 1280w\" sizes=\"auto, (max-width: 300px) 100vw, 300px\" \/><img loading=\"lazy\" decoding=\"async\" class=\"alignnone size-medium wp-image-19151\" src=\"https:\/\/gadmuisne.gob.ec\/web\/wp-content\/uploads\/2026\/01\/615867004_812180818546139_5935854397415937640_n-300x169.jpg\" alt=\"\" width=\"300\" height=\"169\" srcset=\"https:\/\/gadmuisne.gob.ec\/web\/wp-content\/uploads\/2026\/01\/615867004_812180818546139_5935854397415937640_n-300x169.jpg 300w, https:\/\/gadmuisne.gob.ec\/web\/wp-content\/uploads\/2026\/01\/615867004_812180818546139_5935854397415937640_n-1024x576.jpg 1024w, https:\/\/gadmuisne.gob.ec\/web\/wp-content\/uploads\/2026\/01\/615867004_812180818546139_5935854397415937640_n-768x432.jpg 768w, https:\/\/gadmuisne.gob.ec\/web\/wp-content\/uploads\/2026\/01\/615867004_812180818546139_5935854397415937640_n-270x152.jpg 270w, https:\/\/gadmuisne.gob.ec\/web\/wp-content\/uploads\/2026\/01\/615867004_812180818546139_5935854397415937640_n-370x208.jpg 370w, https:\/\/gadmuisne.gob.ec\/web\/wp-content\/uploads\/2026\/01\/615867004_812180818546139_5935854397415937640_n-570x321.jpg 570w, https:\/\/gadmuisne.gob.ec\/web\/wp-content\/uploads\/2026\/01\/615867004_812180818546139_5935854397415937640_n-770x433.jpg 770w, https:\/\/gadmuisne.gob.ec\/web\/wp-content\/uploads\/2026\/01\/615867004_812180818546139_5935854397415937640_n-870x489.jpg 870w, https:\/\/gadmuisne.gob.ec\/web\/wp-content\/uploads\/2026\/01\/615867004_812180818546139_5935854397415937640_n-1170x658.jpg 1170w, https:\/\/gadmuisne.gob.ec\/web\/wp-content\/uploads\/2026\/01\/615867004_812180818546139_5935854397415937640_n.jpg 1280w\" sizes=\"auto, (max-width: 300px) 100vw, 300px\" \/><img loading=\"lazy\" decoding=\"async\" class=\"alignnone size-medium wp-image-19152\" src=\"https:\/\/gadmuisne.gob.ec\/web\/wp-content\/uploads\/2026\/01\/616820306_812180868546134_401201599256546411_n-300x169.jpg\" alt=\"\" width=\"300\" height=\"169\" srcset=\"https:\/\/gadmuisne.gob.ec\/web\/wp-content\/uploads\/2026\/01\/616820306_812180868546134_401201599256546411_n-300x169.jpg 300w, https:\/\/gadmuisne.gob.ec\/web\/wp-content\/uploads\/2026\/01\/616820306_812180868546134_401201599256546411_n-1024x576.jpg 1024w, https:\/\/gadmuisne.gob.ec\/web\/wp-content\/uploads\/2026\/01\/616820306_812180868546134_401201599256546411_n-768x432.jpg 768w, https:\/\/gadmuisne.gob.ec\/web\/wp-content\/uploads\/2026\/01\/616820306_812180868546134_401201599256546411_n-270x152.jpg 270w, https:\/\/gadmuisne.gob.ec\/web\/wp-content\/uploads\/2026\/01\/616820306_812180868546134_401201599256546411_n-370x208.jpg 370w, https:\/\/gadmuisne.gob.ec\/web\/wp-content\/uploads\/2026\/01\/616820306_812180868546134_401201599256546411_n-570x321.jpg 570w, https:\/\/gadmuisne.gob.ec\/web\/wp-content\/uploads\/2026\/01\/616820306_812180868546134_401201599256546411_n-770x433.jpg 770w, https:\/\/gadmuisne.gob.ec\/web\/wp-content\/uploads\/2026\/01\/616820306_812180868546134_401201599256546411_n-870x489.jpg 870w, https:\/\/gadmuisne.gob.ec\/web\/wp-content\/uploads\/2026\/01\/616820306_812180868546134_401201599256546411_n-1170x658.jpg 1170w, https:\/\/gadmuisne.gob.ec\/web\/wp-content\/uploads\/2026\/01\/616820306_812180868546134_401201599256546411_n.jpg 1280w\" sizes=\"auto, (max-width: 300px) 100vw, 300px\" \/><img loading=\"lazy\" decoding=\"async\" class=\"alignnone size-medium wp-image-19153\" src=\"https:\/\/gadmuisne.gob.ec\/web\/wp-content\/uploads\/2026\/01\/616831269_812180845212803_7583655929908403384_n-300x169.jpg\" alt=\"\" width=\"300\" height=\"169\" srcset=\"https:\/\/gadmuisne.gob.ec\/web\/wp-content\/uploads\/2026\/01\/616831269_812180845212803_7583655929908403384_n-300x169.jpg 300w, https:\/\/gadmuisne.gob.ec\/web\/wp-content\/uploads\/2026\/01\/616831269_812180845212803_7583655929908403384_n-1024x576.jpg 1024w, https:\/\/gadmuisne.gob.ec\/web\/wp-content\/uploads\/2026\/01\/616831269_812180845212803_7583655929908403384_n-768x432.jpg 768w, https:\/\/gadmuisne.gob.ec\/web\/wp-content\/uploads\/2026\/01\/616831269_812180845212803_7583655929908403384_n-270x152.jpg 270w, https:\/\/gadmuisne.gob.ec\/web\/wp-content\/uploads\/2026\/01\/616831269_812180845212803_7583655929908403384_n-370x208.jpg 370w, https:\/\/gadmuisne.gob.ec\/web\/wp-content\/uploads\/2026\/01\/616831269_812180845212803_7583655929908403384_n-570x321.jpg 570w, https:\/\/gadmuisne.gob.ec\/web\/wp-content\/uploads\/2026\/01\/616831269_812180845212803_7583655929908403384_n-770x433.jpg 770w, https:\/\/gadmuisne.gob.ec\/web\/wp-content\/uploads\/2026\/01\/616831269_812180845212803_7583655929908403384_n-870x489.jpg 870w, https:\/\/gadmuisne.gob.ec\/web\/wp-content\/uploads\/2026\/01\/616831269_812180845212803_7583655929908403384_n-1170x658.jpg 1170w, https:\/\/gadmuisne.gob.ec\/web\/wp-content\/uploads\/2026\/01\/616831269_812180845212803_7583655929908403384_n.jpg 1280w\" sizes=\"auto, (max-width: 300px) 100vw, 300px\" \/><\/div>\n<\/div>\n","protected":false},"excerpt":{"rendered":"<p>Durante la Sesi\u00f3n Solemne Conmemorativa por los 64 a\u00f1os de parroquializaci\u00f3n de S\u00e1lima, el vicealcalde del cant\u00f3n Muisne, Alex Gaybor en representaci\u00f3n de la alcaldesa, Yuri Colorado M\u00e1rquez, firm\u00f3 el compromiso para un convenio tripartito entre la Alcald\u00eda, el Ministerio de Educaci\u00f3n y el GAD Parroquial de S\u00e1lima, enfocado en&#8230;<\/p>\n","protected":false},"author":4,"featured_media":19151,"comment_status":"closed","ping_status":"open","sticky":false,"template":"","format":"standard","meta":{"footnotes":""},"categories":[35],"tags":[],"class_list":["post-19149","post","type-post","status-publish","format-standard","has-post-thumbnail","hentry","category-actividades"],"_links":{"self":[{"href":"https:\/\/gadmuisne.gob.ec\/web\/wp-json\/wp\/v2\/posts\/19149","targetHints":{"allow":["GET"]}}],"collection":[{"href":"https:\/\/gadmuisne.gob.ec\/web\/wp-json\/wp\/v2\/posts"}],"about":[{"href":"https:\/\/gadmuisne.gob.ec\/web\/wp-json\/wp\/v2\/types\/post"}],"author":[{"embeddable":true,"href":"https:\/\/gadmuisne.gob.ec\/web\/wp-json\/wp\/v2\/users\/4"}],"replies":[{"embeddable":true,"href":"https:\/\/gadmuisne.gob.ec\/web\/wp-json\/wp\/v2\/comments?post=19149"}],"version-history":[{"count":1,"href":"https:\/\/gadmuisne.gob.ec\/web\/wp-json\/wp\/v2\/posts\/19149\/revisions"}],"predecessor-version":[{"id":19154,"href":"https:\/\/gadmuisne.gob.ec\/web\/wp-json\/wp\/v2\/posts\/19149\/revisions\/19154"}],"wp:featuredmedia":[{"embeddable":true,"href":"https:\/\/gadmuisne.gob.ec\/web\/wp-json\/wp\/v2\/media\/19151"}],"wp:attachment":[{"href":"https:\/\/gadmuisne.gob.ec\/web\/wp-json\/wp\/v2\/media?parent=19149"}],"wp:term":[{"taxonomy":"category","embeddable":true,"href":"https:\/\/gadmuisne.gob.ec\/web\/wp-json\/wp\/v2\/categories?post=19149"},{"taxonomy":"post_tag","embeddable":true,"href":"https:\/\/gadmuisne.gob.ec\/web\/wp-json\/wp\/v2\/tags?post=19149"}],"curies":[{"name":"wp","href":"https:\/\/api.w.org\/{rel}","templated":true}]}}